{"id":9800,"date":"2024-09-26T17:40:32","date_gmt":"2024-09-26T15:40:32","guid":{"rendered":"https:\/\/agora.xtec.cat\/insjoandaustria\/?p=9800"},"modified":"2024-09-29T17:21:39","modified_gmt":"2024-09-29T15:21:39","slug":"informacio-sobre-la-vaga-del-dia-6-de-setembre-de-2023","status":"publish","type":"post","link":"https:\/\/agora.xtec.cat\/insjoandaustria\/general\/informacio-sobre-la-vaga-del-dia-6-de-setembre-de-2023\/","title":{"rendered":"Informaci\u00f3 sobre la vaga del dia 27 de setembre de 2024"},"content":{"rendered":"<p><b>Benvolgudes fam\u00edlies i alumnat del centre,<\/b><\/p>\n<p style=\"text-align: justify;\"><span style=\"font-weight: 400;\">Amb motiu de la convocat\u00f2ria de vaga presentada pels sindicats CGT i SO, representants de les persones treballadores a totes les treballadores i treballadors de tots el \u00e0mbits sectorials, p\u00fablics i privats, funcionaris i funcion\u00e0ries amb centres de treball a Catalunya, prevista pel dia <\/span><b>27 de setembre de 2024, <\/b><span style=\"font-weight: 400;\">l&#8217;ORDRE EMT\/212\/2023, de 04 de setembre del Departament d\u2019Empresa i Treball, per la qual es garanteixin els serveis essencials i es determinen els serveis m\u00ednims, indica:<\/span><\/p>\n<ol>\n<li><b>a) Servei educatius:\u00a0<\/b><\/li>\n<\/ol>\n<p><b>Una persona de l&#8217;equip directiu per cada centre. S&#8217;ent\u00e9n com a tal alguna de les persones seg\u00fcents: el\/la director\/a, el\/la coordinador\/a pedag\u00f2gic\/a, el\/la cap d&#8217;estudis o el\/la secretari\/\u00e0ria.\u00a0<\/b><\/p>\n<p><span style=\"font-weight: 400;\">En el cas de les llars d&#8217;infants, un membre del claustre.<\/span><b>\u00a0<\/b><\/p>\n<p><b>A m\u00e9s de les persona esmentades:\u00a0<\/b><\/p>\n<p><b>Per a l&#8217;ensenyament <\/b><span style=\"font-weight: 400;\">infantil, de prim\u00e0ria i<\/span><b> secund\u00e0ria (de 3 a 16 anys): un docent per cada 3 unitats o aules.\u00a0<\/b><\/p>\n<p><span style=\"font-weight: 400;\">Per a l&#8217;educaci\u00f3 especial (de 3 a 16 anys): 50% de les plantilles dels centres.\u00a0<\/span><\/p>\n<p><span style=\"font-weight: 400;\">Per a les llars d&#8217;infants: 50% de les plantilles.\u00a0<\/span><\/p>\n<p><span style=\"font-weight: 400;\">Per al complex educatiu de Tarragona: 50% del personal de menjador i cuina, una persona de manteniment per torn i manteniment del servei habitual en infermeria, vigil\u00e0ncia i el torn de nit dels tutors.<\/span><\/p>\n<p><b>Per tant, dem\u00e0 divendres 27 de setembre:<\/b><\/p>\n<ul>\n<li style=\"font-weight: 400;\" aria-level=\"1\"><span style=\"font-weight: 400;\">El centre <\/span><b>complir\u00e0 amb els serveis m\u00ednims<\/b><span style=\"font-weight: 400;\"> i, <\/span><b>romandr\u00e0 obert<\/b><span style=\"font-weight: 400;\"> amb, com a m\u00ednim, el personal indicat en el par\u00e0graf posterior.\u00a0<\/span><\/li>\n<li style=\"font-weight: 400;\" aria-level=\"1\"><span style=\"font-weight: 400;\">A l\u2019INS Joan d\u2019\u00c0ustria es garantiran els seg\u00fcents serveis m\u00ednims:<\/span>\n<ul>\n<li style=\"font-weight: 400;\" aria-level=\"2\"><b>per a l\u2019etapa d\u2019ESO:<\/b>\n<ul>\n<li style=\"font-weight: 400;\" aria-level=\"3\"><span style=\"font-weight: 400;\">Una persona de l\u2019equip directiu<\/span><\/li>\n<li style=\"font-weight: 400;\" aria-level=\"3\"><span style=\"font-weight: 400;\">Un m\u00ednim de 6 docents, donat que el nombre d\u2019unitats oficials assignades a aquesta etapa \u00e9s de 16 unitats.<\/span><\/li>\n<\/ul>\n<\/li>\n<li style=\"font-weight: 400;\" aria-level=\"2\"><b>per a l\u2019etapa de Batxillerat<\/b><span style=\"font-weight: 400;\">:<\/span>\n<ul>\n<li style=\"font-weight: 400;\" aria-level=\"3\"><span style=\"font-weight: 400;\">Una persona de l\u2019equip directiu<\/span><\/li>\n<\/ul>\n<\/li>\n<\/ul>\n<\/li>\n<\/ul>\n<p><b>Consideracions addicionals i molt importants:<\/b><\/p>\n<ul>\n<li style=\"font-weight: 400; text-align: justify;\" aria-level=\"1\"><b>L\u2019adhesi\u00f3, o no, del personal del centre (professorat i PAS) a les\u00a0 convocat\u00f2ries es realitza a t\u00edtol individual.<\/b><span style=\"font-weight: 400;\"> Per tant, <\/span><b>en aquests moments, no podem indicar-vos l\u2019abast de la repercussi\u00f3 a l&#8217;institut<\/b><span style=\"font-weight: 400;\">. Com ja sabeu <\/span><b>a una convocat\u00f2ria de vaga els treballadors poden decidir adherir-se fins a l\u2019\u00faltim moment, sense necessitat de comunicaci\u00f3 pr\u00e8via<\/b><span style=\"font-weight: 400;\"> a la direcci\u00f3.<\/span><\/li>\n<li style=\"font-weight: 400;\" aria-level=\"1\"><b>Si el seguiment de la vaga per part del professorat i del PAS\u00a0 del centre fos elevada<\/b><span style=\"font-weight: 400;\">, <\/span><b>no es podr\u00e0 garantir el desenvolupament de les activitats previstes per dem\u00e0 i l\u2019horari es podr\u00e0 veure afectat.<\/b><\/li>\n<\/ul>\n<p><span style=\"font-weight: 400;\">Salutacions cordials,<\/span><\/p>\n<p><span style=\"font-weight: 400;\">La Direcci\u00f3<\/span><\/p>\n","protected":false},"excerpt":{"rendered":"<p>Benvolgudes fam\u00edlies i alumnat del centre,<br \/>\nAmb motiu de la convocat\u00f2ria de vaga presentada pels sindicats CGT i SO, representants de les persones treballadores a totes les treballadores i treballadors de tots el \u00e0mbits sectorials, p\u00fablics i privats, funcionaris i funcion\u00e0ries amb centres de treball a&hellip;  <a href=\"https:\/\/agora.xtec.cat\/insjoandaustria\/general\/informacio-sobre-la-vaga-del-dia-6-de-setembre-de-2023\/\" title=\"Read Informaci\u00f3 sobre la vaga del dia 27 de setembre de 2024\">Llegeix m\u00e9s\u00bb<\/a><\/p>\n","protected":false},"author":29,"featured_media":0,"comment_status":"closed","ping_status":"closed","sticky":false,"template":"","format":"standard","meta":{"_bbp_topic_count":0,"_bbp_reply_count":0,"_bbp_total_topic_count":0,"_bbp_total_reply_count":0,"_bbp_voice_count":0,"_bbp_anonymous_reply_count":0,"_bbp_topic_count_hidden":0,"_bbp_reply_count_hidden":0,"_bbp_forum_subforum_count":0,"footnotes":""},"categories":[1],"tags":[],"class_list":["post-9800","post","type-post","status-publish","format-standard","hentry","category-general"],"post_mailing_queue_ids":[],"_links":{"self":[{"href":"https:\/\/agora.xtec.cat\/insjoandaustria\/wp-json\/wp\/v2\/posts\/9800","targetHints":{"allow":["GET"]}}],"collection":[{"href":"https:\/\/agora.xtec.cat\/insjoandaustria\/wp-json\/wp\/v2\/posts"}],"about":[{"href":"https:\/\/agora.xtec.cat\/insjoandaustria\/wp-json\/wp\/v2\/types\/post"}],"author":[{"embeddable":true,"href":"https:\/\/agora.xtec.cat\/insjoandaustria\/wp-json\/wp\/v2\/users\/29"}],"replies":[{"embeddable":true,"href":"https:\/\/agora.xtec.cat\/insjoandaustria\/wp-json\/wp\/v2\/comments?post=9800"}],"version-history":[{"count":4,"href":"https:\/\/agora.xtec.cat\/insjoandaustria\/wp-json\/wp\/v2\/posts\/9800\/revisions"}],"predecessor-version":[{"id":10920,"href":"https:\/\/agora.xtec.cat\/insjoandaustria\/wp-json\/wp\/v2\/posts\/9800\/revisions\/10920"}],"wp:attachment":[{"href":"https:\/\/agora.xtec.cat\/insjoandaustria\/wp-json\/wp\/v2\/media?parent=9800"}],"wp:term":[{"taxonomy":"category","embeddable":true,"href":"https:\/\/agora.xtec.cat\/insjoandaustria\/wp-json\/wp\/v2\/categories?post=9800"},{"taxonomy":"post_tag","embeddable":true,"href":"https:\/\/agora.xtec.cat\/insjoandaustria\/wp-json\/wp\/v2\/tags?post=9800"}],"curies":[{"name":"wp","href":"https:\/\/api.w.org\/{rel}","templated":true}]}}