{"id":9768,"date":"2023-06-18T18:00:41","date_gmt":"2023-06-18T16:00:41","guid":{"rendered":"https:\/\/agora.xtec.cat\/insjoandaustria\/?p=9768"},"modified":"2023-06-18T18:00:41","modified_gmt":"2023-06-18T16:00:41","slug":"musica-esport-i-accio","status":"publish","type":"post","link":"https:\/\/agora.xtec.cat\/insjoandaustria\/general\/musica-esport-i-accio\/","title":{"rendered":"M\u00fasica, esport&#8230;i acci\u00f3"},"content":{"rendered":"<p>El passat mes de maig l\u2019alumnat de primer d\u2019ESO va fer un petit projecte entre les mat\u00e8ries de M\u00fasica, Educaci\u00f3 f\u00edsica i Ci\u00e8ncies socials, per a treballar la cultura, la m\u00fasica i l&#8217;esport de l&#8217;Antiga Gr\u00e8cia. Durant el projecte ens han acompanyat els mites referits a aquests \u00e0mbits, com ara els d&#8217;Apol\u00b7lo, les Muses, Orfeu i Eur\u00eddice, Atalanta i les pomes d\u2019or, H\u00e8rcules i els seus dotze treballs, etc. Tamb\u00e9 s\u2019han vist els diferents jocs esportius que celebraven els grecs, igual com ho fem nosaltres. A m\u00e9s dels jocs Ol\u00edmpics tamb\u00e9 feien els jocs \u00cdstmics, P\u00edtics i Nemeus, tots relacionats amb alguns dels mites anomenats m\u00e9s amunt. A educaci\u00f3 f\u00edsica es van practicar diferents esports d\u2019estil grec i a m\u00fasica es van treballar els t\u00edpics instruments grecs, com l&#8217;Aulos, la Siringa o l&#8217;Arpa.<\/p>\n<p>Es va treballar tamb\u00e9 la relaci\u00f3 entre el m\u00f3n grec i el m\u00f3n \u00edber, i es va dur a terme una visita al jaciment arqueol\u00f2gic de Calafell, un poblat \u00edber fant\u00e0stic on l&#8217;alumnat va poder viure de primera m\u00e0 com escribien, com molien el gra, com es feien les monedes, com era la vestimenta, com feien els enterraments i, en definitiva,\u00a0 la seva forma de viure.<\/p>\n<p>Com a treball conjunt de les tres mat\u00e8ries, l\u2019alumnat va confeccionar unes \u00e0mfores gregues on es representen escenes esportives, musicals i alguns mites. Us deixem aqu\u00ed algunes imatges. Esperem que us agradin!!<\/p>\n<p><a href=\"https:\/\/agora.xtec.cat\/insjoandaustria\/wp-content\/uploads\/usu216\/2023\/06\/Diapositiva1.jpg\"><img loading=\"lazy\" decoding=\"async\" class=\"alignnone size-full wp-image-9769\" src=\"https:\/\/agora.xtec.cat\/insjoandaustria\/wp-content\/uploads\/usu216\/2023\/06\/Diapositiva1.jpg\" alt=\"\" width=\"960\" height=\"720\" srcset=\"https:\/\/agora.xtec.cat\/insjoandaustria\/wp-content\/uploads\/usu216\/2023\/06\/Diapositiva1.jpg 960w, https:\/\/agora.xtec.cat\/insjoandaustria\/wp-content\/uploads\/usu216\/2023\/06\/Diapositiva1-300x225.jpg 300w, https:\/\/agora.xtec.cat\/insjoandaustria\/wp-content\/uploads\/usu216\/2023\/06\/Diapositiva1-768x576.jpg 768w, https:\/\/agora.xtec.cat\/insjoandaustria\/wp-content\/uploads\/usu216\/2023\/06\/Diapositiva1-200x150.jpg 200w\" sizes=\"auto, (max-width: 960px) 100vw, 960px\" \/><\/a><\/p>\n","protected":false},"excerpt":{"rendered":"<p>El passat mes de maig l\u2019alumnat de primer d\u2019ESO va fer un petit projecte entre les mat\u00e8ries de M\u00fasica, Educaci\u00f3 f\u00edsica i Ci\u00e8ncies socials, per a treballar la cultura, la m\u00fasica i l&#8217;esport de l&#8217;Antiga Gr\u00e8cia. Durant el projecte ens han acompanyat els mites referits&hellip;  <a href=\"https:\/\/agora.xtec.cat\/insjoandaustria\/general\/musica-esport-i-accio\/\" title=\"Read M\u00fasica, esport&#8230;i acci\u00f3\">Llegeix m\u00e9s\u00bb<\/a><\/p>\n","protected":false},"author":430,"featured_media":9769,"comment_status":"closed","ping_status":"closed","sticky":false,"template":"","format":"standard","meta":{"_bbp_topic_count":0,"_bbp_reply_count":0,"_bbp_total_topic_count":0,"_bbp_total_reply_count":0,"_bbp_voice_count":0,"_bbp_anonymous_reply_count":0,"_bbp_topic_count_hidden":0,"_bbp_reply_count_hidden":0,"_bbp_forum_subforum_count":0,"footnotes":""},"categories":[3,4,1,29,70],"tags":[],"class_list":["post-9768","post","type-post","status-publish","format-standard","has-post-thumbnail","hentry","category-eso","category-eso-1","category-general","category-portada","category-projectes"],"post_mailing_queue_ids":[],"_links":{"self":[{"href":"https:\/\/agora.xtec.cat\/insjoandaustria\/wp-json\/wp\/v2\/posts\/9768","targetHints":{"allow":["GET"]}}],"collection":[{"href":"https:\/\/agora.xtec.cat\/insjoandaustria\/wp-json\/wp\/v2\/posts"}],"about":[{"href":"https:\/\/agora.xtec.cat\/insjoandaustria\/wp-json\/wp\/v2\/types\/post"}],"author":[{"embeddable":true,"href":"https:\/\/agora.xtec.cat\/insjoandaustria\/wp-json\/wp\/v2\/users\/430"}],"replies":[{"embeddable":true,"href":"https:\/\/agora.xtec.cat\/insjoandaustria\/wp-json\/wp\/v2\/comments?post=9768"}],"version-history":[{"count":1,"href":"https:\/\/agora.xtec.cat\/insjoandaustria\/wp-json\/wp\/v2\/posts\/9768\/revisions"}],"predecessor-version":[{"id":9770,"href":"https:\/\/agora.xtec.cat\/insjoandaustria\/wp-json\/wp\/v2\/posts\/9768\/revisions\/9770"}],"wp:featuredmedia":[{"embeddable":true,"href":"https:\/\/agora.xtec.cat\/insjoandaustria\/wp-json\/wp\/v2\/media\/9769"}],"wp:attachment":[{"href":"https:\/\/agora.xtec.cat\/insjoandaustria\/wp-json\/wp\/v2\/media?parent=9768"}],"wp:term":[{"taxonomy":"category","embeddable":true,"href":"https:\/\/agora.xtec.cat\/insjoandaustria\/wp-json\/wp\/v2\/categories?post=9768"},{"taxonomy":"post_tag","embeddable":true,"href":"https:\/\/agora.xtec.cat\/insjoandaustria\/wp-json\/wp\/v2\/tags?post=9768"}],"curies":[{"name":"wp","href":"https:\/\/api.w.org\/{rel}","templated":true}]}}