{"id":9742,"date":"2023-06-06T09:38:55","date_gmt":"2023-06-06T07:38:55","guid":{"rendered":"https:\/\/agora.xtec.cat\/insjoandaustria\/?p=9742"},"modified":"2024-05-25T17:39:38","modified_gmt":"2024-05-25T15:39:38","slug":"proves-dacces-a-grau-mitja","status":"publish","type":"post","link":"https:\/\/agora.xtec.cat\/insjoandaustria\/general\/proves-dacces-a-grau-mitja\/","title":{"rendered":"PROVES D\u2019ACC\u00c9S A GRAU MITJ\u00c0"},"content":{"rendered":"<p><strong>PROVES ACC\u00c9S CICLES FORMATIUS GRAU MIG<\/strong><\/p>\n<p>Us informem que l&#8217;horari de reclamacions ser\u00e0 els dies:<\/p>\n<ul>\n<li aria-level=\"1\"><b>\u00a0Dilluns 27\/5\/24 de 16h a 15h<\/b><\/li>\n<\/ul>\n<ul>\n<li aria-level=\"1\"><b>Dimarts\u00a0 28\/5\/24 de 11:30h a 13:30h<\/b><\/li>\n<\/ul>\n<p>Ins. Joan d&#8217;\u00c0ustria<\/p>\n","protected":false},"excerpt":{"rendered":"<p>PROVES ACC\u00c9S CICLES FORMATIUS GRAU MIG<br \/>\nUs informem que l&#8217;horari de reclamacions ser\u00e0 els dies:<\/p>\n<ul>\n<li aria-level=\"1\">\u00a0Dilluns 27\/5\/24 de 16h a 15h<\/li>\n<\/ul>\n<ul>\n<li aria-level=\"1\">Dimarts\u00a0 28\/5\/24 de 11:30h a 13:30h<\/li>\n<\/ul>\n<p>Ins. Joan d&#8217;\u00c0ustria<\/p>\n","protected":false},"author":420,"featured_media":0,"comment_status":"closed","ping_status":"closed","sticky":false,"template":"","format":"standard","meta":{"_bbp_topic_count":0,"_bbp_reply_count":0,"_bbp_total_topic_count":0,"_bbp_total_reply_count":0,"_bbp_voice_count":0,"_bbp_anonymous_reply_count":0,"_bbp_topic_count_hidden":0,"_bbp_reply_count_hidden":0,"_bbp_forum_subforum_count":0,"footnotes":""},"categories":[1,29],"tags":[],"class_list":["post-9742","post","type-post","status-publish","format-standard","hentry","category-general","category-portada"],"post_mailing_queue_ids":[],"_links":{"self":[{"href":"https:\/\/agora.xtec.cat\/insjoandaustria\/wp-json\/wp\/v2\/posts\/9742","targetHints":{"allow":["GET"]}}],"collection":[{"href":"https:\/\/agora.xtec.cat\/insjoandaustria\/wp-json\/wp\/v2\/posts"}],"about":[{"href":"https:\/\/agora.xtec.cat\/insjoandaustria\/wp-json\/wp\/v2\/types\/post"}],"author":[{"embeddable":true,"href":"https:\/\/agora.xtec.cat\/insjoandaustria\/wp-json\/wp\/v2\/users\/420"}],"replies":[{"embeddable":true,"href":"https:\/\/agora.xtec.cat\/insjoandaustria\/wp-json\/wp\/v2\/comments?post=9742"}],"version-history":[{"count":2,"href":"https:\/\/agora.xtec.cat\/insjoandaustria\/wp-json\/wp\/v2\/posts\/9742\/revisions"}],"predecessor-version":[{"id":10668,"href":"https:\/\/agora.xtec.cat\/insjoandaustria\/wp-json\/wp\/v2\/posts\/9742\/revisions\/10668"}],"wp:attachment":[{"href":"https:\/\/agora.xtec.cat\/insjoandaustria\/wp-json\/wp\/v2\/media?parent=9742"}],"wp:term":[{"taxonomy":"category","embeddable":true,"href":"https:\/\/agora.xtec.cat\/insjoandaustria\/wp-json\/wp\/v2\/categories?post=9742"},{"taxonomy":"post_tag","embeddable":true,"href":"https:\/\/agora.xtec.cat\/insjoandaustria\/wp-json\/wp\/v2\/tags?post=9742"}],"curies":[{"name":"wp","href":"https:\/\/api.w.org\/{rel}","templated":true}]}}