{"id":9725,"date":"2023-05-30T21:10:01","date_gmt":"2023-05-30T19:10:01","guid":{"rendered":"https:\/\/agora.xtec.cat\/insjoandaustria\/?p=9725"},"modified":"2023-05-31T08:34:23","modified_gmt":"2023-05-31T06:34:23","slug":"viatge-a-cantabria-de-4t-deso","status":"publish","type":"post","link":"https:\/\/agora.xtec.cat\/insjoandaustria\/eso\/eso-4\/viatge-a-cantabria-de-4t-deso\/","title":{"rendered":"Viatge a Cant\u00e0bria de 4t d&#8217;ESO"},"content":{"rendered":"<p>Els alumnes de 4t d&#8217;ESO de l&#8217;Institut Joan d&#8217;\u00c0ustria han celebrat que estan a punt de tancar l&#8217;etapa educativa m\u00e9s intensa de les seves vides amb un viatge d&#8217;una setmana a Cant\u00e0bria, acompanyats per quatre professors del centre.<\/p>\n<p style=\"text-align: center\">\r\n\t<div class=\"slideshow_container slideshow_container_style-light\" style=\"height: 700px; \" data-slideshow-id=\"9729\" data-style-name=\"style-light\" data-style-version=\"2.3.1\" >\r\n\r\n\t\t\t\t\t<div class=\"slideshow_loading_icon\"><\/div>\r\n\t\t\r\n\t\t<div class=\"slideshow_content\" style=\"display: none;\">\r\n\r\n\t\t\t<div class=\"slideshow_view\">\r\n\t\t\t\t<div class=\"slideshow_slide slideshow_slide_image\">\r\n\t\t\t\t\t\t\t\t\t\t\t<img src=\"https:\/\/agora.xtec.cat\/insjoandaustria\/wp-content\/uploads\/usu216\/2023\/05\/3.jpg\" alt=\"3\" width=\"750\" height=\"1000\" \/>\r\n\t\t\t\t\t\t\t\t\t\t<div class=\"slideshow_description_box slideshow_transparent\">\r\n\t\t\t\t\t\t<div class=\"slideshow_title\">3<\/div>\t\t\t\t\t\t\t\t\t\t\t<\/div>\r\n\t\t\t\t<\/div>\r\n\r\n\t\t\t\t\t\t<div style=\"clear: both;\"><\/div><\/div><div class=\"slideshow_view\">\r\n\t\t\t\t<div class=\"slideshow_slide slideshow_slide_image\">\r\n\t\t\t\t\t\t\t\t\t\t\t<img src=\"https:\/\/agora.xtec.cat\/insjoandaustria\/wp-content\/uploads\/usu216\/2023\/05\/1.jpg\" alt=\"1\" width=\"750\" height=\"1000\" \/>\r\n\t\t\t\t\t\t\t\t\t\t<div class=\"slideshow_description_box slideshow_transparent\">\r\n\t\t\t\t\t\t<div class=\"slideshow_title\">1<\/div>\t\t\t\t\t\t\t\t\t\t\t<\/div>\r\n\t\t\t\t<\/div>\r\n\r\n\t\t\t\t\t\t<div style=\"clear: both;\"><\/div><\/div><div class=\"slideshow_view\">\r\n\t\t\t\t<div class=\"slideshow_slide slideshow_slide_image\">\r\n\t\t\t\t\t\t\t\t\t\t\t<img src=\"https:\/\/agora.xtec.cat\/insjoandaustria\/wp-content\/uploads\/usu216\/2023\/05\/2-scaled.jpg\" alt=\"2\" width=\"1920\" height=\"2560\" \/>\r\n\t\t\t\t\t\t\t\t\t\t<div class=\"slideshow_description_box slideshow_transparent\">\r\n\t\t\t\t\t\t<div class=\"slideshow_title\">2<\/div>\t\t\t\t\t\t\t\t\t\t\t<\/div>\r\n\t\t\t\t<\/div>\r\n\r\n\t\t\t\t\t\t<div style=\"clear: both;\"><\/div><\/div><div class=\"slideshow_view\">\r\n\t\t\t\t<div class=\"slideshow_slide slideshow_slide_image\">\r\n\t\t\t\t\t\t\t\t\t\t\t<img src=\"https:\/\/agora.xtec.cat\/insjoandaustria\/wp-content\/uploads\/usu216\/2023\/05\/4.jpg\" alt=\"4\" width=\"750\" height=\"1000\" \/>\r\n\t\t\t\t\t\t\t\t\t\t<div class=\"slideshow_description_box slideshow_transparent\">\r\n\t\t\t\t\t\t<div class=\"slideshow_title\">4<\/div>\t\t\t\t\t\t\t\t\t\t\t<\/div>\r\n\t\t\t\t<\/div>\r\n\r\n\t\t\t\t\t\t<div style=\"clear: both;\"><\/div><\/div><div class=\"slideshow_view\">\r\n\t\t\t\t<div class=\"slideshow_slide slideshow_slide_image\">\r\n\t\t\t\t\t\t\t\t\t\t\t<img src=\"https:\/\/agora.xtec.cat\/insjoandaustria\/wp-content\/uploads\/usu216\/2023\/05\/5.jpg\" alt=\"5\" width=\"750\" height=\"1000\" \/>\r\n\t\t\t\t\t\t\t\t\t\t<div class=\"slideshow_description_box slideshow_transparent\">\r\n\t\t\t\t\t\t<div class=\"slideshow_title\">5<\/div>\t\t\t\t\t\t\t\t\t\t\t<\/div>\r\n\t\t\t\t<\/div>\r\n\r\n\t\t\t\t\t\t<div style=\"clear: both;\"><\/div><\/div><div class=\"slideshow_view\">\r\n\t\t\t\t<div class=\"slideshow_slide slideshow_slide_image\">\r\n\t\t\t\t\t\t\t\t\t\t\t<img src=\"https:\/\/agora.xtec.cat\/insjoandaustria\/wp-content\/uploads\/usu216\/2023\/05\/8.jpg\" alt=\"8\" width=\"567\" height=\"774\" \/>\r\n\t\t\t\t\t\t\t\t\t\t<div class=\"slideshow_description_box slideshow_transparent\">\r\n\t\t\t\t\t\t<div class=\"slideshow_title\">8<\/div>\t\t\t\t\t\t\t\t\t\t\t<\/div>\r\n\t\t\t\t<\/div>\r\n\r\n\t\t\t\t\t\t<div style=\"clear: both;\"><\/div><\/div><div class=\"slideshow_view\">\r\n\t\t\t\t<div class=\"slideshow_slide slideshow_slide_image\">\r\n\t\t\t\t\t\t\t\t\t\t\t<img src=\"https:\/\/agora.xtec.cat\/insjoandaustria\/wp-content\/uploads\/usu216\/2023\/05\/6.jpg\" alt=\"6\" width=\"750\" height=\"1000\" \/>\r\n\t\t\t\t\t\t\t\t\t\t<div class=\"slideshow_description_box slideshow_transparent\">\r\n\t\t\t\t\t\t<div class=\"slideshow_title\">6<\/div>\t\t\t\t\t\t\t\t\t\t\t<\/div>\r\n\t\t\t\t<\/div>\r\n\r\n\t\t\t\t\t\t<div style=\"clear: both;\"><\/div><\/div><div class=\"slideshow_view\">\r\n\t\t\t\t<div class=\"slideshow_slide slideshow_slide_image\">\r\n\t\t\t\t\t\t\t\t\t\t\t<img src=\"https:\/\/agora.xtec.cat\/insjoandaustria\/wp-content\/uploads\/usu216\/2023\/05\/7.jpg\" alt=\"7\" width=\"705\" height=\"928\" \/>\r\n\t\t\t\t\t\t\t\t\t\t<div class=\"slideshow_description_box slideshow_transparent\">\r\n\t\t\t\t\t\t<div class=\"slideshow_title\">7<\/div>\t\t\t\t\t\t\t\t\t\t\t<\/div>\r\n\t\t\t\t<\/div>\r\n\r\n\t\t\t\t\t\t<div style=\"clear: both;\"><\/div><\/div>\r\n\t\t<\/div>\r\n\r\n\t\t<div class=\"slideshow_controlPanel slideshow_transparent\" style=\"display: none;\"><ul><li class=\"slideshow_togglePlay\" data-play-text=\"Visualitza\" data-pause-text=\"Pausa\"><\/li><\/ul><\/div>\r\n\r\n\t\t<div class=\"slideshow_button slideshow_previous slideshow_transparent\" role=\"button\" data-previous-text=\"Anterior\" style=\"display: none;\"><\/div>\r\n\t\t<div class=\"slideshow_button slideshow_next slideshow_transparent\" role=\"button\" data-next-text=\"Seg\u00fcent\" style=\"display: none;\"><\/div>\r\n\r\n\t\t<div class=\"slideshow_pagination\" style=\"display: none;\" data-go-to-text=\"V\u00e9s a la diapositiva\"><div class=\"slideshow_pagination_center\"><\/div><\/div>\r\n\r\n\t\t<!-- WordPress Slideshow Version 2.3.1 -->\r\n\r\n\t\t\t<\/div>\r\n\r\n<\/p>\n<p>El viatge es va fer la setmana passada, del 22 al 26 de maig. Els 54 alumnes que s&#8217;hi van apuntar, juntament amb els quatre docents, van sortir dilluns 22 ben d&#8217;hora en autocar de Barcelona i van fer via fins a Santillana del Mar, on tenien l&#8217;hotel. A mig cam\u00ed van fer una aturada a Pamplona, on van poder visitar el seu centre hist\u00f2ric. El mateix dilluns a la tarda tamb\u00e9 van poder descobrir els carrers empedrats i els palaus medievals i renaixentistes de Santillana del Mar.<\/p>\n<p>Dimarts 23 al mat\u00ed els alumnes van visitar Santander, la capital c\u00e0ntabra, on van rec\u00f3rrer pel seu centre, el passeig mar\u00edtim, la pen\u00ednsula de la Magdalena i la platja del Sardinero. A la tarda van poder gaudir d&#8217;una activitat d&#8217;iniciaci\u00f3 al surf de la m\u00e0 de monitors especialitzats a la platja de Suances.<\/p>\n<figure class=\"figure wp-caption aligncenter\"><a href=\"https:\/\/agora.xtec.cat\/insjoandaustria\/wp-content\/uploads\/usu216\/2023\/05\/IMG_20230524_185758_resized_20230530_070337642.jpg\"><img loading=\"lazy\" decoding=\"async\" class=\"size-full wp-image-9726\" src=\"https:\/\/agora.xtec.cat\/insjoandaustria\/wp-content\/uploads\/usu216\/2023\/05\/IMG_20230524_185758_resized_20230530_070337642.jpg\" alt=\"\" width=\"920\" height=\"702\" srcset=\"https:\/\/agora.xtec.cat\/insjoandaustria\/wp-content\/uploads\/usu216\/2023\/05\/IMG_20230524_185758_resized_20230530_070337642.jpg 920w, https:\/\/agora.xtec.cat\/insjoandaustria\/wp-content\/uploads\/usu216\/2023\/05\/IMG_20230524_185758_resized_20230530_070337642-300x229.jpg 300w, https:\/\/agora.xtec.cat\/insjoandaustria\/wp-content\/uploads\/usu216\/2023\/05\/IMG_20230524_185758_resized_20230530_070337642-768x586.jpg 768w\" sizes=\"auto, (max-width: 920px) 100vw, 920px\" \/><\/a><figcaption class=\"wp-caption-text\">Els professors del grup<\/figcaption><\/figure>\n<p>&nbsp;<\/p>\n<p>Dimecres 24 van visitar les Cuevas del Sopalo, considerades la capella sixtina de la geologia, i a la tarda van poder passejar pel poble mariner de San Vicente de la Barquera. L&#8217;endem\u00e0, i tamb\u00e9 acompanyats de monitors especialitzats, encara van tenir forces per fer un descens en canoa pel riu Deva, que neix als Picos d&#8217;Europa, i a la tarda van visitar Comillas, una de les poblacions m\u00e9s emblem\u00e0tiques de la regi\u00f3, on per descomptat van visitar El Capricho, un dels pocs edificis que Antoni Gaud\u00ed va fer fora de Catalunya.<\/p>\n<p>Divendres 25 el grup va emprendre el cam\u00ed de tornada a casa, amb una aturada a Bilbao, on els alumnes van poder passejar pel seu centre hist\u00f2ric, tastar alguns dels seus famosos pinxos i entrar al Museu Guggenheim. De nit el grup va arribar a Barcelona, exhaust per\u00f2 feli\u00e7. Aquests hauran estat uns dies que recordaran per sempre m\u00e9s.<\/p>\n","protected":false},"excerpt":{"rendered":"<p>Els alumnes de 4t d&#8217;ESO de l&#8217;Institut Joan d&#8217;\u00c0ustria han celebrat que estan a punt de tancar l&#8217;etapa educativa m\u00e9s intensa de les seves vides amb un viatge d&#8217;una setmana a Cant\u00e0bria, acompanyats per quatre professors del centre.&hellip;  <a href=\"https:\/\/agora.xtec.cat\/insjoandaustria\/eso\/eso-4\/viatge-a-cantabria-de-4t-deso\/\" title=\"Read Viatge a Cant\u00e0bria de 4t d&#8217;ESO\">Llegeix m\u00e9s\u00bb<\/a><\/p>\n","protected":false},"author":835,"featured_media":9727,"comment_status":"open","ping_status":"closed","sticky":false,"template":"","format":"standard","meta":{"_bbp_topic_count":0,"_bbp_reply_count":0,"_bbp_total_topic_count":0,"_bbp_total_reply_count":0,"_bbp_voice_count":0,"_bbp_anonymous_reply_count":0,"_bbp_topic_count_hidden":0,"_bbp_reply_count_hidden":0,"_bbp_forum_subforum_count":0,"footnotes":""},"categories":[7,29,133],"tags":[202,39],"class_list":["post-9725","post","type-post","status-publish","format-standard","has-post-thumbnail","hentry","category-eso-4","category-portada","category-visites","tag-4t-deso","tag-sortides"],"post_mailing_queue_ids":[],"_links":{"self":[{"href":"https:\/\/agora.xtec.cat\/insjoandaustria\/wp-json\/wp\/v2\/posts\/9725","targetHints":{"allow":["GET"]}}],"collection":[{"href":"https:\/\/agora.xtec.cat\/insjoandaustria\/wp-json\/wp\/v2\/posts"}],"about":[{"href":"https:\/\/agora.xtec.cat\/insjoandaustria\/wp-json\/wp\/v2\/types\/post"}],"author":[{"embeddable":true,"href":"https:\/\/agora.xtec.cat\/insjoandaustria\/wp-json\/wp\/v2\/users\/835"}],"replies":[{"embeddable":true,"href":"https:\/\/agora.xtec.cat\/insjoandaustria\/wp-json\/wp\/v2\/comments?post=9725"}],"version-history":[{"count":3,"href":"https:\/\/agora.xtec.cat\/insjoandaustria\/wp-json\/wp\/v2\/posts\/9725\/revisions"}],"predecessor-version":[{"id":9741,"href":"https:\/\/agora.xtec.cat\/insjoandaustria\/wp-json\/wp\/v2\/posts\/9725\/revisions\/9741"}],"wp:featuredmedia":[{"embeddable":true,"href":"https:\/\/agora.xtec.cat\/insjoandaustria\/wp-json\/wp\/v2\/media\/9727"}],"wp:attachment":[{"href":"https:\/\/agora.xtec.cat\/insjoandaustria\/wp-json\/wp\/v2\/media?parent=9725"}],"wp:term":[{"taxonomy":"category","embeddable":true,"href":"https:\/\/agora.xtec.cat\/insjoandaustria\/wp-json\/wp\/v2\/categories?post=9725"},{"taxonomy":"post_tag","embeddable":true,"href":"https:\/\/agora.xtec.cat\/insjoandaustria\/wp-json\/wp\/v2\/tags?post=9725"}],"curies":[{"name":"wp","href":"https:\/\/api.w.org\/{rel}","templated":true}]}}