{"id":9535,"date":"2023-03-23T23:42:55","date_gmt":"2023-03-23T22:42:55","guid":{"rendered":"https:\/\/agora.xtec.cat\/insjoandaustria\/?p=9535"},"modified":"2023-03-24T11:22:56","modified_gmt":"2023-03-24T10:22:56","slug":"saint-patricks-day-al-joan-daustria","status":"publish","type":"post","link":"https:\/\/agora.xtec.cat\/insjoandaustria\/eso\/eso-3\/saint-patricks-day-al-joan-daustria\/","title":{"rendered":"Saint Patrick&#8217;s Day al Joan d&#8217;\u00c0ustria"},"content":{"rendered":"<p><a href=\"https:\/\/agora.xtec.cat\/insjoandaustria\/wp-content\/uploads\/usu216\/2023\/03\/VideoCapture_20230314-115618.jpg\"><img loading=\"lazy\" decoding=\"async\" class=\"size-large wp-image-9537 aligncenter\" src=\"https:\/\/agora.xtec.cat\/insjoandaustria\/wp-content\/uploads\/usu216\/2023\/03\/VideoCapture_20230314-115618-1024x587.jpg\" alt=\"\" width=\"1024\" height=\"587\" srcset=\"https:\/\/agora.xtec.cat\/insjoandaustria\/wp-content\/uploads\/usu216\/2023\/03\/VideoCapture_20230314-115618-1024x587.jpg 1024w, https:\/\/agora.xtec.cat\/insjoandaustria\/wp-content\/uploads\/usu216\/2023\/03\/VideoCapture_20230314-115618-300x172.jpg 300w, https:\/\/agora.xtec.cat\/insjoandaustria\/wp-content\/uploads\/usu216\/2023\/03\/VideoCapture_20230314-115618-768x441.jpg 768w, https:\/\/agora.xtec.cat\/insjoandaustria\/wp-content\/uploads\/usu216\/2023\/03\/VideoCapture_20230314-115618-1536x881.jpg 1536w, https:\/\/agora.xtec.cat\/insjoandaustria\/wp-content\/uploads\/usu216\/2023\/03\/VideoCapture_20230314-115618.jpg 1764w\" sizes=\"auto, (max-width: 1024px) 100vw, 1024px\" \/><\/a><\/p>\n<p>Els alumnes de 3r d&#8217;ESO del nostre institut han viscut el dia de Sant Patrici (17 de mar\u00e7), una festa irlandesa que avui se celebra a tot el m\u00f3n. Enguany ho han fet acompanyats de <a href=\"https:\/\/www.losstompers.com\/?lang=ca\">Los Stompers<\/a>, una banda irlandesa establerta a Barcelona que des de les seves arrels folk tradicionals ha evolucionat cap a un so personal al qual han anomenat Barcelona Irish Sound.<\/p>\n<p>Pr\u00e8viament a la visita del grup, els alumnes havien entrat en contacte amb la hist\u00f2ria, les can\u00e7ons i alguns dels instruments t\u00edpics de la m\u00fasica c\u00e8ltica, com el bodhran, la mandolina o la gaita irlandesa, a trav\u00e9s d&#8217;activitats de lectura i una webquest. Els alumnes han ballat seguint les indicacions de Los Stompers, i aix\u00ed han pogut con\u00e8ixer una mica millor la cultura irlandesa.<\/p>\n<p><a href=\"https:\/\/agora.xtec.cat\/insjoandaustria\/wp-content\/uploads\/usu216\/2023\/03\/20230314_103251-scaled.jpg\"><img loading=\"lazy\" decoding=\"async\" class=\"size-large wp-image-9536 aligncenter\" src=\"https:\/\/agora.xtec.cat\/insjoandaustria\/wp-content\/uploads\/usu216\/2023\/03\/20230314_103251-1024x518.jpg\" alt=\"\" width=\"1024\" height=\"518\" srcset=\"https:\/\/agora.xtec.cat\/insjoandaustria\/wp-content\/uploads\/usu216\/2023\/03\/20230314_103251-1024x518.jpg 1024w, https:\/\/agora.xtec.cat\/insjoandaustria\/wp-content\/uploads\/usu216\/2023\/03\/20230314_103251-300x152.jpg 300w, https:\/\/agora.xtec.cat\/insjoandaustria\/wp-content\/uploads\/usu216\/2023\/03\/20230314_103251-768x389.jpg 768w, https:\/\/agora.xtec.cat\/insjoandaustria\/wp-content\/uploads\/usu216\/2023\/03\/20230314_103251-1536x778.jpg 1536w, https:\/\/agora.xtec.cat\/insjoandaustria\/wp-content\/uploads\/usu216\/2023\/03\/20230314_103251-2048x1037.jpg 2048w\" sizes=\"auto, (max-width: 1024px) 100vw, 1024px\" \/><\/a><\/p>\n<p>&#8212;&#8212;&#8212;-<\/p>\n<p><em>Third-year ESO students from our institute have experienced Saint Patrick&#8217;s Day (March, 17th), an Irish holiday that nowadays is celebrated all over the world. This year, they have done it accompanied by <a href=\"https:\/\/www.losstompers.com\/\">Los Stompers<\/a>, an Irish folk band based in Barcelona that plays what they call Barcelona Irish Sound.<\/em><\/p>\n<p><em>Prior to the group visit, the students had come into contact with the history, the songs, and some of the typical instruments of Celtic music, such as the Bodhran, the Mandolin or the Uilleann pipes, through reading activities and a webquest. The students have danced following the indications of The Stompers and thus have learned a little better about Irish culture.<\/em><\/p>\n<p><a href=\"https:\/\/agora.xtec.cat\/insjoandaustria\/wp-content\/uploads\/usu216\/2023\/03\/20230314_103029.jpg\"><img loading=\"lazy\" decoding=\"async\" class=\"size-large wp-image-9538 aligncenter\" src=\"https:\/\/agora.xtec.cat\/insjoandaustria\/wp-content\/uploads\/usu216\/2023\/03\/20230314_103029-1024x694.jpg\" alt=\"\" width=\"1024\" height=\"694\" srcset=\"https:\/\/agora.xtec.cat\/insjoandaustria\/wp-content\/uploads\/usu216\/2023\/03\/20230314_103029-1024x694.jpg 1024w, https:\/\/agora.xtec.cat\/insjoandaustria\/wp-content\/uploads\/usu216\/2023\/03\/20230314_103029-300x203.jpg 300w, https:\/\/agora.xtec.cat\/insjoandaustria\/wp-content\/uploads\/usu216\/2023\/03\/20230314_103029-768x520.jpg 768w, https:\/\/agora.xtec.cat\/insjoandaustria\/wp-content\/uploads\/usu216\/2023\/03\/20230314_103029-1536x1040.jpg 1536w, https:\/\/agora.xtec.cat\/insjoandaustria\/wp-content\/uploads\/usu216\/2023\/03\/20230314_103029-2048x1387.jpg 2048w\" sizes=\"auto, (max-width: 1024px) 100vw, 1024px\" \/><\/a><\/p>\n","protected":false},"excerpt":{"rendered":"<p><a href=\"https:\/\/agora.xtec.cat\/insjoandaustria\/wp-content\/uploads\/usu216\/2023\/03\/VideoCapture_20230314-115618.jpg\"><\/a><br \/>\nEls alumnes de 3r d&#8217;ESO del nostre institut han viscut el dia de Sant Patrici (17 de mar\u00e7), una festa irlandesa que avui se celebra a tot el m\u00f3n. Enguany ho han fet acompanyats de <a href=\"https:\/\/www.losstompers.com\/?lang=ca\">Los Stompers<\/a>, una banda irlandesa establerta a Barcelona&hellip;  <a href=\"https:\/\/agora.xtec.cat\/insjoandaustria\/eso\/eso-3\/saint-patricks-day-al-joan-daustria\/\" title=\"Read Saint Patrick&#8217;s Day al Joan d&#8217;\u00c0ustria\">Llegeix m\u00e9s\u00bb<\/a><\/p>\n","protected":false},"author":835,"featured_media":9536,"comment_status":"closed","ping_status":"closed","sticky":false,"template":"","format":"standard","meta":{"_bbp_topic_count":0,"_bbp_reply_count":0,"_bbp_total_topic_count":0,"_bbp_total_reply_count":0,"_bbp_voice_count":0,"_bbp_anonymous_reply_count":0,"_bbp_topic_count_hidden":0,"_bbp_reply_count_hidden":0,"_bbp_forum_subforum_count":0,"footnotes":""},"categories":[42,6,29],"tags":[134,335],"class_list":["post-9535","post","type-post","status-publish","format-standard","has-post-thumbnail","hentry","category-angles","category-eso-3","category-portada","tag-3reso","tag-angles"],"post_mailing_queue_ids":[],"_links":{"self":[{"href":"https:\/\/agora.xtec.cat\/insjoandaustria\/wp-json\/wp\/v2\/posts\/9535","targetHints":{"allow":["GET"]}}],"collection":[{"href":"https:\/\/agora.xtec.cat\/insjoandaustria\/wp-json\/wp\/v2\/posts"}],"about":[{"href":"https:\/\/agora.xtec.cat\/insjoandaustria\/wp-json\/wp\/v2\/types\/post"}],"author":[{"embeddable":true,"href":"https:\/\/agora.xtec.cat\/insjoandaustria\/wp-json\/wp\/v2\/users\/835"}],"replies":[{"embeddable":true,"href":"https:\/\/agora.xtec.cat\/insjoandaustria\/wp-json\/wp\/v2\/comments?post=9535"}],"version-history":[{"count":2,"href":"https:\/\/agora.xtec.cat\/insjoandaustria\/wp-json\/wp\/v2\/posts\/9535\/revisions"}],"predecessor-version":[{"id":9540,"href":"https:\/\/agora.xtec.cat\/insjoandaustria\/wp-json\/wp\/v2\/posts\/9535\/revisions\/9540"}],"wp:featuredmedia":[{"embeddable":true,"href":"https:\/\/agora.xtec.cat\/insjoandaustria\/wp-json\/wp\/v2\/media\/9536"}],"wp:attachment":[{"href":"https:\/\/agora.xtec.cat\/insjoandaustria\/wp-json\/wp\/v2\/media?parent=9535"}],"wp:term":[{"taxonomy":"category","embeddable":true,"href":"https:\/\/agora.xtec.cat\/insjoandaustria\/wp-json\/wp\/v2\/categories?post=9535"},{"taxonomy":"post_tag","embeddable":true,"href":"https:\/\/agora.xtec.cat\/insjoandaustria\/wp-json\/wp\/v2\/tags?post=9535"}],"curies":[{"name":"wp","href":"https:\/\/api.w.org\/{rel}","templated":true}]}}