{"id":9511,"date":"2023-03-20T07:45:47","date_gmt":"2023-03-20T06:45:47","guid":{"rendered":"https:\/\/agora.xtec.cat\/insjoandaustria\/?p=9511"},"modified":"2023-03-20T07:50:35","modified_gmt":"2023-03-20T06:50:35","slug":"a-la-recerca-dels-nostres-avantpassats","status":"publish","type":"post","link":"https:\/\/agora.xtec.cat\/insjoandaustria\/general\/a-la-recerca-dels-nostres-avantpassats\/","title":{"rendered":"A la recerca dels nostres avantpassats"},"content":{"rendered":"<p>L\u2019alumnat de Primer d\u2019ESO han treballat la pehist\u00f2ria com a arque\u00f2legs durant el segon trimestre. En petits grups van cercar diferents informacions sobre els nostres avantpassats: <em>Australopithecus, Homo habilis, Homo erectus, Homo neanderthal i Homo sapiens.<\/em> Finalment en petits grups d\u2019experts van haver d\u2019adjuntar tota la informaci\u00f3 cercada, triar un d\u2019ells i triar la forma d\u2019expressar aquesta informaci\u00f3 en forma de c\u00f2mics, hist\u00f2ries, infografies, i fins i tot un <a href=\"https:\/\/drive.google.com\/file\/d\/13lAP5h6t_Xt16Cch8QIwTGcSRVTgKsWB\/view?usp=sharing\">stopmotion<\/a> i un <a href=\"https:\/\/scratch.mit.edu\/projects\/813504918\">scratch<\/a>.<\/p>\n<p><a href=\"https:\/\/agora.xtec.cat\/insjoandaustria\/wp-content\/uploads\/usu216\/2023\/03\/IMG-9772-scaled.jpg\"><img loading=\"lazy\" decoding=\"async\" class=\"alignnone size-large wp-image-9527\" src=\"https:\/\/agora.xtec.cat\/insjoandaustria\/wp-content\/uploads\/usu216\/2023\/03\/IMG-9772-1024x1024.jpg\" alt=\"\" width=\"1024\" height=\"1024\" srcset=\"https:\/\/agora.xtec.cat\/insjoandaustria\/wp-content\/uploads\/usu216\/2023\/03\/IMG-9772-1024x1024.jpg 1024w, https:\/\/agora.xtec.cat\/insjoandaustria\/wp-content\/uploads\/usu216\/2023\/03\/IMG-9772-300x300.jpg 300w, https:\/\/agora.xtec.cat\/insjoandaustria\/wp-content\/uploads\/usu216\/2023\/03\/IMG-9772-150x150.jpg 150w, https:\/\/agora.xtec.cat\/insjoandaustria\/wp-content\/uploads\/usu216\/2023\/03\/IMG-9772-768x768.jpg 768w, https:\/\/agora.xtec.cat\/insjoandaustria\/wp-content\/uploads\/usu216\/2023\/03\/IMG-9772-1536x1536.jpg 1536w, https:\/\/agora.xtec.cat\/insjoandaustria\/wp-content\/uploads\/usu216\/2023\/03\/IMG-9772-2048x2048.jpg 2048w\" sizes=\"auto, (max-width: 1024px) 100vw, 1024px\" \/><\/a><\/p>\n<p>&nbsp;<\/p>\n","protected":false},"excerpt":{"rendered":"<p>L\u2019alumnat de Primer d\u2019ESO han treballat la pehist\u00f2ria com a arque\u00f2legs durant el segon trimestre. En petits grups van cercar diferents informacions sobre els nostres avantpassats: Australopithecus, Homo habilis, Homo erectus, Homo neanderthal i Homo sapiens. Finalment en petits grups d\u2019experts van haver d\u2019adjuntar tota&hellip;  <a href=\"https:\/\/agora.xtec.cat\/insjoandaustria\/general\/a-la-recerca-dels-nostres-avantpassats\/\" title=\"Read A la recerca dels nostres avantpassats\">Llegeix m\u00e9s\u00bb<\/a><\/p>\n","protected":false},"author":430,"featured_media":9527,"comment_status":"closed","ping_status":"closed","sticky":false,"template":"","format":"standard","meta":{"_bbp_topic_count":0,"_bbp_reply_count":0,"_bbp_total_topic_count":0,"_bbp_total_reply_count":0,"_bbp_voice_count":0,"_bbp_anonymous_reply_count":0,"_bbp_topic_count_hidden":0,"_bbp_reply_count_hidden":0,"_bbp_forum_subforum_count":0,"footnotes":""},"categories":[3,4,1,29],"tags":[],"class_list":["post-9511","post","type-post","status-publish","format-standard","has-post-thumbnail","hentry","category-eso","category-eso-1","category-general","category-portada"],"post_mailing_queue_ids":[],"_links":{"self":[{"href":"https:\/\/agora.xtec.cat\/insjoandaustria\/wp-json\/wp\/v2\/posts\/9511","targetHints":{"allow":["GET"]}}],"collection":[{"href":"https:\/\/agora.xtec.cat\/insjoandaustria\/wp-json\/wp\/v2\/posts"}],"about":[{"href":"https:\/\/agora.xtec.cat\/insjoandaustria\/wp-json\/wp\/v2\/types\/post"}],"author":[{"embeddable":true,"href":"https:\/\/agora.xtec.cat\/insjoandaustria\/wp-json\/wp\/v2\/users\/430"}],"replies":[{"embeddable":true,"href":"https:\/\/agora.xtec.cat\/insjoandaustria\/wp-json\/wp\/v2\/comments?post=9511"}],"version-history":[{"count":1,"href":"https:\/\/agora.xtec.cat\/insjoandaustria\/wp-json\/wp\/v2\/posts\/9511\/revisions"}],"predecessor-version":[{"id":9528,"href":"https:\/\/agora.xtec.cat\/insjoandaustria\/wp-json\/wp\/v2\/posts\/9511\/revisions\/9528"}],"wp:featuredmedia":[{"embeddable":true,"href":"https:\/\/agora.xtec.cat\/insjoandaustria\/wp-json\/wp\/v2\/media\/9527"}],"wp:attachment":[{"href":"https:\/\/agora.xtec.cat\/insjoandaustria\/wp-json\/wp\/v2\/media?parent=9511"}],"wp:term":[{"taxonomy":"category","embeddable":true,"href":"https:\/\/agora.xtec.cat\/insjoandaustria\/wp-json\/wp\/v2\/categories?post=9511"},{"taxonomy":"post_tag","embeddable":true,"href":"https:\/\/agora.xtec.cat\/insjoandaustria\/wp-json\/wp\/v2\/tags?post=9511"}],"curies":[{"name":"wp","href":"https:\/\/api.w.org\/{rel}","templated":true}]}}