{"id":9487,"date":"2023-05-03T16:30:00","date_gmt":"2023-05-03T14:30:00","guid":{"rendered":"https:\/\/agora.xtec.cat\/insjoandaustria\/?p=9487"},"modified":"2023-05-11T21:06:48","modified_gmt":"2023-05-11T19:06:48","slug":"informacio-sobre-la-vaga-del-dia-8-de-marc-de-2023","status":"publish","type":"post","link":"https:\/\/agora.xtec.cat\/insjoandaustria\/general\/informacio-sobre-la-vaga-del-dia-8-de-marc-de-2023\/","title":{"rendered":"Informaci\u00f3 sobre la vaga del dia 4 de maig de 2023"},"content":{"rendered":"<p><b>Benvolgudes fam\u00edlies i alumnat del centre<\/b><\/p>\n<p><span style=\"font-weight: 400;\">Amb motiu de la convocat\u00f2ria de vaga presentada per\u00a0 l\u2019organitzaci\u00f3 sindical <\/span><b>PINDO <\/b><span style=\"font-weight: 400;\">que afecta als col\u00b7lectius seg\u00fcents:<\/span><\/p>\n<p><span style=\"font-weight: 400;\">&#8211; \u00a0 \u00a0 \u00a0 Personal docent funcionari i inter\u00ed en centres i serveis educatius de titularitat del Departament d\u2019Educaci\u00f3.<\/span><\/p>\n<p><span style=\"font-weight: 400;\">&#8211; \u00a0 \u00a0 \u00a0 Personal docent funcionari i inter\u00ed i personal laboral destinat a les llars d\u2019infants de titularitat de la Generalitat de Catalunya i de titularitat municipal a Catalunya.<\/span><\/p>\n<p><span style=\"font-weight: 400;\">&#8211; \u00a0 \u00a0 \u00a0 Personal laboral, funcionari i inter\u00ed en centres educatius de titularitat del Departament d\u2019Educaci\u00f3.<\/span><\/p>\n<p><span style=\"font-weight: 400;\">i prevista pel dia <\/span><b>4 de maig de 2023<\/b><span style=\"font-weight: 400;\">, l&#8217;ORDRE EMT\/\/2023, del Departament d\u2019Empresa i Treball, per la qual es garanteixin els serveis essencials i es determinen els serveis m\u00ednims, indica:<\/span><\/p>\n<p><b>Centres docents p\u00fablics i privats no universitaris i llars d\u2019infants<\/b><\/p>\n<p><span style=\"font-weight: 400;\">Una persona de l\u2019equip directiu per centre de treball, entenent-se com a tal la persona titular de la direcci\u00f3, del cap d\u2019estudis, de la secretaria o de la coordinaci\u00f3 pedag\u00f2gica del centre. A m\u00e9s del personal esmentat:\u00a0<\/span><\/p>\n<p><span style=\"font-weight: 400;\">\u2026<\/span><\/p>\n<p><span style=\"font-weight: 400;\">\u00a0<\/span><b>Per a l\u2019ensenyament secundari (de 12 a 16 anys): un docent per cada 3 unitats<\/b><\/p>\n<p><b>Al llarg de la convocat\u00f2ria de vaga:<\/b><\/p>\n<ul>\n<li style=\"font-weight: 400;\" aria-level=\"1\"><span style=\"font-weight: 400;\">El centre <\/span><b>complir\u00e0 amb els serveis m\u00ednims<\/b><span style=\"font-weight: 400;\"> i, per tant, <\/span><b>romandr\u00e0 obert<\/b><span style=\"font-weight: 400;\"> amb, com a m\u00ednim, el personal indicat en el par\u00e0graf posterior.\u00a0<\/span><\/li>\n<li style=\"font-weight: 400;\" aria-level=\"1\"><span style=\"font-weight: 400;\">En el cas de l\u2019INS Joan d\u2019\u00c0ustria es garantiran els seg\u00fcents serveis m\u00ednims:<\/span>\n<ul>\n<li style=\"font-weight: 400;\" aria-level=\"2\"><span style=\"font-weight: 400;\">els <\/span><b>serveis m\u00ednims per a l\u2019etapa d\u2019ESO<\/b><span style=\"font-weight: 400;\"> estan compostos per:<\/span>\n<ul>\n<li style=\"font-weight: 400;\" aria-level=\"3\"><span style=\"font-weight: 400;\">Una persona de l\u2019equip directiu<\/span><\/li>\n<li style=\"font-weight: 400;\" aria-level=\"3\"><span style=\"font-weight: 400;\">Un m\u00ednim de 6 docents, donat que el nombre d\u2019unitats oficials assignades a aquesta etapa \u00e9s de 16 unitats.<\/span><\/li>\n<\/ul>\n<\/li>\n<li style=\"font-weight: 400;\" aria-level=\"2\"><span style=\"font-weight: 400;\">els <\/span><b>serveis m\u00ednims per a les etapes de Batxillerat i CF<\/b><span style=\"font-weight: 400;\"> estan compostos per:<\/span>\n<ul>\n<li style=\"font-weight: 400;\" aria-level=\"3\"><span style=\"font-weight: 400;\">Una persona de l\u2019equip directiu<\/span><\/li>\n<\/ul>\n<\/li>\n<\/ul>\n<\/li>\n<\/ul>\n<p><b>Consideracions addicionals i molt importants:<\/b><\/p>\n<ul>\n<li style=\"font-weight: 400;\" aria-level=\"1\"><span style=\"font-weight: 400;\">L<\/span><b>\u2019adhesi\u00f3, o no, del personal del centre (professorat i PAS) a les\u00a0 convocat\u00f2ries es realitza a t\u00edtol individual,<\/b><span style=\"font-weight: 400;\"> seguint les seves consideracions personals i en defensa dels seus drets. Segons aix\u00f2 <\/span><b>en aquests moments, no podem indicar-vos la repercussi\u00f3 que tindr\u00e0 en el servei<\/b><span style=\"font-weight: 400;\">. Com ja sabeu <\/span><b>a una convocat\u00f2ria de vaga els treballadors poden decidir adherir-se fins a l\u2019\u00faltim moment, sense necessitat de comunicaci\u00f3 pr\u00e8via<\/b><span style=\"font-weight: 400;\"> a la direcci\u00f3 del centre.<\/span><\/li>\n<li style=\"font-weight: 400;\" aria-level=\"1\"><b>Si l\u2019adhesi\u00f3 a les convocat\u00f2ries de vaga per part del professorat i del PAS\u00a0 del centre fos elevada<\/b><span style=\"font-weight: 400;\">, <\/span><b>no es podr\u00e0 garantir el desenvolupament de\u00a0 les activitats d\u2019ensenyament-aprenentatge habituals<\/b><span style=\"font-weight: 400;\"> (horaris de grups-classe i activitats de centre).<\/span><\/li>\n<\/ul>\n<p><span style=\"font-weight: 400;\">Salutacions cordials<\/span><\/p>\n<p><span style=\"font-weight: 400;\">L\u2019equip directiu de l\u2019INS Joan d\u2019\u00c0ustria<\/span><\/p>\n","protected":false},"excerpt":{"rendered":"<p>Benvolgudes fam\u00edlies i alumnat del centre<br \/>\nAmb motiu de la convocat\u00f2ria de vaga presentada per\u00a0 l\u2019organitzaci\u00f3 sindical PINDO que afecta als col\u00b7lectius seg\u00fcents:<br \/>\n&#8211; \u00a0 \u00a0 \u00a0 Personal docent funcionari i inter\u00ed en centres i serveis educatius de titularitat del Departament d\u2019Educaci\u00f3.<br \/>\n&#8211; \u00a0 \u00a0 \u00a0 Personal docent&hellip;  <a href=\"https:\/\/agora.xtec.cat\/insjoandaustria\/general\/informacio-sobre-la-vaga-del-dia-8-de-marc-de-2023\/\" title=\"Read Informaci\u00f3 sobre la vaga del dia 4 de maig de 2023\">Llegeix m\u00e9s\u00bb<\/a><\/p>\n","protected":false},"author":1,"featured_media":0,"comment_status":"closed","ping_status":"closed","sticky":false,"template":"","format":"standard","meta":{"_bbp_topic_count":0,"_bbp_reply_count":0,"_bbp_total_topic_count":0,"_bbp_total_reply_count":0,"_bbp_voice_count":0,"_bbp_anonymous_reply_count":0,"_bbp_topic_count_hidden":0,"_bbp_reply_count_hidden":0,"_bbp_forum_subforum_count":0,"footnotes":""},"categories":[1],"tags":[],"class_list":["post-9487","post","type-post","status-publish","format-standard","hentry","category-general"],"post_mailing_queue_ids":[],"_links":{"self":[{"href":"https:\/\/agora.xtec.cat\/insjoandaustria\/wp-json\/wp\/v2\/posts\/9487","targetHints":{"allow":["GET"]}}],"collection":[{"href":"https:\/\/agora.xtec.cat\/insjoandaustria\/wp-json\/wp\/v2\/posts"}],"about":[{"href":"https:\/\/agora.xtec.cat\/insjoandaustria\/wp-json\/wp\/v2\/types\/post"}],"author":[{"embeddable":true,"href":"https:\/\/agora.xtec.cat\/insjoandaustria\/wp-json\/wp\/v2\/users\/1"}],"replies":[{"embeddable":true,"href":"https:\/\/agora.xtec.cat\/insjoandaustria\/wp-json\/wp\/v2\/comments?post=9487"}],"version-history":[{"count":2,"href":"https:\/\/agora.xtec.cat\/insjoandaustria\/wp-json\/wp\/v2\/posts\/9487\/revisions"}],"predecessor-version":[{"id":9689,"href":"https:\/\/agora.xtec.cat\/insjoandaustria\/wp-json\/wp\/v2\/posts\/9487\/revisions\/9689"}],"wp:attachment":[{"href":"https:\/\/agora.xtec.cat\/insjoandaustria\/wp-json\/wp\/v2\/media?parent=9487"}],"wp:term":[{"taxonomy":"category","embeddable":true,"href":"https:\/\/agora.xtec.cat\/insjoandaustria\/wp-json\/wp\/v2\/categories?post=9487"},{"taxonomy":"post_tag","embeddable":true,"href":"https:\/\/agora.xtec.cat\/insjoandaustria\/wp-json\/wp\/v2\/tags?post=9487"}],"curies":[{"name":"wp","href":"https:\/\/api.w.org\/{rel}","templated":true}]}}