{"id":9467,"date":"2023-03-03T14:05:47","date_gmt":"2023-03-03T13:05:47","guid":{"rendered":"https:\/\/agora.xtec.cat\/insjoandaustria\/?p=9467"},"modified":"2023-03-03T21:41:04","modified_gmt":"2023-03-03T20:41:04","slug":"projecte-sumem-energies-quart-deso","status":"publish","type":"post","link":"https:\/\/agora.xtec.cat\/insjoandaustria\/eso\/projecte-sumem-energies-quart-deso\/","title":{"rendered":"Projecte Sumem Energies Quart d\u2019ESO"},"content":{"rendered":"<p>Hem passat a l\u2019acci\u00f3!<\/p>\n<p>Durant el curs 22-23\u00a0 dins d\u2019Escoles m\u00e9s Sostenibles, per tercer any, estem participant en la Microxarxa Sumem Energies, que t\u00e9 com a objectiu principal donar resposta als reptes energ\u00e8tics globals sobre com utilitzar l\u2019energia d\u2019una manera m\u00e9s sostenible.<\/p>\n<p>A una de les actuacions del projecte, els alumnes de 4t d\u2019ESO han fet uns cartells per conscienciar a la nostra comunitat educativa sobre com baixar la despesa energ\u00e8tica en el centre. Aquestes mesures s\u00f3n consells molt senzills que tamb\u00e9 les podem aplicar a casa nostra.<\/p>\n<p>Hem penjat els cartells a totes les aules del centre i a les zones comuns.<\/p>\n<p><a href=\"https:\/\/agora.xtec.cat\/insjoandaustria\/wp-content\/uploads\/usu216\/2023\/03\/IMG_0173a.jpg\"><img loading=\"lazy\" decoding=\"async\" class=\"alignnone size-full wp-image-9474\" src=\"https:\/\/agora.xtec.cat\/insjoandaustria\/wp-content\/uploads\/usu216\/2023\/03\/IMG_0173a.jpg\" alt=\"\" width=\"1000\" height=\"750\" srcset=\"https:\/\/agora.xtec.cat\/insjoandaustria\/wp-content\/uploads\/usu216\/2023\/03\/IMG_0173a.jpg 1000w, https:\/\/agora.xtec.cat\/insjoandaustria\/wp-content\/uploads\/usu216\/2023\/03\/IMG_0173a-300x225.jpg 300w, https:\/\/agora.xtec.cat\/insjoandaustria\/wp-content\/uploads\/usu216\/2023\/03\/IMG_0173a-768x576.jpg 768w, https:\/\/agora.xtec.cat\/insjoandaustria\/wp-content\/uploads\/usu216\/2023\/03\/IMG_0173a-200x150.jpg 200w\" sizes=\"auto, (max-width: 1000px) 100vw, 1000px\" \/><\/a> <a href=\"https:\/\/agora.xtec.cat\/insjoandaustria\/wp-content\/uploads\/usu216\/2023\/03\/IMG_00642a.jpg\"><img loading=\"lazy\" decoding=\"async\" class=\"alignnone size-full wp-image-9475\" src=\"https:\/\/agora.xtec.cat\/insjoandaustria\/wp-content\/uploads\/usu216\/2023\/03\/IMG_00642a.jpg\" alt=\"\" width=\"716\" height=\"1000\" srcset=\"https:\/\/agora.xtec.cat\/insjoandaustria\/wp-content\/uploads\/usu216\/2023\/03\/IMG_00642a.jpg 716w, https:\/\/agora.xtec.cat\/insjoandaustria\/wp-content\/uploads\/usu216\/2023\/03\/IMG_00642a-215x300.jpg 215w\" sizes=\"auto, (max-width: 716px) 100vw, 716px\" \/><\/a> <a href=\"https:\/\/agora.xtec.cat\/insjoandaustria\/wp-content\/uploads\/usu216\/2023\/03\/IMG_0063.png\"><img loading=\"lazy\" decoding=\"async\" class=\"alignnone size-large wp-image-9472\" src=\"https:\/\/agora.xtec.cat\/insjoandaustria\/wp-content\/uploads\/usu216\/2023\/03\/IMG_0063-768x1024.png\" alt=\"\" width=\"768\" height=\"1024\" srcset=\"https:\/\/agora.xtec.cat\/insjoandaustria\/wp-content\/uploads\/usu216\/2023\/03\/IMG_0063-768x1024.png 768w, https:\/\/agora.xtec.cat\/insjoandaustria\/wp-content\/uploads\/usu216\/2023\/03\/IMG_0063-225x300.png 225w, https:\/\/agora.xtec.cat\/insjoandaustria\/wp-content\/uploads\/usu216\/2023\/03\/IMG_0063.png 1098w\" sizes=\"auto, (max-width: 768px) 100vw, 768px\" \/><\/a> <a href=\"https:\/\/agora.xtec.cat\/insjoandaustria\/wp-content\/uploads\/usu216\/2023\/03\/WhatsApp-Image-2023-03-03-at-11.25.11.jpeg\"><img loading=\"lazy\" decoding=\"async\" class=\"alignnone size-large wp-image-9468\" src=\"https:\/\/agora.xtec.cat\/insjoandaustria\/wp-content\/uploads\/usu216\/2023\/03\/WhatsApp-Image-2023-03-03-at-11.25.11-1024x768.jpeg\" alt=\"\" width=\"1024\" height=\"768\" srcset=\"https:\/\/agora.xtec.cat\/insjoandaustria\/wp-content\/uploads\/usu216\/2023\/03\/WhatsApp-Image-2023-03-03-at-11.25.11-1024x768.jpeg 1024w, https:\/\/agora.xtec.cat\/insjoandaustria\/wp-content\/uploads\/usu216\/2023\/03\/WhatsApp-Image-2023-03-03-at-11.25.11-300x225.jpeg 300w, https:\/\/agora.xtec.cat\/insjoandaustria\/wp-content\/uploads\/usu216\/2023\/03\/WhatsApp-Image-2023-03-03-at-11.25.11-768x576.jpeg 768w, https:\/\/agora.xtec.cat\/insjoandaustria\/wp-content\/uploads\/usu216\/2023\/03\/WhatsApp-Image-2023-03-03-at-11.25.11-1536x1152.jpeg 1536w, https:\/\/agora.xtec.cat\/insjoandaustria\/wp-content\/uploads\/usu216\/2023\/03\/WhatsApp-Image-2023-03-03-at-11.25.11-200x150.jpeg 200w, https:\/\/agora.xtec.cat\/insjoandaustria\/wp-content\/uploads\/usu216\/2023\/03\/WhatsApp-Image-2023-03-03-at-11.25.11.jpeg 2048w\" sizes=\"auto, (max-width: 1024px) 100vw, 1024px\" \/><\/a> <a href=\"https:\/\/agora.xtec.cat\/insjoandaustria\/wp-content\/uploads\/usu216\/2023\/03\/WhatsApp-Image-2023-03-03-at-11.25.14-1.jpeg\"><img loading=\"lazy\" decoding=\"async\" class=\"alignnone size-large wp-image-9471\" src=\"https:\/\/agora.xtec.cat\/insjoandaustria\/wp-content\/uploads\/usu216\/2023\/03\/WhatsApp-Image-2023-03-03-at-11.25.14-1-1024x768.jpeg\" alt=\"\" width=\"1024\" height=\"768\" srcset=\"https:\/\/agora.xtec.cat\/insjoandaustria\/wp-content\/uploads\/usu216\/2023\/03\/WhatsApp-Image-2023-03-03-at-11.25.14-1-1024x768.jpeg 1024w, https:\/\/agora.xtec.cat\/insjoandaustria\/wp-content\/uploads\/usu216\/2023\/03\/WhatsApp-Image-2023-03-03-at-11.25.14-1-300x225.jpeg 300w, https:\/\/agora.xtec.cat\/insjoandaustria\/wp-content\/uploads\/usu216\/2023\/03\/WhatsApp-Image-2023-03-03-at-11.25.14-1-768x576.jpeg 768w, https:\/\/agora.xtec.cat\/insjoandaustria\/wp-content\/uploads\/usu216\/2023\/03\/WhatsApp-Image-2023-03-03-at-11.25.14-1-1536x1152.jpeg 1536w, https:\/\/agora.xtec.cat\/insjoandaustria\/wp-content\/uploads\/usu216\/2023\/03\/WhatsApp-Image-2023-03-03-at-11.25.14-1-200x150.jpeg 200w, https:\/\/agora.xtec.cat\/insjoandaustria\/wp-content\/uploads\/usu216\/2023\/03\/WhatsApp-Image-2023-03-03-at-11.25.14-1.jpeg 2048w\" sizes=\"auto, (max-width: 1024px) 100vw, 1024px\" \/><\/a> <a href=\"https:\/\/agora.xtec.cat\/insjoandaustria\/wp-content\/uploads\/usu216\/2023\/03\/IMG_0166a.jpg\"><img loading=\"lazy\" decoding=\"async\" class=\"alignnone size-full wp-image-9473\" src=\"https:\/\/agora.xtec.cat\/insjoandaustria\/wp-content\/uploads\/usu216\/2023\/03\/IMG_0166a.jpg\" alt=\"\" width=\"1000\" height=\"750\" srcset=\"https:\/\/agora.xtec.cat\/insjoandaustria\/wp-content\/uploads\/usu216\/2023\/03\/IMG_0166a.jpg 1000w, https:\/\/agora.xtec.cat\/insjoandaustria\/wp-content\/uploads\/usu216\/2023\/03\/IMG_0166a-300x225.jpg 300w, https:\/\/agora.xtec.cat\/insjoandaustria\/wp-content\/uploads\/usu216\/2023\/03\/IMG_0166a-768x576.jpg 768w, https:\/\/agora.xtec.cat\/insjoandaustria\/wp-content\/uploads\/usu216\/2023\/03\/IMG_0166a-200x150.jpg 200w\" sizes=\"auto, (max-width: 1000px) 100vw, 1000px\" \/><\/a><\/p>\n<p>&nbsp;<\/p>\n","protected":false},"excerpt":{"rendered":"<p>Hem passat a l\u2019acci\u00f3!<br \/>\nDurant el curs 22-23\u00a0 dins d\u2019Escoles m\u00e9s Sostenibles, per tercer any, estem participant en la Microxarxa Sumem Energies, que t\u00e9 com a objectiu principal donar resposta als reptes energ\u00e8tics globals sobre com utilitzar l\u2019energia d\u2019una manera m\u00e9s sostenible.<br \/>\nA una de les actuacions&hellip;  <a href=\"https:\/\/agora.xtec.cat\/insjoandaustria\/eso\/projecte-sumem-energies-quart-deso\/\" title=\"Read Projecte Sumem Energies Quart d\u2019ESO\">Llegeix m\u00e9s\u00bb<\/a><\/p>\n","protected":false},"author":596,"featured_media":9474,"comment_status":"closed","ping_status":"closed","sticky":false,"template":"","format":"standard","meta":{"_bbp_topic_count":0,"_bbp_reply_count":0,"_bbp_total_topic_count":0,"_bbp_total_reply_count":0,"_bbp_voice_count":0,"_bbp_anonymous_reply_count":0,"_bbp_topic_count_hidden":0,"_bbp_reply_count_hidden":0,"_bbp_forum_subforum_count":0,"footnotes":""},"categories":[3,7,29,70,74],"tags":[],"class_list":["post-9467","post","type-post","status-publish","format-standard","has-post-thumbnail","hentry","category-eso","category-eso-4","category-portada","category-projectes","category-sostenibilitat"],"post_mailing_queue_ids":[],"_links":{"self":[{"href":"https:\/\/agora.xtec.cat\/insjoandaustria\/wp-json\/wp\/v2\/posts\/9467","targetHints":{"allow":["GET"]}}],"collection":[{"href":"https:\/\/agora.xtec.cat\/insjoandaustria\/wp-json\/wp\/v2\/posts"}],"about":[{"href":"https:\/\/agora.xtec.cat\/insjoandaustria\/wp-json\/wp\/v2\/types\/post"}],"author":[{"embeddable":true,"href":"https:\/\/agora.xtec.cat\/insjoandaustria\/wp-json\/wp\/v2\/users\/596"}],"replies":[{"embeddable":true,"href":"https:\/\/agora.xtec.cat\/insjoandaustria\/wp-json\/wp\/v2\/comments?post=9467"}],"version-history":[{"count":3,"href":"https:\/\/agora.xtec.cat\/insjoandaustria\/wp-json\/wp\/v2\/posts\/9467\/revisions"}],"predecessor-version":[{"id":9478,"href":"https:\/\/agora.xtec.cat\/insjoandaustria\/wp-json\/wp\/v2\/posts\/9467\/revisions\/9478"}],"wp:featuredmedia":[{"embeddable":true,"href":"https:\/\/agora.xtec.cat\/insjoandaustria\/wp-json\/wp\/v2\/media\/9474"}],"wp:attachment":[{"href":"https:\/\/agora.xtec.cat\/insjoandaustria\/wp-json\/wp\/v2\/media?parent=9467"}],"wp:term":[{"taxonomy":"category","embeddable":true,"href":"https:\/\/agora.xtec.cat\/insjoandaustria\/wp-json\/wp\/v2\/categories?post=9467"},{"taxonomy":"post_tag","embeddable":true,"href":"https:\/\/agora.xtec.cat\/insjoandaustria\/wp-json\/wp\/v2\/tags?post=9467"}],"curies":[{"name":"wp","href":"https:\/\/api.w.org\/{rel}","templated":true}]}}