{"id":9440,"date":"2023-02-28T19:07:24","date_gmt":"2023-02-28T18:07:24","guid":{"rendered":"https:\/\/agora.xtec.cat\/insjoandaustria\/?p=9440"},"modified":"2023-03-26T16:07:10","modified_gmt":"2023-03-26T14:07:10","slug":"linstitut-acull-una-trobada-de-xarxes-per-al-canvi","status":"publish","type":"post","link":"https:\/\/agora.xtec.cat\/insjoandaustria\/eso\/eso-1\/linstitut-acull-una-trobada-de-xarxes-per-al-canvi\/","title":{"rendered":"L&#8217;institut acull una trobada de Xarxes per al Canvi"},"content":{"rendered":"<p><a href=\"https:\/\/agora.xtec.cat\/insjoandaustria\/wp-content\/uploads\/usu216\/2023\/02\/Xarxes2-scaled.jpg\"><img loading=\"lazy\" decoding=\"async\" class=\"aligncenter wp-image-9442 size-large\" src=\"https:\/\/agora.xtec.cat\/insjoandaustria\/wp-content\/uploads\/usu216\/2023\/02\/Xarxes2-1024x768.jpg\" alt=\"\" width=\"1024\" height=\"768\" srcset=\"https:\/\/agora.xtec.cat\/insjoandaustria\/wp-content\/uploads\/usu216\/2023\/02\/Xarxes2-1024x768.jpg 1024w, https:\/\/agora.xtec.cat\/insjoandaustria\/wp-content\/uploads\/usu216\/2023\/02\/Xarxes2-300x225.jpg 300w, https:\/\/agora.xtec.cat\/insjoandaustria\/wp-content\/uploads\/usu216\/2023\/02\/Xarxes2-768x576.jpg 768w, https:\/\/agora.xtec.cat\/insjoandaustria\/wp-content\/uploads\/usu216\/2023\/02\/Xarxes2-1536x1152.jpg 1536w, https:\/\/agora.xtec.cat\/insjoandaustria\/wp-content\/uploads\/usu216\/2023\/02\/Xarxes2-2048x1536.jpg 2048w, https:\/\/agora.xtec.cat\/insjoandaustria\/wp-content\/uploads\/usu216\/2023\/02\/Xarxes2-200x150.jpg 200w\" sizes=\"auto, (max-width: 1024px) 100vw, 1024px\" \/><\/a><\/p>\n<p>&nbsp;<\/p>\n<p>L\u2019Institut Joan d\u2019\u00c0ustria ha acollit la 29<sup>a<\/sup> trobada de la Xarxa 3 de Sant Mart\u00ed, una de les divuit Xarxes per al Canvi (XpC) que hi ha a la ciutat de Barcelona, formada per centres de prim\u00e0ria i secund\u00e0ria d\u2019una mateixa zona de la ciutat. A la trobada, els membres de l\u2019equip impulsor de XpC al centre (Merc\u00e8 Raurell, Nerea Guerendiain i Isaac Herreros) han explicat als assistents la manera com el centre est\u00e0 implantant el <a href=\"https:\/\/projectes.xtec.cat\/nou-curriculum\/educacio-basica\/\">nou curr\u00edculum d\u2019educaci\u00f3 b\u00e0sica<\/a>, que aquest curs ja s\u2019aplica a 1r i 3r d\u2019ESO i que a partir del vinent ser\u00e0 per a tota l\u2019etapa.<\/p>\n<p>Xarxes pel Canvi \u00e9s un programa creat el 2017 pel Consorci d\u2019Educaci\u00f3 de Barcelona amb l\u2019objectiu d\u2019impulsar la transformaci\u00f3 educativa de la ciutat. Est\u00e0 format per 18 xarxes, de les quals formen part 222 centres, p\u00fablics i concertats. La Xarxa 3 de Sant Mart\u00ed est\u00e0 formada per 11 escoles i 4 instituts, la major part dels quals han participat en la reuni\u00f3 que hem tingut dijous 16 de febrer. Es tracta de la segona trobada d\u2019aquest curs \u2013se\u2019n faran dues m\u00e9s abans que acabi\u2013, amb el focus posat en el disseny d\u2019estrat\u00e8gies que impliquin tot el claustre en la presa de decisions per a la implantaci\u00f3 d\u2019aquest nou curr\u00edculum.<\/p>\n<figure class=\"figure wp-caption aligncenter\"><a href=\"https:\/\/agora.xtec.cat\/insjoandaustria\/wp-content\/uploads\/usu216\/2023\/02\/Xarxes1-scaled.jpg\"><img loading=\"lazy\" decoding=\"async\" class=\"wp-image-9441 size-large\" src=\"https:\/\/agora.xtec.cat\/insjoandaustria\/wp-content\/uploads\/usu216\/2023\/02\/Xarxes1-1024x772.jpg\" alt=\"\" width=\"1024\" height=\"772\" srcset=\"https:\/\/agora.xtec.cat\/insjoandaustria\/wp-content\/uploads\/usu216\/2023\/02\/Xarxes1-1024x772.jpg 1024w, https:\/\/agora.xtec.cat\/insjoandaustria\/wp-content\/uploads\/usu216\/2023\/02\/Xarxes1-300x226.jpg 300w, https:\/\/agora.xtec.cat\/insjoandaustria\/wp-content\/uploads\/usu216\/2023\/02\/Xarxes1-768x579.jpg 768w, https:\/\/agora.xtec.cat\/insjoandaustria\/wp-content\/uploads\/usu216\/2023\/02\/Xarxes1-1536x1158.jpg 1536w, https:\/\/agora.xtec.cat\/insjoandaustria\/wp-content\/uploads\/usu216\/2023\/02\/Xarxes1-2048x1544.jpg 2048w, https:\/\/agora.xtec.cat\/insjoandaustria\/wp-content\/uploads\/usu216\/2023\/02\/Xarxes1-200x150.jpg 200w\" sizes=\"auto, (max-width: 1024px) 100vw, 1024px\" \/><\/a><figcaption class=\"wp-caption-text\">Nerea Guerendiain i Merc\u00e8 Raurell, durant la trobada a la biblioteca del centre<\/figcaption><\/figure>\n<p>&nbsp;<\/p>\n<p>Com a centre amfitri\u00f3, durant la trobada hem compartit amb els assistents la nostra proposta d\u2019implementaci\u00f3 del nou curr\u00edculum. Hem explicat com s\u2019han planificat els diversos projectes en els quals treballen els alumnes de 1r i 3r, amb quins objectius d\u2019aprenentatge, i com aquests connecten amb el nostre projecte d\u2019orientaci\u00f3 acad\u00e8mica professional (OAP) amb mentoria del programa Xcelence-Escoles que inspiren. Els diversos participants tamb\u00e9 hem reflexionat conjuntament sobre el que hem fet en relaci\u00f3 amb <a href=\"https:\/\/projectes.xtec.cat\/nou-curriculum\/educacio-basica\/els-sis-vectors\/\">els sis vectors del curr\u00edculum<\/a> i el que no hem fet i encara tenim pendent, i ens hem posat deures de cara a la propera sessi\u00f3.<\/p>\n<p><a href=\"https:\/\/agora.xtec.cat\/insjoandaustria\/wp-content\/uploads\/usu216\/2023\/02\/vectors-scaled.jpg\"><img loading=\"lazy\" decoding=\"async\" class=\"size-large wp-image-9443 aligncenter\" src=\"https:\/\/agora.xtec.cat\/insjoandaustria\/wp-content\/uploads\/usu216\/2023\/02\/vectors-709x1024.jpg\" alt=\"\" width=\"709\" height=\"1024\" srcset=\"https:\/\/agora.xtec.cat\/insjoandaustria\/wp-content\/uploads\/usu216\/2023\/02\/vectors-709x1024.jpg 709w, https:\/\/agora.xtec.cat\/insjoandaustria\/wp-content\/uploads\/usu216\/2023\/02\/vectors-208x300.jpg 208w, https:\/\/agora.xtec.cat\/insjoandaustria\/wp-content\/uploads\/usu216\/2023\/02\/vectors-768x1109.jpg 768w, https:\/\/agora.xtec.cat\/insjoandaustria\/wp-content\/uploads\/usu216\/2023\/02\/vectors-1063x1536.jpg 1063w, https:\/\/agora.xtec.cat\/insjoandaustria\/wp-content\/uploads\/usu216\/2023\/02\/vectors-1418x2048.jpg 1418w, https:\/\/agora.xtec.cat\/insjoandaustria\/wp-content\/uploads\/usu216\/2023\/02\/vectors-scaled.jpg 1772w\" sizes=\"auto, (max-width: 709px) 100vw, 709px\" \/><\/a><\/p>\n","protected":false},"excerpt":{"rendered":"<p><a href=\"https:\/\/agora.xtec.cat\/insjoandaustria\/wp-content\/uploads\/usu216\/2023\/02\/Xarxes2-scaled.jpg\"><\/a><br \/>\n&nbsp;<br \/>\nL\u2019Institut Joan d\u2019\u00c0ustria ha acollit la 29a trobada de la Xarxa 3 de Sant Mart\u00ed, una de les divuit Xarxes per al Canvi (XpC) que hi ha a la ciutat de Barcelona, formada per centres de prim\u00e0ria i secund\u00e0ria d\u2019una mateixa zona de la&hellip;  <a href=\"https:\/\/agora.xtec.cat\/insjoandaustria\/eso\/eso-1\/linstitut-acull-una-trobada-de-xarxes-per-al-canvi\/\" title=\"Read L&#8217;institut acull una trobada de Xarxes per al Canvi\">Llegeix m\u00e9s\u00bb<\/a><\/p>\n","protected":false},"author":835,"featured_media":9441,"comment_status":"open","ping_status":"closed","sticky":false,"template":"","format":"standard","meta":{"_bbp_topic_count":0,"_bbp_reply_count":0,"_bbp_total_topic_count":0,"_bbp_total_reply_count":0,"_bbp_voice_count":0,"_bbp_anonymous_reply_count":0,"_bbp_topic_count_hidden":0,"_bbp_reply_count_hidden":0,"_bbp_forum_subforum_count":0,"footnotes":""},"categories":[4,6,29,70],"tags":[435],"class_list":["post-9440","post","type-post","status-publish","format-standard","has-post-thumbnail","hentry","category-eso-1","category-eso-3","category-portada","category-projectes","tag-xarxes-pel-canvi"],"post_mailing_queue_ids":[],"_links":{"self":[{"href":"https:\/\/agora.xtec.cat\/insjoandaustria\/wp-json\/wp\/v2\/posts\/9440","targetHints":{"allow":["GET"]}}],"collection":[{"href":"https:\/\/agora.xtec.cat\/insjoandaustria\/wp-json\/wp\/v2\/posts"}],"about":[{"href":"https:\/\/agora.xtec.cat\/insjoandaustria\/wp-json\/wp\/v2\/types\/post"}],"author":[{"embeddable":true,"href":"https:\/\/agora.xtec.cat\/insjoandaustria\/wp-json\/wp\/v2\/users\/835"}],"replies":[{"embeddable":true,"href":"https:\/\/agora.xtec.cat\/insjoandaustria\/wp-json\/wp\/v2\/comments?post=9440"}],"version-history":[{"count":3,"href":"https:\/\/agora.xtec.cat\/insjoandaustria\/wp-json\/wp\/v2\/posts\/9440\/revisions"}],"predecessor-version":[{"id":9526,"href":"https:\/\/agora.xtec.cat\/insjoandaustria\/wp-json\/wp\/v2\/posts\/9440\/revisions\/9526"}],"wp:featuredmedia":[{"embeddable":true,"href":"https:\/\/agora.xtec.cat\/insjoandaustria\/wp-json\/wp\/v2\/media\/9441"}],"wp:attachment":[{"href":"https:\/\/agora.xtec.cat\/insjoandaustria\/wp-json\/wp\/v2\/media?parent=9440"}],"wp:term":[{"taxonomy":"category","embeddable":true,"href":"https:\/\/agora.xtec.cat\/insjoandaustria\/wp-json\/wp\/v2\/categories?post=9440"},{"taxonomy":"post_tag","embeddable":true,"href":"https:\/\/agora.xtec.cat\/insjoandaustria\/wp-json\/wp\/v2\/tags?post=9440"}],"curies":[{"name":"wp","href":"https:\/\/api.w.org\/{rel}","templated":true}]}}