{"id":9431,"date":"2023-02-26T13:24:21","date_gmt":"2023-02-26T12:24:21","guid":{"rendered":"https:\/\/agora.xtec.cat\/insjoandaustria\/?p=9431"},"modified":"2023-02-26T16:19:24","modified_gmt":"2023-02-26T15:19:24","slug":"visita-al-campus-de-la-upc-besos","status":"publish","type":"post","link":"https:\/\/agora.xtec.cat\/insjoandaustria\/batxillerat\/visita-al-campus-de-la-upc-besos\/","title":{"rendered":"Visita de 1r de Batxillerat al campus Bes\u00f2s de la UPC"},"content":{"rendered":"<figure class=\"figure wp-caption aligncenter\"><a href=\"https:\/\/agora.xtec.cat\/insjoandaustria\/wp-content\/uploads\/usu216\/2023\/02\/XerradaAlumnaElectronica-scaled.jpg\"><img loading=\"lazy\" decoding=\"async\" class=\"size-large wp-image-9433\" src=\"https:\/\/agora.xtec.cat\/insjoandaustria\/wp-content\/uploads\/usu216\/2023\/02\/XerradaAlumnaElectronica-1024x734.jpg\" alt=\"\" width=\"1024\" height=\"734\" srcset=\"https:\/\/agora.xtec.cat\/insjoandaustria\/wp-content\/uploads\/usu216\/2023\/02\/XerradaAlumnaElectronica-1024x734.jpg 1024w, https:\/\/agora.xtec.cat\/insjoandaustria\/wp-content\/uploads\/usu216\/2023\/02\/XerradaAlumnaElectronica-300x215.jpg 300w, https:\/\/agora.xtec.cat\/insjoandaustria\/wp-content\/uploads\/usu216\/2023\/02\/XerradaAlumnaElectronica-768x551.jpg 768w, https:\/\/agora.xtec.cat\/insjoandaustria\/wp-content\/uploads\/usu216\/2023\/02\/XerradaAlumnaElectronica-1536x1101.jpg 1536w, https:\/\/agora.xtec.cat\/insjoandaustria\/wp-content\/uploads\/usu216\/2023\/02\/XerradaAlumnaElectronica-2048x1468.jpg 2048w\" sizes=\"auto, (max-width: 1024px) 100vw, 1024px\" \/><\/a><figcaption class=\"wp-caption-text\">Presentaci\u00f3 a c\u00e0rrec de M\u00f2nica Laplana<\/figcaption><\/figure>\n<p>&nbsp;<\/p>\n<p>Dijous 23 de febrer els alumnes del 1r de Batxillerat cient\u00edfic i tecnol\u00f2gic van fer una visita al campus Bes\u00f2s de la Universitat Polit\u00e8cnica de Catalunya (UPC), en el marc del <a href=\"https:\/\/agora.xtec.cat\/insjoandaustria\/general\/celebrem-el-dia-de-la-dona-i-la-nena-a-la-ciencia\/\">Dia de la Dona i la Nena a la Ci\u00e8ncia<\/a>. Estudiants d&#8217;aquesta universitat van ser les encarregades d&#8217;explicar als alumnes del Joan d&#8217;\u00c0ustria tota l&#8217;oferta formativa que hi podien trobar.<\/p>\n<p>Despr\u00e9s d&#8217;una benvinguda per part de la direcci\u00f3, els i les alumnes van assistir a una presentaci\u00f3 de M\u00f2nica Laplana, que cursa el grau d\u2019Electr\u00f2nica Industrial i Autom\u00e0tica i \u00e9s membre de l\u2019associaci\u00f3 d&#8217;alumnes epowered Racing. A continuaci\u00f3, l&#8217;estudiant del doctorat d\u2019Enginyeria Mec\u00e0nica B\u00e0rbara Adrover va explicar la seva experi\u00e8ncia i la seva participaci\u00f3 en un projecte d&#8217;impressi\u00f3 3D gr\u00e0cies al qual imprimeixen \u00f2rgans en 3D per facilitar intervencions quirurgiques. Es tracta d&#8217;un projecte de col\u00b7laboraci\u00f3 amb hospitals de Cuba.<\/p>\n<p>El nostre alumnat tamb\u00e9 va poder visitar el laboratori, on Patr\u00edcia L\u00f3pez, alumna de doctorat del Dept. de Ci\u00e8ncia i Enginyeria dels Materials, va explicar la seva experi\u00e8ncia i va fer un taller sobre biomaterials i enginyeria de teixits. I per \u00faltim van poder visitar l&#8217;espai on diverses associacions d&#8217;alumnes estan construint motos i autom\u00f2bils de competici\u00f3 el\u00e8ctrics.<\/p>\n<p><a href=\"https:\/\/agora.xtec.cat\/insjoandaustria\/wp-content\/uploads\/usu216\/2023\/02\/IMG_20230216_130413-scaled.jpg\"><img loading=\"lazy\" decoding=\"async\" class=\"size-large wp-image-9432 aligncenter\" src=\"https:\/\/agora.xtec.cat\/insjoandaustria\/wp-content\/uploads\/usu216\/2023\/02\/IMG_20230216_130413-1024x750.jpg\" alt=\"\" width=\"1024\" height=\"750\" srcset=\"https:\/\/agora.xtec.cat\/insjoandaustria\/wp-content\/uploads\/usu216\/2023\/02\/IMG_20230216_130413-1024x750.jpg 1024w, https:\/\/agora.xtec.cat\/insjoandaustria\/wp-content\/uploads\/usu216\/2023\/02\/IMG_20230216_130413-300x220.jpg 300w, https:\/\/agora.xtec.cat\/insjoandaustria\/wp-content\/uploads\/usu216\/2023\/02\/IMG_20230216_130413-768x563.jpg 768w, https:\/\/agora.xtec.cat\/insjoandaustria\/wp-content\/uploads\/usu216\/2023\/02\/IMG_20230216_130413-1536x1126.jpg 1536w, https:\/\/agora.xtec.cat\/insjoandaustria\/wp-content\/uploads\/usu216\/2023\/02\/IMG_20230216_130413-2048x1501.jpg 2048w\" sizes=\"auto, (max-width: 1024px) 100vw, 1024px\" \/><\/a><\/p>\n<p><a href=\"https:\/\/agora.xtec.cat\/insjoandaustria\/wp-content\/uploads\/usu216\/2023\/02\/IMG_20230216_135249-scaled.jpg\"><img loading=\"lazy\" decoding=\"async\" class=\"size-large wp-image-9434 aligncenter\" src=\"https:\/\/agora.xtec.cat\/insjoandaustria\/wp-content\/uploads\/usu216\/2023\/02\/IMG_20230216_135249-1024x733.jpg\" alt=\"\" width=\"1024\" height=\"733\" srcset=\"https:\/\/agora.xtec.cat\/insjoandaustria\/wp-content\/uploads\/usu216\/2023\/02\/IMG_20230216_135249-1024x733.jpg 1024w, https:\/\/agora.xtec.cat\/insjoandaustria\/wp-content\/uploads\/usu216\/2023\/02\/IMG_20230216_135249-300x215.jpg 300w, https:\/\/agora.xtec.cat\/insjoandaustria\/wp-content\/uploads\/usu216\/2023\/02\/IMG_20230216_135249-768x550.jpg 768w, https:\/\/agora.xtec.cat\/insjoandaustria\/wp-content\/uploads\/usu216\/2023\/02\/IMG_20230216_135249-1536x1100.jpg 1536w, https:\/\/agora.xtec.cat\/insjoandaustria\/wp-content\/uploads\/usu216\/2023\/02\/IMG_20230216_135249-2048x1467.jpg 2048w\" sizes=\"auto, (max-width: 1024px) 100vw, 1024px\" \/><\/a><\/p>\n","protected":false},"excerpt":{"rendered":"<p><a href=\"https:\/\/agora.xtec.cat\/insjoandaustria\/wp-content\/uploads\/usu216\/2023\/02\/XerradaAlumnaElectronica-scaled.jpg\"><\/a>Presentaci\u00f3 a c\u00e0rrec de M\u00f2nica Laplana<br \/>\n&nbsp;<br \/>\nDijous 23 de febrer els alumnes del 1r de Batxillerat cient\u00edfic i tecnol\u00f2gic van fer una visita al campus Bes\u00f2s de la Universitat Polit\u00e8cnica de Catalunya (UPC), en el marc del <a href=\"https:\/\/agora.xtec.cat\/insjoandaustria\/general\/celebrem-el-dia-de-la-dona-i-la-nena-a-la-ciencia\/\">Dia de la Dona i la Nena&hellip;  <a href=\"https:\/\/agora.xtec.cat\/insjoandaustria\/batxillerat\/visita-al-campus-de-la-upc-besos\/\" title=\"Read Visita de 1r de Batxillerat al campus Bes\u00f2s de la UPC\">Llegeix m\u00e9s\u00bb<\/a><\/p>\n","protected":false},"author":835,"featured_media":9433,"comment_status":"closed","ping_status":"closed","sticky":false,"template":"","format":"standard","meta":{"_bbp_topic_count":0,"_bbp_reply_count":0,"_bbp_total_topic_count":0,"_bbp_total_reply_count":0,"_bbp_voice_count":0,"_bbp_anonymous_reply_count":0,"_bbp_topic_count_hidden":0,"_bbp_reply_count_hidden":0,"_bbp_forum_subforum_count":0,"footnotes":""},"categories":[8,29,133],"tags":[],"class_list":["post-9431","post","type-post","status-publish","format-standard","has-post-thumbnail","hentry","category-batxillerat","category-portada","category-visites"],"post_mailing_queue_ids":[],"_links":{"self":[{"href":"https:\/\/agora.xtec.cat\/insjoandaustria\/wp-json\/wp\/v2\/posts\/9431","targetHints":{"allow":["GET"]}}],"collection":[{"href":"https:\/\/agora.xtec.cat\/insjoandaustria\/wp-json\/wp\/v2\/posts"}],"about":[{"href":"https:\/\/agora.xtec.cat\/insjoandaustria\/wp-json\/wp\/v2\/types\/post"}],"author":[{"embeddable":true,"href":"https:\/\/agora.xtec.cat\/insjoandaustria\/wp-json\/wp\/v2\/users\/835"}],"replies":[{"embeddable":true,"href":"https:\/\/agora.xtec.cat\/insjoandaustria\/wp-json\/wp\/v2\/comments?post=9431"}],"version-history":[{"count":3,"href":"https:\/\/agora.xtec.cat\/insjoandaustria\/wp-json\/wp\/v2\/posts\/9431\/revisions"}],"predecessor-version":[{"id":9439,"href":"https:\/\/agora.xtec.cat\/insjoandaustria\/wp-json\/wp\/v2\/posts\/9431\/revisions\/9439"}],"wp:featuredmedia":[{"embeddable":true,"href":"https:\/\/agora.xtec.cat\/insjoandaustria\/wp-json\/wp\/v2\/media\/9433"}],"wp:attachment":[{"href":"https:\/\/agora.xtec.cat\/insjoandaustria\/wp-json\/wp\/v2\/media?parent=9431"}],"wp:term":[{"taxonomy":"category","embeddable":true,"href":"https:\/\/agora.xtec.cat\/insjoandaustria\/wp-json\/wp\/v2\/categories?post=9431"},{"taxonomy":"post_tag","embeddable":true,"href":"https:\/\/agora.xtec.cat\/insjoandaustria\/wp-json\/wp\/v2\/tags?post=9431"}],"curies":[{"name":"wp","href":"https:\/\/api.w.org\/{rel}","templated":true}]}}