{"id":9367,"date":"2023-02-14T12:02:09","date_gmt":"2023-02-14T11:02:09","guid":{"rendered":"https:\/\/agora.xtec.cat\/insjoandaustria\/?p=9367"},"modified":"2023-02-14T17:09:25","modified_gmt":"2023-02-14T16:09:25","slug":"projectes-1r-deso","status":"publish","type":"post","link":"https:\/\/agora.xtec.cat\/insjoandaustria\/general\/projectes-1r-deso\/","title":{"rendered":"Projectes 1r d&#8217;ESO"},"content":{"rendered":"<p>Despr\u00e9s dels projectes <strong>&#8220;Benvinguts i benvingudes&#8221;<\/strong> i <strong>&#8220;Vida saludable&#8221;<\/strong>, amb els quals l&#8217;alumnat va poder adaptar-se als canvis de la prim\u00e0ria a la secund\u00e0ria i va refermar uns h\u00e0bits saludables, hem comen\u00e7at aquest trimestre amb un projecte sobre <strong>&#8220;Animals fant\u00e0stics&#8221;.\u00a0<\/strong><\/p>\n<p>Aquest \u00e9s un treball interdisciplinari on el nostre alumnat explora el bestiari que ha format part de mites i llegendes de moltes cultures, tamb\u00e9 de la nostra. A trav\u00e9s d&#8217;alguns animals m\u00edtics coneixerem una mica m\u00e9s b\u00e9 les seves adaptacions a l&#8217;entorn i crearem un animal fant\u00e0stic. Treballarem la nostra imaginaci\u00f3 amb la creaci\u00f3 de contes i llegendes on el nostre animal \u00e9s protagonista. Descobrirem <em>El Monstre de Banyoles<\/em> i <em>Loch Ness Monster<\/em> i molts dracs de tot el m\u00f3n, i aplicarem el proc\u00e9s tecnol\u00f2gic per trobar solucions als problemes amb qu\u00e8 a vegades es troben els monstres.<\/p>\n<p>Durant tot aquest proc\u00e9s l&#8217;alumnat desenvolupa el treball aut\u00f2nom i cooperatiu, la compet\u00e8ncia digital, les compet\u00e8ncies socials i c\u00edviques i sobretot aprendre a aprendre.<\/p>\n<p><a href=\"https:\/\/agora.xtec.cat\/insjoandaustria\/wp-content\/uploads\/usu216\/2023\/02\/IMG_20221006_125402-scaled.jpg\"><img loading=\"lazy\" decoding=\"async\" class=\"size-large wp-image-9372 aligncenter\" src=\"https:\/\/agora.xtec.cat\/insjoandaustria\/wp-content\/uploads\/usu216\/2023\/02\/IMG_20221006_125402-1024x492.jpg\" alt=\"\" width=\"1024\" height=\"492\" srcset=\"https:\/\/agora.xtec.cat\/insjoandaustria\/wp-content\/uploads\/usu216\/2023\/02\/IMG_20221006_125402-1024x492.jpg 1024w, https:\/\/agora.xtec.cat\/insjoandaustria\/wp-content\/uploads\/usu216\/2023\/02\/IMG_20221006_125402-300x144.jpg 300w, https:\/\/agora.xtec.cat\/insjoandaustria\/wp-content\/uploads\/usu216\/2023\/02\/IMG_20221006_125402-768x369.jpg 768w, https:\/\/agora.xtec.cat\/insjoandaustria\/wp-content\/uploads\/usu216\/2023\/02\/IMG_20221006_125402-1536x738.jpg 1536w, https:\/\/agora.xtec.cat\/insjoandaustria\/wp-content\/uploads\/usu216\/2023\/02\/IMG_20221006_125402-2048x984.jpg 2048w\" sizes=\"auto, (max-width: 1024px) 100vw, 1024px\" \/><\/a><\/p>\n","protected":false},"excerpt":{"rendered":"<p>Despr\u00e9s dels projectes &#8220;Benvinguts i benvingudes&#8221; i &#8220;Vida saludable&#8221;, amb els quals l&#8217;alumnat va poder adaptar-se als canvis de la prim\u00e0ria a la secund\u00e0ria i va refermar uns h\u00e0bits saludables, hem comen\u00e7at aquest trimestre amb un projecte sobre &#8220;Animals fant\u00e0stics&#8221;.\u00a0&hellip;  <a href=\"https:\/\/agora.xtec.cat\/insjoandaustria\/general\/projectes-1r-deso\/\" title=\"Read Projectes 1r d&#8217;ESO\">Llegeix m\u00e9s\u00bb<\/a><\/p>\n","protected":false},"author":30,"featured_media":9372,"comment_status":"closed","ping_status":"closed","sticky":false,"template":"","format":"standard","meta":{"_bbp_topic_count":0,"_bbp_reply_count":0,"_bbp_total_topic_count":0,"_bbp_total_reply_count":0,"_bbp_voice_count":0,"_bbp_anonymous_reply_count":0,"_bbp_topic_count_hidden":0,"_bbp_reply_count_hidden":0,"_bbp_forum_subforum_count":0,"footnotes":""},"categories":[3,4,1,29,70],"tags":[],"class_list":["post-9367","post","type-post","status-publish","format-standard","has-post-thumbnail","hentry","category-eso","category-eso-1","category-general","category-portada","category-projectes"],"post_mailing_queue_ids":[],"_links":{"self":[{"href":"https:\/\/agora.xtec.cat\/insjoandaustria\/wp-json\/wp\/v2\/posts\/9367","targetHints":{"allow":["GET"]}}],"collection":[{"href":"https:\/\/agora.xtec.cat\/insjoandaustria\/wp-json\/wp\/v2\/posts"}],"about":[{"href":"https:\/\/agora.xtec.cat\/insjoandaustria\/wp-json\/wp\/v2\/types\/post"}],"author":[{"embeddable":true,"href":"https:\/\/agora.xtec.cat\/insjoandaustria\/wp-json\/wp\/v2\/users\/30"}],"replies":[{"embeddable":true,"href":"https:\/\/agora.xtec.cat\/insjoandaustria\/wp-json\/wp\/v2\/comments?post=9367"}],"version-history":[{"count":3,"href":"https:\/\/agora.xtec.cat\/insjoandaustria\/wp-json\/wp\/v2\/posts\/9367\/revisions"}],"predecessor-version":[{"id":9390,"href":"https:\/\/agora.xtec.cat\/insjoandaustria\/wp-json\/wp\/v2\/posts\/9367\/revisions\/9390"}],"wp:featuredmedia":[{"embeddable":true,"href":"https:\/\/agora.xtec.cat\/insjoandaustria\/wp-json\/wp\/v2\/media\/9372"}],"wp:attachment":[{"href":"https:\/\/agora.xtec.cat\/insjoandaustria\/wp-json\/wp\/v2\/media?parent=9367"}],"wp:term":[{"taxonomy":"category","embeddable":true,"href":"https:\/\/agora.xtec.cat\/insjoandaustria\/wp-json\/wp\/v2\/categories?post=9367"},{"taxonomy":"post_tag","embeddable":true,"href":"https:\/\/agora.xtec.cat\/insjoandaustria\/wp-json\/wp\/v2\/tags?post=9367"}],"curies":[{"name":"wp","href":"https:\/\/api.w.org\/{rel}","templated":true}]}}