{"id":9352,"date":"2023-01-24T16:00:18","date_gmt":"2023-01-24T15:00:18","guid":{"rendered":"https:\/\/agora.xtec.cat\/insjoandaustria\/?p=9352"},"modified":"2023-02-09T11:54:16","modified_gmt":"2023-02-09T10:54:16","slug":"vagues-dels-dies-25-i-26-de-gener-de-2023","status":"publish","type":"post","link":"https:\/\/agora.xtec.cat\/insjoandaustria\/general\/vagues-dels-dies-25-i-26-de-gener-de-2023\/","title":{"rendered":"Vagues dels dies 25 i 26 de gener de 2023"},"content":{"rendered":"<p><strong>Benvolgudes fam\u00edlies i alumnat del centre<\/strong><\/p>\n<p><span style=\"font-weight: 400;\">Amb motiu de les convocat\u00f2ries de vagues presentades per diversos sindicats, representants de les persones treballadores, previstes pels dies <\/span><b>25 i 26 de gener de 2023<\/b><span style=\"font-weight: 400;\">\u00a0(que afecten diferents col\u00b7lectius segons la data i el sindicat convocant) l&#8217;<a href=\"https:\/\/portaldogc.gencat.cat\/utilsEADOP\/PDF\/8839\/1951582.pdf\" target=\"_blank\" rel=\"noopener\">ORDRE EMT\/6\/2023<\/a>, de 20 de gener del Departament d\u2019Empresa i Treball, per la qual es garanteixin els serveis essencials i es determinen els serveis m\u00ednims, indica:<\/span><\/p>\n<p><b>Article 1\u00a0<\/b><\/p>\n<p><b>La situaci\u00f3 de vaga \u2026 s\u2019ent\u00e9n condicionada al manteniment dels serveis m\u00ednims\u00a0<\/b><b>seg\u00fcents:<\/b><\/p>\n<p><span style=\"font-weight: 400;\">Una persona de l\u2019equip directiu per cada centre. S\u2019ent\u00e9n com a tal alguna de les\u00a0<\/span><span style=\"font-weight: 400;\">persones seg\u00fcents: el\/la director\/a, el\/la coordinador\/a pedag\u00f2gic\/a, el\/la cap d\u2019estudis\u00a0<\/span><span style=\"font-weight: 400;\">o el\/la secretari\/\u00e0ria,<\/span><\/p>\n<p><span style=\"font-weight: 400;\">A m\u00e9s del personal esmentat:<\/span><\/p>\n<p><b>Per a l\u2019ensenyament<\/b><span style=\"font-weight: 400;\"> infantil, de prim\u00e0ria<\/span><b> i secund\u00e0ria (de 3 a 16 anys):<\/b><span style=\"font-weight: 400;\"> un docent per cada 3 unitats o aules.<\/span><\/p>\n<p>&nbsp;<\/p>\n<p><b>Al llarg de les convocat\u00f2ries de vaga previstes per aquests\u00a0 dies:<\/b><\/p>\n<ul>\n<li style=\"font-weight: 400;\" aria-level=\"1\"><span style=\"font-weight: 400;\">El centre <\/span><b>complir\u00e0 amb els serveis m\u00ednims<\/b><span style=\"font-weight: 400;\"> i, per tant, <\/span><b>romandr\u00e0 obert<\/b><span style=\"font-weight: 400;\">\u00a0amb, com a m\u00ednim, el personal indicat en el par\u00e0graf posterior.\u00a0<\/span><\/li>\n<li style=\"font-weight: 400;\" aria-level=\"1\"><span style=\"font-weight: 400;\">En el cas de l\u2019INS Joan d\u2019\u00c0ustria es garantiran els seg\u00fcents serveis m\u00ednims:<\/span>\n<ul>\n<li style=\"font-weight: 400;\" aria-level=\"2\"><span style=\"font-weight: 400;\">els <\/span><b>serveis m\u00ednims per a l\u2019etapa d\u2019ESO<\/b><span style=\"font-weight: 400;\"> estan compostos per:<\/span>\n<ul>\n<li style=\"font-weight: 400;\" aria-level=\"3\"><span style=\"font-weight: 400;\">Una persona de l\u2019equip directiu<\/span><\/li>\n<li style=\"font-weight: 400;\" aria-level=\"3\"><span style=\"font-weight: 400;\">Un m\u00ednim de 6 docents, donat que el nombre d\u2019unitats oficials assignades a aquesta etapa \u00e9s de 16 unitats.<\/span><\/li>\n<\/ul>\n<\/li>\n<li style=\"font-weight: 400;\" aria-level=\"2\"><span style=\"font-weight: 400;\">els <\/span><b>serveis m\u00ednims per a les etapes de Batxillerat i CF<\/b><span style=\"font-weight: 400;\"> estan compostos per:<\/span>\n<ul>\n<li style=\"font-weight: 400;\" aria-level=\"3\"><span style=\"font-weight: 400;\">Una persona de l\u2019equip directiu<\/span><\/li>\n<\/ul>\n<\/li>\n<\/ul>\n<\/li>\n<\/ul>\n<p><b>Consideracions addicionals i molt importants:<\/b><\/p>\n<ul>\n<li style=\"font-weight: 400;\" aria-level=\"1\"><span style=\"font-weight: 400;\">L<\/span><b>\u2019adhesi\u00f3, o no, del personal del centre (professorat i PAS) a les\u00a0 convocat\u00f2ries es realitza a t\u00edtol individual,<\/b><span style=\"font-weight: 400;\"> seguint les seves consideracions personals i en defensa dels seus drets. Segons aix\u00f2 <\/span><b>en aquests moments, no puc indicar-vos la repercussi\u00f3 que tindr\u00e0 en el servei<\/b><span style=\"font-weight: 400;\">. Com ja sabeu <\/span><b>a una convocat\u00f2ria de vaga els treballadors poden decidir adherir-se fins a l\u2019\u00faltim moment, sense necessitat de comunicaci\u00f3 pr\u00e8via<\/b><span style=\"font-weight: 400;\"> a la direcci\u00f3 del centre.<\/span><\/li>\n<li style=\"font-weight: 400;\" aria-level=\"1\"><b>Si l\u2019adhesi\u00f3 a les convocat\u00f2ries de vaga per part del professorat i del PAS\u00a0 del centre fos elevada<\/b><span style=\"font-weight: 400;\">, <\/span><b>no es podr\u00e0 garantir el desenvolupament de\u00a0 les activitats d\u2019ensenyament-aprenentatge habituals<\/b><span style=\"font-weight: 400;\"> (horaris de grups-classe i activitats de centre).<\/span><\/li>\n<\/ul>\n<p><span style=\"font-weight: 400;\">Salutacions cordials<\/span><\/p>\n<p><span style=\"font-weight: 400;\">Mart\u00edn Mart\u00edn<\/span><\/p>\n<p><span style=\"font-weight: 400;\">Director de l\u2019INS Joan d\u2019\u00c0ustria<\/span><\/p>\n","protected":false},"excerpt":{"rendered":"<p>Benvolgudes fam\u00edlies i alumnat del centre<br \/>\nAmb motiu de les convocat\u00f2ries de vagues presentades per diversos sindicats, representants de les persones treballadores, previstes pels dies 25 i 26 de gener de 2023\u00a0(que afecten diferents col\u00b7lectius segons la data i el sindicat convocant) l&#8217;<a href=\"https:\/\/portaldogc.gencat.cat\/utilsEADOP\/PDF\/8839\/1951582.pdf\" target=\"_blank\" rel=\"noopener\">ORDRE&hellip;  <a href=\"https:\/\/agora.xtec.cat\/insjoandaustria\/general\/vagues-dels-dies-25-i-26-de-gener-de-2023\/\" title=\"Read Vagues dels dies 25 i 26 de gener de 2023\">Llegeix m\u00e9s\u00bb<\/a><\/p>\n","protected":false},"author":270,"featured_media":0,"comment_status":"closed","ping_status":"closed","sticky":false,"template":"","format":"standard","meta":{"_bbp_topic_count":0,"_bbp_reply_count":0,"_bbp_total_topic_count":0,"_bbp_total_reply_count":0,"_bbp_voice_count":0,"_bbp_anonymous_reply_count":0,"_bbp_topic_count_hidden":0,"_bbp_reply_count_hidden":0,"_bbp_forum_subforum_count":0,"footnotes":""},"categories":[1],"tags":[],"class_list":["post-9352","post","type-post","status-publish","format-standard","hentry","category-general"],"post_mailing_queue_ids":[],"_links":{"self":[{"href":"https:\/\/agora.xtec.cat\/insjoandaustria\/wp-json\/wp\/v2\/posts\/9352","targetHints":{"allow":["GET"]}}],"collection":[{"href":"https:\/\/agora.xtec.cat\/insjoandaustria\/wp-json\/wp\/v2\/posts"}],"about":[{"href":"https:\/\/agora.xtec.cat\/insjoandaustria\/wp-json\/wp\/v2\/types\/post"}],"author":[{"embeddable":true,"href":"https:\/\/agora.xtec.cat\/insjoandaustria\/wp-json\/wp\/v2\/users\/270"}],"replies":[{"embeddable":true,"href":"https:\/\/agora.xtec.cat\/insjoandaustria\/wp-json\/wp\/v2\/comments?post=9352"}],"version-history":[{"count":3,"href":"https:\/\/agora.xtec.cat\/insjoandaustria\/wp-json\/wp\/v2\/posts\/9352\/revisions"}],"predecessor-version":[{"id":9355,"href":"https:\/\/agora.xtec.cat\/insjoandaustria\/wp-json\/wp\/v2\/posts\/9352\/revisions\/9355"}],"wp:attachment":[{"href":"https:\/\/agora.xtec.cat\/insjoandaustria\/wp-json\/wp\/v2\/media?parent=9352"}],"wp:term":[{"taxonomy":"category","embeddable":true,"href":"https:\/\/agora.xtec.cat\/insjoandaustria\/wp-json\/wp\/v2\/categories?post=9352"},{"taxonomy":"post_tag","embeddable":true,"href":"https:\/\/agora.xtec.cat\/insjoandaustria\/wp-json\/wp\/v2\/tags?post=9352"}],"curies":[{"name":"wp","href":"https:\/\/api.w.org\/{rel}","templated":true}]}}