{"id":9320,"date":"2022-12-20T16:00:30","date_gmt":"2022-12-20T15:00:30","guid":{"rendered":"https:\/\/agora.xtec.cat\/insjoandaustria\/?p=9320"},"modified":"2022-12-20T19:03:44","modified_gmt":"2022-12-20T18:03:44","slug":"visitem-el-mercat-de-sant-marti","status":"publish","type":"post","link":"https:\/\/agora.xtec.cat\/insjoandaustria\/general\/visitem-el-mercat-de-sant-marti\/","title":{"rendered":"Visitem el Mercat de Sant Mart\u00ed"},"content":{"rendered":"<p>Avui, dia 20 de desembre, el grup de suport ling\u00fc\u00edstic de TD hem anat al <strong>mercat de Sant Mart\u00ed de Proven\u00e7als<\/strong> que tenia una decoraci\u00f3 nadalenca i tot estava preparat per a les festes: tot era ple de peixos, mariscos, carn de tot tipus, menjar preparats&#8230;<\/p>\n<p>En una hora hem apr\u00e8s <strong>una bona colla de mots<\/strong>, del perqu\u00e8 del <strong>bacall\u00e0<\/strong> i la <strong>pesca salada<\/strong>; hem apr\u00e8s <strong>costums de les festes<\/strong> i hem vist quins s\u00f3n els<strong> ingredients de la sopa de galets<\/strong>, els <strong>canelons<\/strong>&#8230;<\/p>\n<p>Ha estat una <strong>classe diferent<\/strong>!<\/p>\n<p><a href=\"https:\/\/agora.xtec.cat\/insjoandaustria\/wp-content\/uploads\/usu216\/2022\/12\/JDA-TD-Suport-L-Mercat-Sant-Marti-.png\"><img loading=\"lazy\" decoding=\"async\" class=\"aligncenter size-medium wp-image-9321\" src=\"https:\/\/agora.xtec.cat\/insjoandaustria\/wp-content\/uploads\/usu216\/2022\/12\/JDA-TD-Suport-L-Mercat-Sant-Marti--225x300.png\" alt=\"\" width=\"225\" height=\"300\" srcset=\"https:\/\/agora.xtec.cat\/insjoandaustria\/wp-content\/uploads\/usu216\/2022\/12\/JDA-TD-Suport-L-Mercat-Sant-Marti--225x300.png 225w, https:\/\/agora.xtec.cat\/insjoandaustria\/wp-content\/uploads\/usu216\/2022\/12\/JDA-TD-Suport-L-Mercat-Sant-Marti-.png 434w\" sizes=\"auto, (max-width: 225px) 100vw, 225px\" \/><\/a><\/p>\n","protected":false},"excerpt":{"rendered":"<p>Avui, dia 20 de desembre, el grup de suport ling\u00fc\u00edstic de TD hem anat al mercat de Sant Mart\u00ed de Proven\u00e7als que tenia una decoraci\u00f3 nadalenca i tot estava preparat per a les festes: tot era ple de peixos, mariscos, carn de tot tipus, menjar&hellip;  <a href=\"https:\/\/agora.xtec.cat\/insjoandaustria\/general\/visitem-el-mercat-de-sant-marti\/\" title=\"Read Visitem el Mercat de Sant Mart\u00ed\">Llegeix m\u00e9s\u00bb<\/a><\/p>\n","protected":false},"author":1,"featured_media":9323,"comment_status":"closed","ping_status":"closed","sticky":false,"template":"","format":"standard","meta":{"_bbp_topic_count":0,"_bbp_reply_count":0,"_bbp_total_topic_count":0,"_bbp_total_reply_count":0,"_bbp_voice_count":0,"_bbp_anonymous_reply_count":0,"_bbp_topic_count_hidden":0,"_bbp_reply_count_hidden":0,"_bbp_forum_subforum_count":0,"footnotes":""},"categories":[3,6,1,29],"tags":[],"class_list":["post-9320","post","type-post","status-publish","format-standard","has-post-thumbnail","hentry","category-eso","category-eso-3","category-general","category-portada"],"post_mailing_queue_ids":[],"_links":{"self":[{"href":"https:\/\/agora.xtec.cat\/insjoandaustria\/wp-json\/wp\/v2\/posts\/9320","targetHints":{"allow":["GET"]}}],"collection":[{"href":"https:\/\/agora.xtec.cat\/insjoandaustria\/wp-json\/wp\/v2\/posts"}],"about":[{"href":"https:\/\/agora.xtec.cat\/insjoandaustria\/wp-json\/wp\/v2\/types\/post"}],"author":[{"embeddable":true,"href":"https:\/\/agora.xtec.cat\/insjoandaustria\/wp-json\/wp\/v2\/users\/1"}],"replies":[{"embeddable":true,"href":"https:\/\/agora.xtec.cat\/insjoandaustria\/wp-json\/wp\/v2\/comments?post=9320"}],"version-history":[{"count":3,"href":"https:\/\/agora.xtec.cat\/insjoandaustria\/wp-json\/wp\/v2\/posts\/9320\/revisions"}],"predecessor-version":[{"id":9325,"href":"https:\/\/agora.xtec.cat\/insjoandaustria\/wp-json\/wp\/v2\/posts\/9320\/revisions\/9325"}],"wp:featuredmedia":[{"embeddable":true,"href":"https:\/\/agora.xtec.cat\/insjoandaustria\/wp-json\/wp\/v2\/media\/9323"}],"wp:attachment":[{"href":"https:\/\/agora.xtec.cat\/insjoandaustria\/wp-json\/wp\/v2\/media?parent=9320"}],"wp:term":[{"taxonomy":"category","embeddable":true,"href":"https:\/\/agora.xtec.cat\/insjoandaustria\/wp-json\/wp\/v2\/categories?post=9320"},{"taxonomy":"post_tag","embeddable":true,"href":"https:\/\/agora.xtec.cat\/insjoandaustria\/wp-json\/wp\/v2\/tags?post=9320"}],"curies":[{"name":"wp","href":"https:\/\/api.w.org\/{rel}","templated":true}]}}