{"id":9243,"date":"2022-12-01T12:21:07","date_gmt":"2022-12-01T11:21:07","guid":{"rendered":"https:\/\/agora.xtec.cat\/insjoandaustria\/?p=9243"},"modified":"2022-12-01T12:21:55","modified_gmt":"2022-12-01T11:21:55","slug":"taller-probablement-tequivoquis","status":"publish","type":"post","link":"https:\/\/agora.xtec.cat\/insjoandaustria\/general\/taller-probablement-tequivoquis\/","title":{"rendered":"Taller &#8216;Probablement t&#8217;equivoquis&#8217;"},"content":{"rendered":"<p><span style=\"font-weight: 400\">Dins del marc de la Setmana de la Ci\u00e8ncia 2022, els alumnes de 4t d&#8217;ESO han fet un taller vivencial d\u2019exploraci\u00f3 de jocs i situacions d\u2019atzar on la intu\u00efci\u00f3 ens pot fallar. Han treballat en parelles, experimentat i recollit dades. Cada activitat ha anat acompanyada d\u2019una pluja d\u2019idees i d\u2019una explicaci\u00f3 matem\u00e0tica. Al final els alumnes han acabat fent un \u201cBingo\u201d matem\u00e0tic on han posat a a prova el qu\u00e8 han apr\u00e8s.<\/span><\/p>\n<p><a href=\"https:\/\/agora.xtec.cat\/insjoandaustria\/wp-content\/uploads\/usu216\/2022\/12\/taller-provabilitat.png\"><img loading=\"lazy\" decoding=\"async\" class=\"alignnone size-full wp-image-9244\" src=\"https:\/\/agora.xtec.cat\/insjoandaustria\/wp-content\/uploads\/usu216\/2022\/12\/taller-provabilitat.png\" alt=\"\" width=\"927\" height=\"659\" srcset=\"https:\/\/agora.xtec.cat\/insjoandaustria\/wp-content\/uploads\/usu216\/2022\/12\/taller-provabilitat.png 927w, https:\/\/agora.xtec.cat\/insjoandaustria\/wp-content\/uploads\/usu216\/2022\/12\/taller-provabilitat-300x213.png 300w, https:\/\/agora.xtec.cat\/insjoandaustria\/wp-content\/uploads\/usu216\/2022\/12\/taller-provabilitat-768x546.png 768w\" sizes=\"auto, (max-width: 927px) 100vw, 927px\" \/><\/a><\/p>\n<p>&nbsp;<\/p>\n<p>&nbsp;<\/p>\n","protected":false},"excerpt":{"rendered":"<p>SETMANA DE LA CI\u00c8NCIA: Taller de probabilitat i atzar a 4t d&#8217;ESO&hellip;  <a href=\"https:\/\/agora.xtec.cat\/insjoandaustria\/general\/taller-probablement-tequivoquis\/\" title=\"Read Taller &#8216;Probablement t&#8217;equivoquis&#8217;\">Llegeix m\u00e9s\u00bb<\/a><\/p>\n","protected":false},"author":684,"featured_media":9244,"comment_status":"closed","ping_status":"closed","sticky":false,"template":"","format":"standard","meta":{"_bbp_topic_count":0,"_bbp_reply_count":0,"_bbp_total_topic_count":0,"_bbp_total_reply_count":0,"_bbp_voice_count":0,"_bbp_anonymous_reply_count":0,"_bbp_topic_count_hidden":0,"_bbp_reply_count_hidden":0,"_bbp_forum_subforum_count":0,"footnotes":""},"categories":[7,1,406,29],"tags":[432,403,431,400],"class_list":["post-9243","post","type-post","status-publish","format-standard","has-post-thumbnail","hentry","category-eso-4","category-general","category-matematiques","category-portada","tag-4-eso","tag-matematiques","tag-probabilitat","tag-taller"],"post_mailing_queue_ids":[],"_links":{"self":[{"href":"https:\/\/agora.xtec.cat\/insjoandaustria\/wp-json\/wp\/v2\/posts\/9243","targetHints":{"allow":["GET"]}}],"collection":[{"href":"https:\/\/agora.xtec.cat\/insjoandaustria\/wp-json\/wp\/v2\/posts"}],"about":[{"href":"https:\/\/agora.xtec.cat\/insjoandaustria\/wp-json\/wp\/v2\/types\/post"}],"author":[{"embeddable":true,"href":"https:\/\/agora.xtec.cat\/insjoandaustria\/wp-json\/wp\/v2\/users\/684"}],"replies":[{"embeddable":true,"href":"https:\/\/agora.xtec.cat\/insjoandaustria\/wp-json\/wp\/v2\/comments?post=9243"}],"version-history":[{"count":3,"href":"https:\/\/agora.xtec.cat\/insjoandaustria\/wp-json\/wp\/v2\/posts\/9243\/revisions"}],"predecessor-version":[{"id":9247,"href":"https:\/\/agora.xtec.cat\/insjoandaustria\/wp-json\/wp\/v2\/posts\/9243\/revisions\/9247"}],"wp:featuredmedia":[{"embeddable":true,"href":"https:\/\/agora.xtec.cat\/insjoandaustria\/wp-json\/wp\/v2\/media\/9244"}],"wp:attachment":[{"href":"https:\/\/agora.xtec.cat\/insjoandaustria\/wp-json\/wp\/v2\/media?parent=9243"}],"wp:term":[{"taxonomy":"category","embeddable":true,"href":"https:\/\/agora.xtec.cat\/insjoandaustria\/wp-json\/wp\/v2\/categories?post=9243"},{"taxonomy":"post_tag","embeddable":true,"href":"https:\/\/agora.xtec.cat\/insjoandaustria\/wp-json\/wp\/v2\/tags?post=9243"}],"curies":[{"name":"wp","href":"https:\/\/api.w.org\/{rel}","templated":true}]}}