{"id":9236,"date":"2022-11-21T09:14:54","date_gmt":"2022-11-21T08:14:54","guid":{"rendered":"https:\/\/agora.xtec.cat\/insjoandaustria\/?p=9236"},"modified":"2022-11-21T09:16:55","modified_gmt":"2022-11-21T08:16:55","slug":"volcans-del-mon","status":"publish","type":"post","link":"https:\/\/agora.xtec.cat\/insjoandaustria\/general\/volcans-del-mon\/","title":{"rendered":"Volcans del m\u00f3n"},"content":{"rendered":"<p>L&#8217;alumnat de primer d&#8217;ESO ha treballat les parts dels volcans i ha conegut volcans actius i inactius del m\u00f3n. Entre tots els grups han constru\u00eft un mapa amb una petita mostra dels volcans del m\u00f3n, i ens donen informacions interessants com ara quan van explotar per \u00faltima vegada i qu\u00e8 va passar. Sorpr\u00e8n veure que alguns encara estan en erupci\u00f3 a l&#8217;actualitat.<\/p>\n<p><strong>Aqu\u00ed teniu el <a href=\"https:\/\/www.google.com\/maps\/d\/edit?mid=1GG7fx56EOhT6s1WHbHXMzogSD4sGIAw&amp;usp=sharing\">mapa<\/a> que han fet els alumnes.<\/strong><br \/>\nSi voleu saber quins s\u00f3n <strong>els volcans m\u00e9s actius del m\u00f3n<\/strong> podeu visitar aquest <a href=\"https:\/\/www.nationalgeographic.com.es\/naturaleza\/volcanes-mas-activos-mundo_18207\">mapa<\/a> del National Geographic<br \/>\nEn aquesta <strong><a href=\"https:\/\/volcano.si.edu\/\">web<\/a> <\/strong>trobareu volcans de tot el m\u00f3n amb informaci\u00f3 actualitzada.<\/p>\n<p><a href=\"https:\/\/agora.xtec.cat\/insjoandaustria\/wp-content\/uploads\/usu216\/2022\/11\/1.jpeg\"><img loading=\"lazy\" decoding=\"async\" class=\"wp-image-9241 aligncenter\" src=\"https:\/\/agora.xtec.cat\/insjoandaustria\/wp-content\/uploads\/usu216\/2022\/11\/1.jpeg\" alt=\"\" width=\"541\" height=\"265\" srcset=\"https:\/\/agora.xtec.cat\/insjoandaustria\/wp-content\/uploads\/usu216\/2022\/11\/1.jpeg 449w, https:\/\/agora.xtec.cat\/insjoandaustria\/wp-content\/uploads\/usu216\/2022\/11\/1-300x147.jpeg 300w\" sizes=\"auto, (max-width: 541px) 100vw, 541px\" \/><\/a><\/p>\n","protected":false},"excerpt":{"rendered":"<p>L&#8217;alumnat de primer d&#8217;ESO ha treballat les parts dels volcans i ha conegut volcans actius i inactius del m\u00f3n. Entre tots els grups han constru\u00eft un mapa amb una petita mostra dels volcans del m\u00f3n, i ens donen informacions interessants com ara quan van explotar&hellip;  <a href=\"https:\/\/agora.xtec.cat\/insjoandaustria\/general\/volcans-del-mon\/\" title=\"Read Volcans del m\u00f3n\">Llegeix m\u00e9s\u00bb<\/a><\/p>\n","protected":false},"author":430,"featured_media":9241,"comment_status":"closed","ping_status":"closed","sticky":false,"template":"","format":"standard","meta":{"_bbp_topic_count":0,"_bbp_reply_count":0,"_bbp_total_topic_count":0,"_bbp_total_reply_count":0,"_bbp_voice_count":0,"_bbp_anonymous_reply_count":0,"_bbp_topic_count_hidden":0,"_bbp_reply_count_hidden":0,"_bbp_forum_subforum_count":0,"footnotes":""},"categories":[3,4,1,29],"tags":[],"class_list":["post-9236","post","type-post","status-publish","format-standard","has-post-thumbnail","hentry","category-eso","category-eso-1","category-general","category-portada"],"post_mailing_queue_ids":[],"_links":{"self":[{"href":"https:\/\/agora.xtec.cat\/insjoandaustria\/wp-json\/wp\/v2\/posts\/9236","targetHints":{"allow":["GET"]}}],"collection":[{"href":"https:\/\/agora.xtec.cat\/insjoandaustria\/wp-json\/wp\/v2\/posts"}],"about":[{"href":"https:\/\/agora.xtec.cat\/insjoandaustria\/wp-json\/wp\/v2\/types\/post"}],"author":[{"embeddable":true,"href":"https:\/\/agora.xtec.cat\/insjoandaustria\/wp-json\/wp\/v2\/users\/430"}],"replies":[{"embeddable":true,"href":"https:\/\/agora.xtec.cat\/insjoandaustria\/wp-json\/wp\/v2\/comments?post=9236"}],"version-history":[{"count":3,"href":"https:\/\/agora.xtec.cat\/insjoandaustria\/wp-json\/wp\/v2\/posts\/9236\/revisions"}],"predecessor-version":[{"id":9242,"href":"https:\/\/agora.xtec.cat\/insjoandaustria\/wp-json\/wp\/v2\/posts\/9236\/revisions\/9242"}],"wp:featuredmedia":[{"embeddable":true,"href":"https:\/\/agora.xtec.cat\/insjoandaustria\/wp-json\/wp\/v2\/media\/9241"}],"wp:attachment":[{"href":"https:\/\/agora.xtec.cat\/insjoandaustria\/wp-json\/wp\/v2\/media?parent=9236"}],"wp:term":[{"taxonomy":"category","embeddable":true,"href":"https:\/\/agora.xtec.cat\/insjoandaustria\/wp-json\/wp\/v2\/categories?post=9236"},{"taxonomy":"post_tag","embeddable":true,"href":"https:\/\/agora.xtec.cat\/insjoandaustria\/wp-json\/wp\/v2\/tags?post=9236"}],"curies":[{"name":"wp","href":"https:\/\/api.w.org\/{rel}","templated":true}]}}