{"id":9199,"date":"2022-11-20T14:10:28","date_gmt":"2022-11-20T13:10:28","guid":{"rendered":"https:\/\/agora.xtec.cat\/insjoandaustria\/?p=9199"},"modified":"2022-11-23T14:10:02","modified_gmt":"2022-11-23T13:10:02","slug":"un-mon-mes-sostenible-es-possible","status":"publish","type":"post","link":"https:\/\/agora.xtec.cat\/insjoandaustria\/general\/un-mon-mes-sostenible-es-possible\/","title":{"rendered":"Un m\u00f3n m\u00e9s sostenible&#8230; \u00e9s possible."},"content":{"rendered":"<p>L&#8217;alumnat de primer de batxillerat de l&#8217;assignatura de Reptes de F\u00edsica i Qu\u00edmica han estat treballant la sostenibilitat al planeta i com aportar el nostre granet de sorra per tal de revertir-ho. Han cercat informaci\u00f3 sobre empreses que es dediquen a crear mat\u00e8ries primeres a partir de materials de rebuig, segells que ens mostren que all\u00f2 que comprem \u00e9s sostenible&#8230; al cap i a la fi, empreses que opten per construir un m\u00f3n millor. I ens ho presenten d&#8217;una manera molt original i creativa. Ha estat un repte per a tot@s ell@s i, val a dir, que el resultat ha estat fant\u00e0stic!<\/p>\n<p><a href=\"https:\/\/agora.xtec.cat\/insjoandaustria\/wp-content\/uploads\/usu216\/2022\/11\/Rainforest-alliance-BB.png\"><img loading=\"lazy\" decoding=\"async\" class=\"alignnone size-thumbnail wp-image-9232\" src=\"https:\/\/agora.xtec.cat\/insjoandaustria\/wp-content\/uploads\/usu216\/2022\/11\/Rainforest-alliance-BB-150x150.png\" alt=\"\" width=\"150\" height=\"150\" \/><\/a><a href=\"https:\/\/agora.xtec.cat\/insjoandaustria\/wp-content\/uploads\/usu216\/2022\/11\/Parley-5.png\"><img loading=\"lazy\" decoding=\"async\" class=\"alignnone size-thumbnail wp-image-9228\" src=\"https:\/\/agora.xtec.cat\/insjoandaustria\/wp-content\/uploads\/usu216\/2022\/11\/Parley-5-150x150.png\" alt=\"\" width=\"150\" height=\"150\" \/><\/a> \u00a0<a href=\"https:\/\/agora.xtec.cat\/insjoandaustria\/wp-content\/uploads\/usu216\/2022\/11\/GREEN-GURU-5.png\"><img loading=\"lazy\" decoding=\"async\" class=\"alignnone size-thumbnail wp-image-9230\" src=\"https:\/\/agora.xtec.cat\/insjoandaustria\/wp-content\/uploads\/usu216\/2022\/11\/GREEN-GURU-5-150x150.png\" alt=\"\" width=\"150\" height=\"150\" \/><\/a> <a href=\"https:\/\/agora.xtec.cat\/insjoandaustria\/wp-content\/uploads\/usu216\/2022\/11\/Algues-6.png\"><img loading=\"lazy\" decoding=\"async\" class=\"alignnone size-thumbnail wp-image-9231\" src=\"https:\/\/agora.xtec.cat\/insjoandaustria\/wp-content\/uploads\/usu216\/2022\/11\/Algues-6-150x150.png\" alt=\"\" width=\"150\" height=\"150\" \/><\/a><\/p>\n","protected":false},"excerpt":{"rendered":"<p>L&#8217;alumnat de primer de batxillerat de l&#8217;assignatura de Reptes de F\u00edsica i Qu\u00edmica han estat treballant la sostenibilitat al planeta i com aportar el nostre granet de sorra per tal de revertir-ho. Han cercat informaci\u00f3 sobre empreses que es dediquen a crear mat\u00e8ries primeres a&hellip;  <a href=\"https:\/\/agora.xtec.cat\/insjoandaustria\/general\/un-mon-mes-sostenible-es-possible\/\" title=\"Read Un m\u00f3n m\u00e9s sostenible&#8230; \u00e9s possible.\">Llegeix m\u00e9s\u00bb<\/a><\/p>\n","protected":false},"author":701,"featured_media":9205,"comment_status":"closed","ping_status":"closed","sticky":false,"template":"","format":"standard","meta":{"_bbp_topic_count":0,"_bbp_reply_count":0,"_bbp_total_topic_count":0,"_bbp_total_reply_count":0,"_bbp_voice_count":0,"_bbp_anonymous_reply_count":0,"_bbp_topic_count_hidden":0,"_bbp_reply_count_hidden":0,"_bbp_forum_subforum_count":0,"footnotes":""},"categories":[8,3,1,29,70],"tags":[],"class_list":["post-9199","post","type-post","status-publish","format-standard","has-post-thumbnail","hentry","category-batxillerat","category-eso","category-general","category-portada","category-projectes"],"post_mailing_queue_ids":[],"_links":{"self":[{"href":"https:\/\/agora.xtec.cat\/insjoandaustria\/wp-json\/wp\/v2\/posts\/9199","targetHints":{"allow":["GET"]}}],"collection":[{"href":"https:\/\/agora.xtec.cat\/insjoandaustria\/wp-json\/wp\/v2\/posts"}],"about":[{"href":"https:\/\/agora.xtec.cat\/insjoandaustria\/wp-json\/wp\/v2\/types\/post"}],"author":[{"embeddable":true,"href":"https:\/\/agora.xtec.cat\/insjoandaustria\/wp-json\/wp\/v2\/users\/701"}],"replies":[{"embeddable":true,"href":"https:\/\/agora.xtec.cat\/insjoandaustria\/wp-json\/wp\/v2\/comments?post=9199"}],"version-history":[{"count":3,"href":"https:\/\/agora.xtec.cat\/insjoandaustria\/wp-json\/wp\/v2\/posts\/9199\/revisions"}],"predecessor-version":[{"id":9235,"href":"https:\/\/agora.xtec.cat\/insjoandaustria\/wp-json\/wp\/v2\/posts\/9199\/revisions\/9235"}],"wp:featuredmedia":[{"embeddable":true,"href":"https:\/\/agora.xtec.cat\/insjoandaustria\/wp-json\/wp\/v2\/media\/9205"}],"wp:attachment":[{"href":"https:\/\/agora.xtec.cat\/insjoandaustria\/wp-json\/wp\/v2\/media?parent=9199"}],"wp:term":[{"taxonomy":"category","embeddable":true,"href":"https:\/\/agora.xtec.cat\/insjoandaustria\/wp-json\/wp\/v2\/categories?post=9199"},{"taxonomy":"post_tag","embeddable":true,"href":"https:\/\/agora.xtec.cat\/insjoandaustria\/wp-json\/wp\/v2\/tags?post=9199"}],"curies":[{"name":"wp","href":"https:\/\/api.w.org\/{rel}","templated":true}]}}