{"id":9182,"date":"2022-11-09T15:38:52","date_gmt":"2022-11-09T14:38:52","guid":{"rendered":"https:\/\/agora.xtec.cat\/insjoandaustria\/?p=9182"},"modified":"2022-11-10T17:42:30","modified_gmt":"2022-11-10T16:42:30","slug":"27a-setmana-de-la-ciencia","status":"publish","type":"post","link":"https:\/\/agora.xtec.cat\/insjoandaustria\/general\/27a-setmana-de-la-ciencia\/","title":{"rendered":"27a Setmana de la Ci\u00e8ncia"},"content":{"rendered":"<p>Aquest divendres 11 de novembre comen\u00e7a la Setmana de la Ci\u00e8ncia.\u00a0<span style=\"font-weight: 400\">L\u2019edici\u00f3 d\u2019enguany t\u00e9 per objectiu fomentar la participaci\u00f3 activa de la ciutadania en la recerca cient\u00edfica.\u00a0<\/span><\/p>\n<p>Per celebrar-ho s&#8217;han preparat xerrades, tallers, visites&#8230; Esperem que l&#8217;alumnat pugui apropar-se al m\u00f3n de la ci\u00e8ncia, la tecnologia i la matem\u00e0tica.<\/p>\n<p><a href=\"https:\/\/agora.xtec.cat\/insjoandaustria\/wp-content\/uploads\/usu216\/2022\/11\/SetmanaCiencia2022.png\"><img loading=\"lazy\" decoding=\"async\" class=\"aligncenter size-medium wp-image-9184\" src=\"https:\/\/agora.xtec.cat\/insjoandaustria\/wp-content\/uploads\/usu216\/2022\/11\/SetmanaCiencia2022-300x220.png\" alt=\"\" width=\"300\" height=\"220\" srcset=\"https:\/\/agora.xtec.cat\/insjoandaustria\/wp-content\/uploads\/usu216\/2022\/11\/SetmanaCiencia2022-300x220.png 300w, https:\/\/agora.xtec.cat\/insjoandaustria\/wp-content\/uploads\/usu216\/2022\/11\/SetmanaCiencia2022-1024x751.png 1024w, https:\/\/agora.xtec.cat\/insjoandaustria\/wp-content\/uploads\/usu216\/2022\/11\/SetmanaCiencia2022-768x563.png 768w, https:\/\/agora.xtec.cat\/insjoandaustria\/wp-content\/uploads\/usu216\/2022\/11\/SetmanaCiencia2022.png 1184w\" sizes=\"auto, (max-width: 300px) 100vw, 300px\" \/><\/a><\/p>\n","protected":false},"excerpt":{"rendered":"<p>Aquest divendres 11 de novembre comen\u00e7a la Setmana de la Ci\u00e8ncia.\u00a0L\u2019edici\u00f3 d\u2019enguany t\u00e9 per objectiu fomentar la participaci\u00f3 activa de la ciutadania en la recerca cient\u00edfica.\u00a0<br \/>\nPer celebrar-ho s&#8217;han preparat xerrades, tallers, visites&#8230; Esperem que l&#8217;alumnat pugui apropar-se al m\u00f3n de la ci\u00e8ncia, la tecnologia i&hellip;  <a href=\"https:\/\/agora.xtec.cat\/insjoandaustria\/general\/27a-setmana-de-la-ciencia\/\" title=\"Read 27a Setmana de la Ci\u00e8ncia\">Llegeix m\u00e9s\u00bb<\/a><\/p>\n","protected":false},"author":274,"featured_media":9184,"comment_status":"closed","ping_status":"closed","sticky":false,"template":"","format":"standard","meta":{"_bbp_topic_count":0,"_bbp_reply_count":0,"_bbp_total_topic_count":0,"_bbp_total_reply_count":0,"_bbp_voice_count":0,"_bbp_anonymous_reply_count":0,"_bbp_topic_count_hidden":0,"_bbp_reply_count_hidden":0,"_bbp_forum_subforum_count":0,"footnotes":""},"categories":[8,3,1,29,70],"tags":[],"class_list":["post-9182","post","type-post","status-publish","format-standard","has-post-thumbnail","hentry","category-batxillerat","category-eso","category-general","category-portada","category-projectes"],"post_mailing_queue_ids":[],"_links":{"self":[{"href":"https:\/\/agora.xtec.cat\/insjoandaustria\/wp-json\/wp\/v2\/posts\/9182","targetHints":{"allow":["GET"]}}],"collection":[{"href":"https:\/\/agora.xtec.cat\/insjoandaustria\/wp-json\/wp\/v2\/posts"}],"about":[{"href":"https:\/\/agora.xtec.cat\/insjoandaustria\/wp-json\/wp\/v2\/types\/post"}],"author":[{"embeddable":true,"href":"https:\/\/agora.xtec.cat\/insjoandaustria\/wp-json\/wp\/v2\/users\/274"}],"replies":[{"embeddable":true,"href":"https:\/\/agora.xtec.cat\/insjoandaustria\/wp-json\/wp\/v2\/comments?post=9182"}],"version-history":[{"count":3,"href":"https:\/\/agora.xtec.cat\/insjoandaustria\/wp-json\/wp\/v2\/posts\/9182\/revisions"}],"predecessor-version":[{"id":9187,"href":"https:\/\/agora.xtec.cat\/insjoandaustria\/wp-json\/wp\/v2\/posts\/9182\/revisions\/9187"}],"wp:featuredmedia":[{"embeddable":true,"href":"https:\/\/agora.xtec.cat\/insjoandaustria\/wp-json\/wp\/v2\/media\/9184"}],"wp:attachment":[{"href":"https:\/\/agora.xtec.cat\/insjoandaustria\/wp-json\/wp\/v2\/media?parent=9182"}],"wp:term":[{"taxonomy":"category","embeddable":true,"href":"https:\/\/agora.xtec.cat\/insjoandaustria\/wp-json\/wp\/v2\/categories?post=9182"},{"taxonomy":"post_tag","embeddable":true,"href":"https:\/\/agora.xtec.cat\/insjoandaustria\/wp-json\/wp\/v2\/tags?post=9182"}],"curies":[{"name":"wp","href":"https:\/\/api.w.org\/{rel}","templated":true}]}}