{"id":9174,"date":"2022-10-04T16:11:09","date_gmt":"2022-10-04T14:11:09","guid":{"rendered":"https:\/\/agora.xtec.cat\/insjoandaustria\/?p=9174"},"modified":"2022-11-16T20:41:36","modified_gmt":"2022-11-16T19:41:36","slug":"xerrada-estrategies-de-negociacio-2","status":"publish","type":"post","link":"https:\/\/agora.xtec.cat\/insjoandaustria\/general\/xerrada-estrategies-de-negociacio-2\/","title":{"rendered":"XERRADA: &#8220;Estrat\u00e8gies de negociaci\u00f3&#8221;"},"content":{"rendered":"<p>Estimades fam\u00edlies,<\/p>\n<p>Ens posem en contacte novament amb vosaltres per informar-vos de la propera xerrada per fam\u00edlies que l&#8217;AFA, en col\u00b7laboraci\u00f3 amb l&#8217;Institut, ha previst per aquest mes d&#8217;octubre, a c\u00e0rrec de les professionals del <strong>Centre per a Fam\u00edlies amb Adolescents<\/strong>.<\/p>\n<p>Us detallem a continuaci\u00f3 les dades d&#8217;aquesta activitat:<\/p>\n<p><strong>T\u00edtol de la xerrada<\/strong>: &#8220;<em>Estrat\u00e8gies de negociaci\u00f3<\/em>&#8221;<br \/>\n<strong>Data<\/strong>: dijous, dia <em><strong>27 d&#8217;octubre<\/strong><\/em> de 2022<br \/>\n<strong>Hora<\/strong>: de <em><strong>17:30h &#8211; 19:30<\/strong><\/em>h<br \/>\n<strong>Format i lloc<\/strong>: Presencial. Biblioteca del centre<br \/>\n<strong>Contingut<\/strong>: Us proposem dues hores per practicar eines de negociaci\u00f3 amb els vostres adolescents. Representarem situacions quotidianes per observar qu\u00e8 fem, com ens sentim davant del conflicte i adonar nos de qu\u00e8 est\u00e0 al nostre abast a l&#8217;hora de negociar. Posarem \u00e8mfasi en identificar les pr\u00f2pies necessitats i emocions per formular millor les nostres peticions.<\/p>\n<div>\n<p><span style=\"color: #000000;\">Per poder assistir a la xerrada <strong>haureu d\u2019omplir el formulari que us adjuntem a l&#8217;enlla\u00e7<\/strong> de m\u00e9s a baix i marcar l&#8217;\u00faltima opci\u00f3 que diu:\u00a0\u201c<strong>Activitat del cat\u00e0leg del Centre per a Fam\u00edlies amb Adolescents realitzada a instituts, escoles, serveis municipals i entitats de Barcelona<\/strong>\u201d i dintre el quadre blanc que hi ha a sota, introduir aquest codi:\u00a0<strong>A5JA8A<\/strong><\/span><\/p>\n<\/div>\n<p><span style=\"color: #000000;\">Enlla\u00e7:\u00a0<a href=\"https:\/\/inscripcions-ajuntament.barcelona.cat\/index.php\/983994?lang=ca\" target=\"_blank\" rel=\"noopener\" data-saferedirecturl=\"https:\/\/www.google.com\/url?q=https:\/\/inscripcions-ajuntament.barcelona.cat\/index.php\/983994?lang%3Dca&amp;source=gmail&amp;ust=1665761846501000&amp;usg=AOvVaw1JOyXFxL1DJoA2AZiFSLM8\">https:\/\/inscripcions-<wbr \/>ajuntament.barcelona.cat\/<wbr \/>index.php\/983994?lang=ca<\/a><br \/>\n<\/span><\/p>\n<p>Desitgem comptar amb la vostra participaci\u00f3<\/p>\n<p>Ens veiem aviat !!!<\/p>\n<p><a href=\"https:\/\/agora.xtec.cat\/insjoandaustria\/wp-content\/uploads\/usu216\/2022\/10\/Cartell-Estrategies-de-Negociacio-R.png\"><img loading=\"lazy\" decoding=\"async\" class=\"aligncenter size-medium wp-image-9176\" src=\"https:\/\/agora.xtec.cat\/insjoandaustria\/wp-content\/uploads\/usu216\/2022\/10\/Cartell-Estrategies-de-Negociacio-R-212x300.png\" alt=\"\" width=\"212\" height=\"300\" srcset=\"https:\/\/agora.xtec.cat\/insjoandaustria\/wp-content\/uploads\/usu216\/2022\/10\/Cartell-Estrategies-de-Negociacio-R-212x300.png 212w, https:\/\/agora.xtec.cat\/insjoandaustria\/wp-content\/uploads\/usu216\/2022\/10\/Cartell-Estrategies-de-Negociacio-R-724x1024.png 724w, https:\/\/agora.xtec.cat\/insjoandaustria\/wp-content\/uploads\/usu216\/2022\/10\/Cartell-Estrategies-de-Negociacio-R-768x1086.png 768w, https:\/\/agora.xtec.cat\/insjoandaustria\/wp-content\/uploads\/usu216\/2022\/10\/Cartell-Estrategies-de-Negociacio-R.png 794w\" sizes=\"auto, (max-width: 212px) 100vw, 212px\" \/><\/a><\/p>\n","protected":false},"excerpt":{"rendered":"<p>Estimades fam\u00edlies,<br \/>\nEns posem en contacte novament amb vosaltres per informar-vos de la propera xerrada per fam\u00edlies que l&#8217;AFA, en col\u00b7laboraci\u00f3 amb l&#8217;Institut, ha previst per aquest mes d&#8217;octubre, a c\u00e0rrec de les professionals del Centre per a Fam\u00edlies amb Adolescents.<br \/>\nUs detallem a continuaci\u00f3 les dades&hellip;  <a href=\"https:\/\/agora.xtec.cat\/insjoandaustria\/general\/xerrada-estrategies-de-negociacio-2\/\" title=\"Read XERRADA: &#8220;Estrat\u00e8gies de negociaci\u00f3&#8221;\">Llegeix m\u00e9s\u00bb<\/a><\/p>\n","protected":false},"author":100,"featured_media":9176,"comment_status":"closed","ping_status":"closed","sticky":false,"template":"","format":"standard","meta":{"_bbp_topic_count":0,"_bbp_reply_count":0,"_bbp_total_topic_count":0,"_bbp_total_reply_count":0,"_bbp_voice_count":0,"_bbp_anonymous_reply_count":0,"_bbp_topic_count_hidden":0,"_bbp_reply_count_hidden":0,"_bbp_forum_subforum_count":0,"footnotes":""},"categories":[31,1,29],"tags":[],"class_list":["post-9174","post","type-post","status-publish","format-standard","has-post-thumbnail","hentry","category-afa","category-general","category-portada"],"post_mailing_queue_ids":[],"_links":{"self":[{"href":"https:\/\/agora.xtec.cat\/insjoandaustria\/wp-json\/wp\/v2\/posts\/9174","targetHints":{"allow":["GET"]}}],"collection":[{"href":"https:\/\/agora.xtec.cat\/insjoandaustria\/wp-json\/wp\/v2\/posts"}],"about":[{"href":"https:\/\/agora.xtec.cat\/insjoandaustria\/wp-json\/wp\/v2\/types\/post"}],"author":[{"embeddable":true,"href":"https:\/\/agora.xtec.cat\/insjoandaustria\/wp-json\/wp\/v2\/users\/100"}],"replies":[{"embeddable":true,"href":"https:\/\/agora.xtec.cat\/insjoandaustria\/wp-json\/wp\/v2\/comments?post=9174"}],"version-history":[{"count":3,"href":"https:\/\/agora.xtec.cat\/insjoandaustria\/wp-json\/wp\/v2\/posts\/9174\/revisions"}],"predecessor-version":[{"id":9179,"href":"https:\/\/agora.xtec.cat\/insjoandaustria\/wp-json\/wp\/v2\/posts\/9174\/revisions\/9179"}],"wp:featuredmedia":[{"embeddable":true,"href":"https:\/\/agora.xtec.cat\/insjoandaustria\/wp-json\/wp\/v2\/media\/9176"}],"wp:attachment":[{"href":"https:\/\/agora.xtec.cat\/insjoandaustria\/wp-json\/wp\/v2\/media?parent=9174"}],"wp:term":[{"taxonomy":"category","embeddable":true,"href":"https:\/\/agora.xtec.cat\/insjoandaustria\/wp-json\/wp\/v2\/categories?post=9174"},{"taxonomy":"post_tag","embeddable":true,"href":"https:\/\/agora.xtec.cat\/insjoandaustria\/wp-json\/wp\/v2\/tags?post=9174"}],"curies":[{"name":"wp","href":"https:\/\/api.w.org\/{rel}","templated":true}]}}