{"id":9163,"date":"2022-09-20T17:27:14","date_gmt":"2022-09-20T15:27:14","guid":{"rendered":"https:\/\/agora.xtec.cat\/insjoandaustria\/?p=9163"},"modified":"2022-10-05T15:54:31","modified_gmt":"2022-10-05T13:54:31","slug":"tancament-de-les-oficines-del-centre-per-manca-de-personal","status":"publish","type":"post","link":"https:\/\/agora.xtec.cat\/insjoandaustria\/general\/tancament-de-les-oficines-del-centre-per-manca-de-personal\/","title":{"rendered":"Tancament de les oficines del centre per canvi de personal"},"content":{"rendered":"<p>Benvolguda comunitat educativa.<\/p>\n<p>Us informem que les oficines del centre romandran tancades el dia 21 de setemrbe de 2022 per canvi de personal administratiu.<\/p>\n<p>Donada aquesta situaci\u00f3 no es podr\u00e0 realitzar cap tr\u00e0mit administratiu de forma temporal.<\/p>\n<p>Salutacions.<\/p>\n","protected":false},"excerpt":{"rendered":"<p>Benvolguda comunitat educativa.<br \/>\nUs informem que les oficines del centre romandran tancades el dia 21 de setemrbe de 2022 per canvi de personal administratiu.<br \/>\nDonada aquesta situaci\u00f3 no es podr\u00e0 realitzar cap tr\u00e0mit administratiu de forma temporal.<br \/>\nSalutacions.<\/p>\n","protected":false},"author":4,"featured_media":0,"comment_status":"closed","ping_status":"closed","sticky":false,"template":"","format":"standard","meta":{"_bbp_topic_count":0,"_bbp_reply_count":0,"_bbp_total_topic_count":0,"_bbp_total_reply_count":0,"_bbp_voice_count":0,"_bbp_anonymous_reply_count":0,"_bbp_topic_count_hidden":0,"_bbp_reply_count_hidden":0,"_bbp_forum_subforum_count":0,"footnotes":""},"categories":[1,29],"tags":[],"class_list":["post-9163","post","type-post","status-publish","format-standard","hentry","category-general","category-portada"],"post_mailing_queue_ids":[],"_links":{"self":[{"href":"https:\/\/agora.xtec.cat\/insjoandaustria\/wp-json\/wp\/v2\/posts\/9163","targetHints":{"allow":["GET"]}}],"collection":[{"href":"https:\/\/agora.xtec.cat\/insjoandaustria\/wp-json\/wp\/v2\/posts"}],"about":[{"href":"https:\/\/agora.xtec.cat\/insjoandaustria\/wp-json\/wp\/v2\/types\/post"}],"author":[{"embeddable":true,"href":"https:\/\/agora.xtec.cat\/insjoandaustria\/wp-json\/wp\/v2\/users\/4"}],"replies":[{"embeddable":true,"href":"https:\/\/agora.xtec.cat\/insjoandaustria\/wp-json\/wp\/v2\/comments?post=9163"}],"version-history":[{"count":3,"href":"https:\/\/agora.xtec.cat\/insjoandaustria\/wp-json\/wp\/v2\/posts\/9163\/revisions"}],"predecessor-version":[{"id":9167,"href":"https:\/\/agora.xtec.cat\/insjoandaustria\/wp-json\/wp\/v2\/posts\/9163\/revisions\/9167"}],"wp:attachment":[{"href":"https:\/\/agora.xtec.cat\/insjoandaustria\/wp-json\/wp\/v2\/media?parent=9163"}],"wp:term":[{"taxonomy":"category","embeddable":true,"href":"https:\/\/agora.xtec.cat\/insjoandaustria\/wp-json\/wp\/v2\/categories?post=9163"},{"taxonomy":"post_tag","embeddable":true,"href":"https:\/\/agora.xtec.cat\/insjoandaustria\/wp-json\/wp\/v2\/tags?post=9163"}],"curies":[{"name":"wp","href":"https:\/\/api.w.org\/{rel}","templated":true}]}}