{"id":9038,"date":"2022-06-10T13:54:05","date_gmt":"2022-06-10T11:54:05","guid":{"rendered":"https:\/\/agora.xtec.cat\/insjoandaustria\/?p=9038"},"modified":"2022-06-10T13:54:50","modified_gmt":"2022-06-10T11:54:50","slug":"sortida-dels-alumnes-deducacio-ambiental","status":"publish","type":"post","link":"https:\/\/agora.xtec.cat\/insjoandaustria\/general\/sortida-dels-alumnes-deducacio-ambiental\/","title":{"rendered":"Sortida dels alumnes d&#8217;Educaci\u00f3 Ambiental"},"content":{"rendered":"<p>Els alumnes de 2n d&#8217;ESO que cursen l&#8217;optativa d&#8217;educaci\u00f3 ambiental van estar veient ocells al Parc Fluvial del Bes\u00f3s.<\/p>\n<p>Van observar entre d&#8217;altres el Bernat pescaire, la polla d&#8217;aigua, l&#8217;\u00e0nec collverd, l&#8217;\u00e0nec cullerot, el gavi\u00e0 argentat i la garsa. Ara \u00e9s \u00e8poca de cria i van poder veure les cries de l&#8217;\u00e0nec collverd.<\/p>\n<p><a href=\"https:\/\/agora.xtec.cat\/insjoandaustria\/wp-content\/uploads\/usu216\/2022\/06\/anec-collverd-3-1.jpg\"><img loading=\"lazy\" decoding=\"async\" class=\"alignnone size-medium wp-image-9043\" src=\"https:\/\/agora.xtec.cat\/insjoandaustria\/wp-content\/uploads\/usu216\/2022\/06\/anec-collverd-3-1-300x225.jpg\" alt=\"\" width=\"300\" height=\"225\" srcset=\"https:\/\/agora.xtec.cat\/insjoandaustria\/wp-content\/uploads\/usu216\/2022\/06\/anec-collverd-3-1-300x225.jpg 300w, https:\/\/agora.xtec.cat\/insjoandaustria\/wp-content\/uploads\/usu216\/2022\/06\/anec-collverd-3-1-1024x768.jpg 1024w, https:\/\/agora.xtec.cat\/insjoandaustria\/wp-content\/uploads\/usu216\/2022\/06\/anec-collverd-3-1-768x576.jpg 768w, https:\/\/agora.xtec.cat\/insjoandaustria\/wp-content\/uploads\/usu216\/2022\/06\/anec-collverd-3-1-200x150.jpg 200w, https:\/\/agora.xtec.cat\/insjoandaustria\/wp-content\/uploads\/usu216\/2022\/06\/anec-collverd-3-1.jpg 1365w\" sizes=\"auto, (max-width: 300px) 100vw, 300px\" \/><\/a> <a href=\"https:\/\/agora.xtec.cat\/insjoandaustria\/wp-content\/uploads\/usu216\/2022\/06\/polla-daigua-1.jpg\"><img loading=\"lazy\" decoding=\"async\" class=\"alignnone size-medium wp-image-9044\" src=\"https:\/\/agora.xtec.cat\/insjoandaustria\/wp-content\/uploads\/usu216\/2022\/06\/polla-daigua-1-300x225.jpg\" alt=\"\" width=\"300\" height=\"225\" srcset=\"https:\/\/agora.xtec.cat\/insjoandaustria\/wp-content\/uploads\/usu216\/2022\/06\/polla-daigua-1-300x225.jpg 300w, https:\/\/agora.xtec.cat\/insjoandaustria\/wp-content\/uploads\/usu216\/2022\/06\/polla-daigua-1-1024x768.jpg 1024w, https:\/\/agora.xtec.cat\/insjoandaustria\/wp-content\/uploads\/usu216\/2022\/06\/polla-daigua-1-768x576.jpg 768w, https:\/\/agora.xtec.cat\/insjoandaustria\/wp-content\/uploads\/usu216\/2022\/06\/polla-daigua-1-200x150.jpg 200w, https:\/\/agora.xtec.cat\/insjoandaustria\/wp-content\/uploads\/usu216\/2022\/06\/polla-daigua-1.jpg 1365w\" sizes=\"auto, (max-width: 300px) 100vw, 300px\" \/><\/a> <a href=\"https:\/\/agora.xtec.cat\/insjoandaustria\/wp-content\/uploads\/usu216\/2022\/06\/anec-collverd-5-1.jpg\"><img loading=\"lazy\" decoding=\"async\" class=\"alignnone size-medium wp-image-9045\" src=\"https:\/\/agora.xtec.cat\/insjoandaustria\/wp-content\/uploads\/usu216\/2022\/06\/anec-collverd-5-1-300x225.jpg\" alt=\"\" width=\"300\" height=\"225\" srcset=\"https:\/\/agora.xtec.cat\/insjoandaustria\/wp-content\/uploads\/usu216\/2022\/06\/anec-collverd-5-1-300x225.jpg 300w, https:\/\/agora.xtec.cat\/insjoandaustria\/wp-content\/uploads\/usu216\/2022\/06\/anec-collverd-5-1-1024x768.jpg 1024w, https:\/\/agora.xtec.cat\/insjoandaustria\/wp-content\/uploads\/usu216\/2022\/06\/anec-collverd-5-1-768x576.jpg 768w, https:\/\/agora.xtec.cat\/insjoandaustria\/wp-content\/uploads\/usu216\/2022\/06\/anec-collverd-5-1-200x150.jpg 200w, https:\/\/agora.xtec.cat\/insjoandaustria\/wp-content\/uploads\/usu216\/2022\/06\/anec-collverd-5-1.jpg 1365w\" sizes=\"auto, (max-width: 300px) 100vw, 300px\" \/><\/a> <a href=\"https:\/\/agora.xtec.cat\/insjoandaustria\/wp-content\/uploads\/usu216\/2022\/06\/anec-collverd-4-1.jpg\"><img loading=\"lazy\" decoding=\"async\" class=\"alignnone size-medium wp-image-9046\" src=\"https:\/\/agora.xtec.cat\/insjoandaustria\/wp-content\/uploads\/usu216\/2022\/06\/anec-collverd-4-1-300x225.jpg\" alt=\"\" width=\"300\" height=\"225\" srcset=\"https:\/\/agora.xtec.cat\/insjoandaustria\/wp-content\/uploads\/usu216\/2022\/06\/anec-collverd-4-1-300x225.jpg 300w, https:\/\/agora.xtec.cat\/insjoandaustria\/wp-content\/uploads\/usu216\/2022\/06\/anec-collverd-4-1-1024x768.jpg 1024w, https:\/\/agora.xtec.cat\/insjoandaustria\/wp-content\/uploads\/usu216\/2022\/06\/anec-collverd-4-1-768x576.jpg 768w, https:\/\/agora.xtec.cat\/insjoandaustria\/wp-content\/uploads\/usu216\/2022\/06\/anec-collverd-4-1-200x150.jpg 200w, https:\/\/agora.xtec.cat\/insjoandaustria\/wp-content\/uploads\/usu216\/2022\/06\/anec-collverd-4-1.jpg 1365w\" sizes=\"auto, (max-width: 300px) 100vw, 300px\" \/><\/a>\u00a0<a href=\"https:\/\/agora.xtec.cat\/insjoandaustria\/wp-content\/uploads\/usu216\/2022\/06\/bernat-pescaire-2-1.jpg\"><img loading=\"lazy\" decoding=\"async\" class=\"alignnone size-medium wp-image-9040\" src=\"https:\/\/agora.xtec.cat\/insjoandaustria\/wp-content\/uploads\/usu216\/2022\/06\/bernat-pescaire-2-1-300x225.jpg\" alt=\"\" width=\"300\" height=\"225\" srcset=\"https:\/\/agora.xtec.cat\/insjoandaustria\/wp-content\/uploads\/usu216\/2022\/06\/bernat-pescaire-2-1-300x225.jpg 300w, https:\/\/agora.xtec.cat\/insjoandaustria\/wp-content\/uploads\/usu216\/2022\/06\/bernat-pescaire-2-1-1024x768.jpg 1024w, https:\/\/agora.xtec.cat\/insjoandaustria\/wp-content\/uploads\/usu216\/2022\/06\/bernat-pescaire-2-1-768x576.jpg 768w, https:\/\/agora.xtec.cat\/insjoandaustria\/wp-content\/uploads\/usu216\/2022\/06\/bernat-pescaire-2-1-200x150.jpg 200w, https:\/\/agora.xtec.cat\/insjoandaustria\/wp-content\/uploads\/usu216\/2022\/06\/bernat-pescaire-2-1.jpg 1365w\" sizes=\"auto, (max-width: 300px) 100vw, 300px\" \/><\/a><a href=\"https:\/\/agora.xtec.cat\/insjoandaustria\/wp-content\/uploads\/usu216\/2022\/06\/anec-collverd-1.jpg\"><img loading=\"lazy\" decoding=\"async\" class=\"alignnone size-medium wp-image-9047\" src=\"https:\/\/agora.xtec.cat\/insjoandaustria\/wp-content\/uploads\/usu216\/2022\/06\/anec-collverd-1-300x225.jpg\" alt=\"\" width=\"300\" height=\"225\" srcset=\"https:\/\/agora.xtec.cat\/insjoandaustria\/wp-content\/uploads\/usu216\/2022\/06\/anec-collverd-1-300x225.jpg 300w, https:\/\/agora.xtec.cat\/insjoandaustria\/wp-content\/uploads\/usu216\/2022\/06\/anec-collverd-1-1024x768.jpg 1024w, https:\/\/agora.xtec.cat\/insjoandaustria\/wp-content\/uploads\/usu216\/2022\/06\/anec-collverd-1-768x576.jpg 768w, https:\/\/agora.xtec.cat\/insjoandaustria\/wp-content\/uploads\/usu216\/2022\/06\/anec-collverd-1-200x150.jpg 200w, https:\/\/agora.xtec.cat\/insjoandaustria\/wp-content\/uploads\/usu216\/2022\/06\/anec-collverd-1.jpg 1365w\" sizes=\"auto, (max-width: 300px) 100vw, 300px\" \/><\/a><\/p>\n","protected":false},"excerpt":{"rendered":"<p>Els alumnes de 2n d&#8217;ESO que cursen l&#8217;optativa d&#8217;educaci\u00f3 ambiental van estar veient ocells al Parc Fluvial del Bes\u00f3s.<br \/>\nVan observar entre d&#8217;altres el Bernat pescaire, la polla d&#8217;aigua, l&#8217;\u00e0nec collverd, l&#8217;\u00e0nec cullerot, el gavi\u00e0 argentat i la garsa. Ara \u00e9s \u00e8poca de cria i van&hellip;  <a href=\"https:\/\/agora.xtec.cat\/insjoandaustria\/general\/sortida-dels-alumnes-deducacio-ambiental\/\" title=\"Read Sortida dels alumnes d&#8217;Educaci\u00f3 Ambiental\">Llegeix m\u00e9s\u00bb<\/a><\/p>\n","protected":false},"author":586,"featured_media":9041,"comment_status":"closed","ping_status":"closed","sticky":false,"template":"","format":"standard","meta":{"_bbp_topic_count":0,"_bbp_reply_count":0,"_bbp_total_topic_count":0,"_bbp_total_reply_count":0,"_bbp_voice_count":0,"_bbp_anonymous_reply_count":0,"_bbp_topic_count_hidden":0,"_bbp_reply_count_hidden":0,"_bbp_forum_subforum_count":0,"footnotes":""},"categories":[1,29,74],"tags":[],"class_list":["post-9038","post","type-post","status-publish","format-standard","has-post-thumbnail","hentry","category-general","category-portada","category-sostenibilitat"],"post_mailing_queue_ids":[],"_links":{"self":[{"href":"https:\/\/agora.xtec.cat\/insjoandaustria\/wp-json\/wp\/v2\/posts\/9038","targetHints":{"allow":["GET"]}}],"collection":[{"href":"https:\/\/agora.xtec.cat\/insjoandaustria\/wp-json\/wp\/v2\/posts"}],"about":[{"href":"https:\/\/agora.xtec.cat\/insjoandaustria\/wp-json\/wp\/v2\/types\/post"}],"author":[{"embeddable":true,"href":"https:\/\/agora.xtec.cat\/insjoandaustria\/wp-json\/wp\/v2\/users\/586"}],"replies":[{"embeddable":true,"href":"https:\/\/agora.xtec.cat\/insjoandaustria\/wp-json\/wp\/v2\/comments?post=9038"}],"version-history":[{"count":2,"href":"https:\/\/agora.xtec.cat\/insjoandaustria\/wp-json\/wp\/v2\/posts\/9038\/revisions"}],"predecessor-version":[{"id":9049,"href":"https:\/\/agora.xtec.cat\/insjoandaustria\/wp-json\/wp\/v2\/posts\/9038\/revisions\/9049"}],"wp:featuredmedia":[{"embeddable":true,"href":"https:\/\/agora.xtec.cat\/insjoandaustria\/wp-json\/wp\/v2\/media\/9041"}],"wp:attachment":[{"href":"https:\/\/agora.xtec.cat\/insjoandaustria\/wp-json\/wp\/v2\/media?parent=9038"}],"wp:term":[{"taxonomy":"category","embeddable":true,"href":"https:\/\/agora.xtec.cat\/insjoandaustria\/wp-json\/wp\/v2\/categories?post=9038"},{"taxonomy":"post_tag","embeddable":true,"href":"https:\/\/agora.xtec.cat\/insjoandaustria\/wp-json\/wp\/v2\/tags?post=9038"}],"curies":[{"name":"wp","href":"https:\/\/api.w.org\/{rel}","templated":true}]}}