{"id":9009,"date":"2022-05-31T09:48:25","date_gmt":"2022-05-31T07:48:25","guid":{"rendered":"https:\/\/agora.xtec.cat\/insjoandaustria\/?p=9009"},"modified":"2022-05-31T09:51:07","modified_gmt":"2022-05-31T07:51:07","slug":"aps-someduviaria","status":"publish","type":"post","link":"https:\/\/agora.xtec.cat\/insjoandaustria\/general\/aps-someduviaria\/","title":{"rendered":"ApS Som Eduvi\u00e0ria"},"content":{"rendered":"<p>Aquest curs l&#8217;alumnat de 4t ESO ha participat\u00a0en l&#8217;<strong><span class=\"hiddenSpellError\">ApS<\/span>\u00a0Som\u00a0<span class=\"hiddenSpellError\">Eduvi\u00e0ria<\/span>.<\/strong> Durant\u00a0el projecte han visitat el Parc de tr\u00e0nsit de la Gu\u00e0rdia Urbana (Castell de Montju\u00efc) i han conegut les causes per les quals es produeixen accidents de bicicleta i patinet a la ciutat de Barcelona. Tamb\u00e9 han pogut parlar amb un voluntari del\u00a0<span class=\"hiddenSpellError\">Guttmann<\/span>\u00a0que els ha explicat com ha refet la seva vida despr\u00e9s de patir un accident de tr\u00e0nsit.<\/p>\n<p><a href=\"https:\/\/agora.xtec.cat\/insjoandaustria\/wp-content\/uploads\/usu216\/2022\/05\/somedu-scaled.jpg\"><img loading=\"lazy\" decoding=\"async\" class=\"aligncenter wp-image-9011\" src=\"https:\/\/agora.xtec.cat\/insjoandaustria\/wp-content\/uploads\/usu216\/2022\/05\/somedu-300x182.jpg\" alt=\"\" width=\"422\" height=\"256\" srcset=\"https:\/\/agora.xtec.cat\/insjoandaustria\/wp-content\/uploads\/usu216\/2022\/05\/somedu-300x182.jpg 300w, https:\/\/agora.xtec.cat\/insjoandaustria\/wp-content\/uploads\/usu216\/2022\/05\/somedu-1024x622.jpg 1024w, https:\/\/agora.xtec.cat\/insjoandaustria\/wp-content\/uploads\/usu216\/2022\/05\/somedu-768x466.jpg 768w, https:\/\/agora.xtec.cat\/insjoandaustria\/wp-content\/uploads\/usu216\/2022\/05\/somedu-1536x932.jpg 1536w, https:\/\/agora.xtec.cat\/insjoandaustria\/wp-content\/uploads\/usu216\/2022\/05\/somedu-2048x1243.jpg 2048w\" sizes=\"auto, (max-width: 422px) 100vw, 422px\" \/><\/a><\/p>\n<p>Aquesta setmana el Caporal ha vingut a veure a tot l&#8217;alumnat i ha recollit els jocs i recursos\u00a0 elaborats per l&#8217;alumnat de l&#8217;ins<span style=\"font-family: inherit;font-size: 1em\">titut i ha entregat un diploma a cada classe.<\/span><\/p>\n\n\t\t<style type=\"text\/css\">\n\t\t\t#gallery-1 {\n\t\t\t\tmargin: auto;\n\t\t\t}\n\t\t\t#gallery-1 .gallery-item {\n\t\t\t\tfloat: left;\n\t\t\t\tmargin-top: 10px;\n\t\t\t\ttext-align: center;\n\t\t\t\twidth: 50%;\n\t\t\t}\n\t\t\t#gallery-1 img {\n\t\t\t\tborder: 2px solid #cfcfcf;\n\t\t\t}\n\t\t\t#gallery-1 .gallery-caption {\n\t\t\t\tmargin-left: 0;\n\t\t\t}\n\t\t\t\/* see gallery_shortcode() in wp-includes\/media.php *\/\n\t\t<\/style>\n\t\t<div id='gallery-1' class='gallery galleryid-9009 gallery-columns-2 gallery-size-full'><dl class='gallery-item'>\n\t\t\t<dt class='gallery-icon landscape'>\n\t\t\t\t<a href='https:\/\/agora.xtec.cat\/insjoandaustria\/general\/aps-someduviaria\/attachment\/treballs2\/'><img loading=\"lazy\" decoding=\"async\" width=\"700\" height=\"560\" src=\"https:\/\/agora.xtec.cat\/insjoandaustria\/wp-content\/uploads\/usu216\/2022\/05\/treballs2.jpg\" class=\"attachment-full size-full\" alt=\"\" aria-describedby=\"gallery-1-9014\" srcset=\"https:\/\/agora.xtec.cat\/insjoandaustria\/wp-content\/uploads\/usu216\/2022\/05\/treballs2.jpg 700w, https:\/\/agora.xtec.cat\/insjoandaustria\/wp-content\/uploads\/usu216\/2022\/05\/treballs2-300x240.jpg 300w\" sizes=\"auto, (max-width: 700px) 100vw, 700px\" \/><\/a>\n\t\t\t<\/dt>\n\t\t\t\t<dd class='wp-caption-text gallery-caption' id='gallery-1-9014'>\n\t\t\t\tTreballs\n\t\t\t\t<\/dd><\/dl><dl class='gallery-item'>\n\t\t\t<dt class='gallery-icon landscape'>\n\t\t\t\t<a href='https:\/\/agora.xtec.cat\/insjoandaustria\/titol\/'><img loading=\"lazy\" decoding=\"async\" width=\"2560\" height=\"2218\" src=\"https:\/\/agora.xtec.cat\/insjoandaustria\/wp-content\/uploads\/usu216\/2022\/05\/titol-scaled.jpg\" class=\"attachment-full size-full\" alt=\"\" aria-describedby=\"gallery-1-9015\" srcset=\"https:\/\/agora.xtec.cat\/insjoandaustria\/wp-content\/uploads\/usu216\/2022\/05\/titol-scaled.jpg 2560w, https:\/\/agora.xtec.cat\/insjoandaustria\/wp-content\/uploads\/usu216\/2022\/05\/titol-300x260.jpg 300w, https:\/\/agora.xtec.cat\/insjoandaustria\/wp-content\/uploads\/usu216\/2022\/05\/titol-1024x887.jpg 1024w, https:\/\/agora.xtec.cat\/insjoandaustria\/wp-content\/uploads\/usu216\/2022\/05\/titol-768x665.jpg 768w, https:\/\/agora.xtec.cat\/insjoandaustria\/wp-content\/uploads\/usu216\/2022\/05\/titol-1536x1331.jpg 1536w, https:\/\/agora.xtec.cat\/insjoandaustria\/wp-content\/uploads\/usu216\/2022\/05\/titol-2048x1774.jpg 2048w\" sizes=\"auto, (max-width: 2560px) 100vw, 2560px\" \/><\/a>\n\t\t\t<\/dt>\n\t\t\t\t<dd class='wp-caption-text gallery-caption' id='gallery-1-9015'>\n\t\t\t\tT\u00edtol\n\t\t\t\t<\/dd><\/dl><br style=\"clear: both\" \/>\n\t\t<\/div>\n\n","protected":false},"excerpt":{"rendered":"<p>Aquest curs l&#8217;alumnat de 4t ESO ha participat\u00a0en l&#8217;ApS\u00a0Som\u00a0Eduvi\u00e0ria. Durant\u00a0el projecte han visitat el Parc de tr\u00e0nsit de la Gu\u00e0rdia Urbana (Castell de Montju\u00efc) i han conegut les causes per les quals es produeixen accidents de bicicleta i patinet a la ciutat de Barcelona. Tamb\u00e9&hellip;  <a href=\"https:\/\/agora.xtec.cat\/insjoandaustria\/general\/aps-someduviaria\/\" title=\"Read ApS Som Eduvi\u00e0ria\">Llegeix m\u00e9s\u00bb<\/a><\/p>\n","protected":false},"author":274,"featured_media":9011,"comment_status":"closed","ping_status":"closed","sticky":false,"template":"","format":"standard","meta":{"_bbp_topic_count":0,"_bbp_reply_count":0,"_bbp_total_topic_count":0,"_bbp_total_reply_count":0,"_bbp_voice_count":0,"_bbp_anonymous_reply_count":0,"_bbp_topic_count_hidden":0,"_bbp_reply_count_hidden":0,"_bbp_forum_subforum_count":0,"footnotes":""},"categories":[3,1,29,70],"tags":[],"class_list":["post-9009","post","type-post","status-publish","format-standard","has-post-thumbnail","hentry","category-eso","category-general","category-portada","category-projectes"],"post_mailing_queue_ids":[],"_links":{"self":[{"href":"https:\/\/agora.xtec.cat\/insjoandaustria\/wp-json\/wp\/v2\/posts\/9009","targetHints":{"allow":["GET"]}}],"collection":[{"href":"https:\/\/agora.xtec.cat\/insjoandaustria\/wp-json\/wp\/v2\/posts"}],"about":[{"href":"https:\/\/agora.xtec.cat\/insjoandaustria\/wp-json\/wp\/v2\/types\/post"}],"author":[{"embeddable":true,"href":"https:\/\/agora.xtec.cat\/insjoandaustria\/wp-json\/wp\/v2\/users\/274"}],"replies":[{"embeddable":true,"href":"https:\/\/agora.xtec.cat\/insjoandaustria\/wp-json\/wp\/v2\/comments?post=9009"}],"version-history":[{"count":3,"href":"https:\/\/agora.xtec.cat\/insjoandaustria\/wp-json\/wp\/v2\/posts\/9009\/revisions"}],"predecessor-version":[{"id":9019,"href":"https:\/\/agora.xtec.cat\/insjoandaustria\/wp-json\/wp\/v2\/posts\/9009\/revisions\/9019"}],"wp:featuredmedia":[{"embeddable":true,"href":"https:\/\/agora.xtec.cat\/insjoandaustria\/wp-json\/wp\/v2\/media\/9011"}],"wp:attachment":[{"href":"https:\/\/agora.xtec.cat\/insjoandaustria\/wp-json\/wp\/v2\/media?parent=9009"}],"wp:term":[{"taxonomy":"category","embeddable":true,"href":"https:\/\/agora.xtec.cat\/insjoandaustria\/wp-json\/wp\/v2\/categories?post=9009"},{"taxonomy":"post_tag","embeddable":true,"href":"https:\/\/agora.xtec.cat\/insjoandaustria\/wp-json\/wp\/v2\/tags?post=9009"}],"curies":[{"name":"wp","href":"https:\/\/api.w.org\/{rel}","templated":true}]}}