{"id":9006,"date":"2022-05-30T10:23:15","date_gmt":"2022-05-30T08:23:15","guid":{"rendered":"https:\/\/agora.xtec.cat\/insjoandaustria\/?p=9006"},"modified":"2022-05-30T10:23:15","modified_gmt":"2022-05-30T08:23:15","slug":"concert-pedagogic-a-lauditori","status":"publish","type":"post","link":"https:\/\/agora.xtec.cat\/insjoandaustria\/general\/concert-pedagogic-a-lauditori\/","title":{"rendered":"Concert pedag\u00f2gic a l\u2019Auditori"},"content":{"rendered":"<div class=\"h7\" tabindex=\"-1\" role=\"listitem\">\n<div class=\"Bk\">\n<div class=\"G3 G2\">\n<div id=\":1qe\">\n<div class=\"adn ads\" data-message-id=\"#msg-a:r-780750232557309987\" data-legacy-message-id=\"18110d50feebba49\">\n<div class=\"gs\">\n<div class=\"\">\n<div id=\":1po\" class=\"ii gt\">\n<div id=\":1ri\" class=\"a3s aiL \">\n<div dir=\"ltr\">\n<p dir=\"ltr\">L\u2019alumnat de primer cicle de l\u2019ESO ha assistit a un concert a l\u2019Auditori de Sant Mart\u00ed de Proven\u00e7als on s\u2019ha fet un rep\u00e0s a les arrels de la m\u00fasica anglosaxona a c\u00e0rrec del conjunt The Mojo Workers. Al llarg del concert, d\u2019una hora de durada, han sonat can\u00e7ons d\u2019artistes com ara Sam Cooke, Aretha Franklin, Bob Dylan, The Beatles o Queen.<\/p>\n<p dir=\"ltr\">\u201cMOJO &amp; Rhythm, un viatge a les arrels de la m\u00fasica anglosaxona\u201d \u00e9s un espectacle on es fa un rep\u00e0s de la hist\u00f2ria de la m\u00fasica anglesa, nord-americana i afroamericana, tocant can\u00e7ons representatives i explicant de forma did\u00e0ctica i entenedora l\u2019origen i l\u2019evoluci\u00f3 d\u2019aquesta m\u00fasica.<\/p>\n<p dir=\"ltr\">L\u2019alumnat ha aplaudit i ha seguit amb entusiasme els diversos estils presents en el repertori: folk, soul, rock i blues.<\/p>\n<p dir=\"ltr\">L\u2019experi\u00e8ncia ha perm\u00e8s a l\u2019alumnat de gaudir de m\u00fasica en viu i d\u2019entendre que les noves formes musicals esdevenen sempre de formes anteriors.<\/p>\n<div class=\"yj6qo\"><\/div>\n<div class=\"adL\"><\/div>\n<\/div>\n<div class=\"adL\"><\/div>\n<\/div>\n<\/div>\n<div class=\"hi\"><\/div>\n<\/div>\n<\/div>\n<div class=\"ajx\"><\/div>\n<\/div>\n<div class=\"gA gt acV\">\n<div class=\"gB xu\">\n<div class=\"ip iq\"><\/div>\n<\/div>\n<\/div>\n<\/div>\n<\/div>\n<\/div>\n<\/div>\n<div class=\"h7 ie\" tabindex=\"-1\" role=\"listitem\">\n<div class=\"Bk\">\n<div class=\"G3 G2 afm\">\n<div>\n<div id=\":1q8\">\n<div class=\"adn ads\" data-message-id=\"#msg-f:1734236222089743514\" data-legacy-message-id=\"18113ea7d6464c9a\">\n<div class=\"aju\">\n<div class=\"aCi\"><\/div>\n<\/div>\n<\/div>\n<\/div>\n<\/div>\n<\/div>\n<\/div>\n<\/div>\n","protected":false},"excerpt":{"rendered":"<p>L\u2019alumnat de primer cicle de l\u2019ESO ha assistit a un concert a l\u2019Auditori de Sant Mart\u00ed de Proven\u00e7als on s\u2019ha fet un rep\u00e0s a les arrels de la m\u00fasica anglosaxona a c\u00e0rrec del conjunt The Mojo Workers. Al llarg del concert, d\u2019una hora de durada,&hellip;  <a href=\"https:\/\/agora.xtec.cat\/insjoandaustria\/general\/concert-pedagogic-a-lauditori\/\" title=\"Read Concert pedag\u00f2gic a l\u2019Auditori\">Llegeix m\u00e9s\u00bb<\/a><\/p>\n","protected":false},"author":408,"featured_media":9007,"comment_status":"closed","ping_status":"closed","sticky":false,"template":"","format":"standard","meta":{"_bbp_topic_count":0,"_bbp_reply_count":0,"_bbp_total_topic_count":0,"_bbp_total_reply_count":0,"_bbp_voice_count":0,"_bbp_anonymous_reply_count":0,"_bbp_topic_count_hidden":0,"_bbp_reply_count_hidden":0,"_bbp_forum_subforum_count":0,"footnotes":""},"categories":[3,1,29],"tags":[],"class_list":["post-9006","post","type-post","status-publish","format-standard","has-post-thumbnail","hentry","category-eso","category-general","category-portada"],"post_mailing_queue_ids":[],"_links":{"self":[{"href":"https:\/\/agora.xtec.cat\/insjoandaustria\/wp-json\/wp\/v2\/posts\/9006","targetHints":{"allow":["GET"]}}],"collection":[{"href":"https:\/\/agora.xtec.cat\/insjoandaustria\/wp-json\/wp\/v2\/posts"}],"about":[{"href":"https:\/\/agora.xtec.cat\/insjoandaustria\/wp-json\/wp\/v2\/types\/post"}],"author":[{"embeddable":true,"href":"https:\/\/agora.xtec.cat\/insjoandaustria\/wp-json\/wp\/v2\/users\/408"}],"replies":[{"embeddable":true,"href":"https:\/\/agora.xtec.cat\/insjoandaustria\/wp-json\/wp\/v2\/comments?post=9006"}],"version-history":[{"count":1,"href":"https:\/\/agora.xtec.cat\/insjoandaustria\/wp-json\/wp\/v2\/posts\/9006\/revisions"}],"predecessor-version":[{"id":9008,"href":"https:\/\/agora.xtec.cat\/insjoandaustria\/wp-json\/wp\/v2\/posts\/9006\/revisions\/9008"}],"wp:featuredmedia":[{"embeddable":true,"href":"https:\/\/agora.xtec.cat\/insjoandaustria\/wp-json\/wp\/v2\/media\/9007"}],"wp:attachment":[{"href":"https:\/\/agora.xtec.cat\/insjoandaustria\/wp-json\/wp\/v2\/media?parent=9006"}],"wp:term":[{"taxonomy":"category","embeddable":true,"href":"https:\/\/agora.xtec.cat\/insjoandaustria\/wp-json\/wp\/v2\/categories?post=9006"},{"taxonomy":"post_tag","embeddable":true,"href":"https:\/\/agora.xtec.cat\/insjoandaustria\/wp-json\/wp\/v2\/tags?post=9006"}],"curies":[{"name":"wp","href":"https:\/\/api.w.org\/{rel}","templated":true}]}}