{"id":9001,"date":"2022-05-19T18:28:49","date_gmt":"2022-05-19T16:28:49","guid":{"rendered":"https:\/\/agora.xtec.cat\/insjoandaustria\/?p=9001"},"modified":"2022-05-19T18:29:46","modified_gmt":"2022-05-19T16:29:46","slug":"xerrada-comunicacio-assertiva","status":"publish","type":"post","link":"https:\/\/agora.xtec.cat\/insjoandaustria\/general\/xerrada-comunicacio-assertiva\/","title":{"rendered":"XERRADA: Comunicaci\u00f3 assertiva"},"content":{"rendered":"<p>Tornem a comunicar-nos amb vosaltres per informar-vos de la programaci\u00f3 d&#8217;una nova xerrada. Us detallem a continuaci\u00f3 informaci\u00f3 de contingut, data, horari i forma d&#8217;inscripci\u00f3.<\/p>\n<p>Comencem amb una nova xerrada per fam\u00edlies que tenim prevista per aquest mes d&#8217;abril, a c\u00e0rrec de les professionals del Centre per a Fam\u00edlies amb Adolescents. Us detallem a continuaci\u00f3 les dades d&#8217;aquesta activitat:<\/p>\n<p><strong>NOM DE LA XERRADA<\/strong>: &#8220;Comunicaci\u00f3 assertiva&#8221;<br \/>\n<strong>DATA<\/strong>: dimecres 1 de juny<br \/>\n<strong>HORA<\/strong>: De 17:30h \u2013 19:30h<br \/>\n<strong>FORMAT<\/strong>: presencial, a la Biblioteca de l&#8217;Institut<\/p>\n<p>CONTINGUT: Existeixen diferents models de comunicaci\u00f3, per\u00f2, som conscients de quin adoptem nosaltres en cada situaci\u00f3? Qu\u00e8 reben els nostres fills i filles quan ens expressem? Aprendrem i practicarem pautes per afavorir l&#8217;assertivitat i comunicar les nostres demandes d&#8217;una forma clara, respectant els altres i a nosaltres mateixos.<\/p>\n<p>Per poder assistir a la xerrada haureu d\u2019omplir el formulari que us adjuntem a l\u2019enlla\u00e7 de m\u00e9s a baix i marcar l\u2019\u00faltima opci\u00f3 que diu: \u201cActivitat del cat\u00e0leg del Centre per a Fam\u00edlies amb Adolescents realitzada a instituts, escoles, serveis municipals i entitats de Barcelona\u201d i dintre el requadre blanc que hi ha a sota, introduir aquest codi: A10AJ7B<\/p>\n<p>Catal\u00e0:<br \/>\n<a href=\"https:\/\/inscripcions-ajuntament.barcelona.cat\/index.php\/655131?lang=ca\">https:\/\/inscripcions-ajuntament.barcelona.cat\/index.php\/655131?lang=ca<\/a><\/p>\n<p>Castell\u00e0<br \/>\n<a href=\"https:\/\/inscripcions-ajuntament.barcelona.cat\/index.php\/655131?lang=es\">https:\/\/inscripcions-ajuntament.barcelona.cat\/index.php\/655131?lang=es<\/a><\/p>\n<p>Esperem que aquesta xerrada sigui del vostre inter\u00e8s i que us animeu a participar.<\/p>\n<p>Restem a la vostra disposici\u00f3 per aclarir qualsevol dubte.<\/p>\n<p><a href=\"https:\/\/agora.xtec.cat\/insjoandaustria\/wp-content\/uploads\/usu216\/2022\/05\/image-1.png\"><img loading=\"lazy\" decoding=\"async\" class=\"size-full wp-image-9002 alignleft\" src=\"https:\/\/agora.xtec.cat\/insjoandaustria\/wp-content\/uploads\/usu216\/2022\/05\/image-1.png\" alt=\"\" width=\"636\" height=\"899\" srcset=\"https:\/\/agora.xtec.cat\/insjoandaustria\/wp-content\/uploads\/usu216\/2022\/05\/image-1.png 636w, https:\/\/agora.xtec.cat\/insjoandaustria\/wp-content\/uploads\/usu216\/2022\/05\/image-1-212x300.png 212w\" sizes=\"auto, (max-width: 636px) 100vw, 636px\" \/><\/a><\/p>\n","protected":false},"excerpt":{"rendered":"<p>Tornem a comunicar-nos amb vosaltres per informar-vos de la programaci\u00f3 d&#8217;una nova xerrada. Us detallem a continuaci\u00f3 informaci\u00f3 de contingut, data, horari i forma d&#8217;inscripci\u00f3.<br \/>\nComencem amb una nova xerrada per fam\u00edlies que tenim prevista per aquest mes d&#8217;abril, a c\u00e0rrec de les professionals del Centre&hellip;  <a href=\"https:\/\/agora.xtec.cat\/insjoandaustria\/general\/xerrada-comunicacio-assertiva\/\" title=\"Read XERRADA: Comunicaci\u00f3 assertiva\">Llegeix m\u00e9s\u00bb<\/a><\/p>\n","protected":false},"author":100,"featured_media":9002,"comment_status":"closed","ping_status":"closed","sticky":false,"template":"","format":"standard","meta":{"_bbp_topic_count":0,"_bbp_reply_count":0,"_bbp_total_topic_count":0,"_bbp_total_reply_count":0,"_bbp_voice_count":0,"_bbp_anonymous_reply_count":0,"_bbp_topic_count_hidden":0,"_bbp_reply_count_hidden":0,"_bbp_forum_subforum_count":0,"footnotes":""},"categories":[31,1,29],"tags":[391],"class_list":["post-9001","post","type-post","status-publish","format-standard","has-post-thumbnail","hentry","category-afa","category-general","category-portada","tag-afa"],"post_mailing_queue_ids":[],"_links":{"self":[{"href":"https:\/\/agora.xtec.cat\/insjoandaustria\/wp-json\/wp\/v2\/posts\/9001","targetHints":{"allow":["GET"]}}],"collection":[{"href":"https:\/\/agora.xtec.cat\/insjoandaustria\/wp-json\/wp\/v2\/posts"}],"about":[{"href":"https:\/\/agora.xtec.cat\/insjoandaustria\/wp-json\/wp\/v2\/types\/post"}],"author":[{"embeddable":true,"href":"https:\/\/agora.xtec.cat\/insjoandaustria\/wp-json\/wp\/v2\/users\/100"}],"replies":[{"embeddable":true,"href":"https:\/\/agora.xtec.cat\/insjoandaustria\/wp-json\/wp\/v2\/comments?post=9001"}],"version-history":[{"count":2,"href":"https:\/\/agora.xtec.cat\/insjoandaustria\/wp-json\/wp\/v2\/posts\/9001\/revisions"}],"predecessor-version":[{"id":9004,"href":"https:\/\/agora.xtec.cat\/insjoandaustria\/wp-json\/wp\/v2\/posts\/9001\/revisions\/9004"}],"wp:featuredmedia":[{"embeddable":true,"href":"https:\/\/agora.xtec.cat\/insjoandaustria\/wp-json\/wp\/v2\/media\/9002"}],"wp:attachment":[{"href":"https:\/\/agora.xtec.cat\/insjoandaustria\/wp-json\/wp\/v2\/media?parent=9001"}],"wp:term":[{"taxonomy":"category","embeddable":true,"href":"https:\/\/agora.xtec.cat\/insjoandaustria\/wp-json\/wp\/v2\/categories?post=9001"},{"taxonomy":"post_tag","embeddable":true,"href":"https:\/\/agora.xtec.cat\/insjoandaustria\/wp-json\/wp\/v2\/tags?post=9001"}],"curies":[{"name":"wp","href":"https:\/\/api.w.org\/{rel}","templated":true}]}}