{"id":8971,"date":"2022-05-14T20:57:51","date_gmt":"2022-05-14T18:57:51","guid":{"rendered":"https:\/\/agora.xtec.cat\/insjoandaustria\/?p=8971"},"modified":"2022-05-14T20:57:51","modified_gmt":"2022-05-14T18:57:51","slug":"empuries-un-raco-grec-i-roma-de-la-mediterrania","status":"publish","type":"post","link":"https:\/\/agora.xtec.cat\/insjoandaustria\/general\/empuries-un-raco-grec-i-roma-de-la-mediterrania\/","title":{"rendered":"Emp\u00faries: Un rac\u00f3 grec i rom\u00e0 de la Mediterr\u00e0nia"},"content":{"rendered":"<p style=\"text-align: justify\">El passat 20 d\u2019abril, l\u2019alumnat de primer d\u2019ESO va fer una visita al jaciment arqueol\u00f2gic d\u2019Emp\u00faries. Van fer una visita guiada pel jaciment i despr\u00e9s es van dur a terme uns tallers on l\u2019alumnat va poder con\u00e8ixer m\u00e9s a fons diferents aspectes del m\u00f3n grec i rom\u00e0. Un taller de jocs romans, una gimcana grega i una altra romana, i un taller d\u2019arqueologia van ser les activitats que es van dur a terme.<\/p>\n<p>Si voleu fer una visita, aqu\u00ed teniu l\u2019enlla\u00e7 de la web del MAC d\u2019Emp\u00faries: <a href=\"http:\/\/www.macempuries.cat\/\">http:\/\/www.macempuries.cat\/<\/a> i tamb\u00e9 aquest documental <a href=\"https:\/\/www.youtube.com\/watch?v=6uA0_d2b4ZU&amp;ab_channel=100x100enCatal%C3%A0\"><i>Emp\u00faries, l\u2019\u00e0nima de Catalunya<\/i><\/a> .<\/p>\n<p>Moltes gr\u00e0cies a tothom que la va fer possible.<\/p>\n<p><i><\/i><i><a href=\"https:\/\/agora.xtec.cat\/insjoandaustria\/wp-content\/uploads\/usu216\/2022\/05\/Diapositiva1-1.jpg\"><img loading=\"lazy\" decoding=\"async\" class=\"size-full wp-image-8974 aligncenter\" src=\"https:\/\/agora.xtec.cat\/insjoandaustria\/wp-content\/uploads\/usu216\/2022\/05\/Diapositiva1-1.jpg\" alt=\"\" width=\"960\" height=\"720\" srcset=\"https:\/\/agora.xtec.cat\/insjoandaustria\/wp-content\/uploads\/usu216\/2022\/05\/Diapositiva1-1.jpg 960w, https:\/\/agora.xtec.cat\/insjoandaustria\/wp-content\/uploads\/usu216\/2022\/05\/Diapositiva1-1-300x225.jpg 300w, https:\/\/agora.xtec.cat\/insjoandaustria\/wp-content\/uploads\/usu216\/2022\/05\/Diapositiva1-1-768x576.jpg 768w, https:\/\/agora.xtec.cat\/insjoandaustria\/wp-content\/uploads\/usu216\/2022\/05\/Diapositiva1-1-200x150.jpg 200w\" sizes=\"auto, (max-width: 960px) 100vw, 960px\" \/><\/a><\/i><\/p>\n","protected":false},"excerpt":{"rendered":"<p>El passat 20 d\u2019abril, l\u2019alumnat de primer d\u2019ESO va fer una visita al jaciment arqueol\u00f2gic d\u2019Emp\u00faries. Van fer una visita guiada pel jaciment i despr\u00e9s es van dur a terme uns tallers on l\u2019alumnat va poder con\u00e8ixer m\u00e9s a fons diferents aspectes del m\u00f3n grec&hellip;  <a href=\"https:\/\/agora.xtec.cat\/insjoandaustria\/general\/empuries-un-raco-grec-i-roma-de-la-mediterrania\/\" title=\"Read Emp\u00faries: Un rac\u00f3 grec i rom\u00e0 de la Mediterr\u00e0nia\">Llegeix m\u00e9s\u00bb<\/a><\/p>\n","protected":false},"author":430,"featured_media":8974,"comment_status":"closed","ping_status":"closed","sticky":false,"template":"","format":"standard","meta":{"_bbp_topic_count":0,"_bbp_reply_count":0,"_bbp_total_topic_count":0,"_bbp_total_reply_count":0,"_bbp_voice_count":0,"_bbp_anonymous_reply_count":0,"_bbp_topic_count_hidden":0,"_bbp_reply_count_hidden":0,"_bbp_forum_subforum_count":0,"footnotes":""},"categories":[3,4,1,29],"tags":[],"class_list":["post-8971","post","type-post","status-publish","format-standard","has-post-thumbnail","hentry","category-eso","category-eso-1","category-general","category-portada"],"post_mailing_queue_ids":[],"_links":{"self":[{"href":"https:\/\/agora.xtec.cat\/insjoandaustria\/wp-json\/wp\/v2\/posts\/8971","targetHints":{"allow":["GET"]}}],"collection":[{"href":"https:\/\/agora.xtec.cat\/insjoandaustria\/wp-json\/wp\/v2\/posts"}],"about":[{"href":"https:\/\/agora.xtec.cat\/insjoandaustria\/wp-json\/wp\/v2\/types\/post"}],"author":[{"embeddable":true,"href":"https:\/\/agora.xtec.cat\/insjoandaustria\/wp-json\/wp\/v2\/users\/430"}],"replies":[{"embeddable":true,"href":"https:\/\/agora.xtec.cat\/insjoandaustria\/wp-json\/wp\/v2\/comments?post=8971"}],"version-history":[{"count":1,"href":"https:\/\/agora.xtec.cat\/insjoandaustria\/wp-json\/wp\/v2\/posts\/8971\/revisions"}],"predecessor-version":[{"id":8975,"href":"https:\/\/agora.xtec.cat\/insjoandaustria\/wp-json\/wp\/v2\/posts\/8971\/revisions\/8975"}],"wp:featuredmedia":[{"embeddable":true,"href":"https:\/\/agora.xtec.cat\/insjoandaustria\/wp-json\/wp\/v2\/media\/8974"}],"wp:attachment":[{"href":"https:\/\/agora.xtec.cat\/insjoandaustria\/wp-json\/wp\/v2\/media?parent=8971"}],"wp:term":[{"taxonomy":"category","embeddable":true,"href":"https:\/\/agora.xtec.cat\/insjoandaustria\/wp-json\/wp\/v2\/categories?post=8971"},{"taxonomy":"post_tag","embeddable":true,"href":"https:\/\/agora.xtec.cat\/insjoandaustria\/wp-json\/wp\/v2\/tags?post=8971"}],"curies":[{"name":"wp","href":"https:\/\/api.w.org\/{rel}","templated":true}]}}