{"id":8968,"date":"2022-05-14T20:25:08","date_gmt":"2022-05-14T18:25:08","guid":{"rendered":"https:\/\/agora.xtec.cat\/insjoandaustria\/?p=8968"},"modified":"2022-05-14T20:55:51","modified_gmt":"2022-05-14T18:55:51","slug":"els-animals-sagrats-dels-faraons","status":"publish","type":"post","link":"https:\/\/agora.xtec.cat\/insjoandaustria\/general\/els-animals-sagrats-dels-faraons\/","title":{"rendered":"Els animals sagrats dels faraons"},"content":{"rendered":"<p><a href=\"https:\/\/agora.xtec.cat\/insjoandaustria\/wp-content\/uploads\/usu216\/2022\/05\/Diapositiva1.jpg\"><img loading=\"lazy\" decoding=\"async\" class=\"size-full wp-image-8969 aligncenter\" src=\"https:\/\/agora.xtec.cat\/insjoandaustria\/wp-content\/uploads\/usu216\/2022\/05\/Diapositiva1.jpg\" alt=\"\" width=\"960\" height=\"720\" srcset=\"https:\/\/agora.xtec.cat\/insjoandaustria\/wp-content\/uploads\/usu216\/2022\/05\/Diapositiva1.jpg 960w, https:\/\/agora.xtec.cat\/insjoandaustria\/wp-content\/uploads\/usu216\/2022\/05\/Diapositiva1-300x225.jpg 300w, https:\/\/agora.xtec.cat\/insjoandaustria\/wp-content\/uploads\/usu216\/2022\/05\/Diapositiva1-768x576.jpg 768w, https:\/\/agora.xtec.cat\/insjoandaustria\/wp-content\/uploads\/usu216\/2022\/05\/Diapositiva1-200x150.jpg 200w\" sizes=\"auto, (max-width: 960px) 100vw, 960px\" \/><\/a><\/p>\n<p style=\"text-align: justify\">Fa vora cinc mil anys els antics egipcis van posar els animals en el centre del seu m\u00f3n. Aquests tenien el poder d\u2019incitar a l\u2019assassinat, protegir, atacar, curar, i jutjar els humans, aix\u00ed doncs eren presents en tots els \u00e0mbits de la vida i de la mort. A trav\u00e9s de la hist\u00f2ria dels animals sagrats dels faraons podem saber com vivien, qu\u00e8 menjaven, com pensaven, quines eren les seves pors i supersticions, i quines s\u00f3n les hist\u00f2ries de la seva mitologia que ens poden ajudar a comprendre millor la seva societat. Moltes preguntes sorgeixen: Per qu\u00e8 els antics feien m\u00f2mies d\u2019animals? Tenien animals dom\u00e8stics com nosaltres? Com vivien i com eren les seves cases? Faraones o Faraons, qui va governar a Egipte?<\/p>\n<p style=\"text-align: justify\">Sobre aquestes i d\u2019altres q\u00fcestions hem estat treballant a les mat\u00e8ries de Llengua anglesa i Ci\u00e8ncies socials al curs de primer d&#8217;ESO. L\u2019alumnat ha treballat un vocabulari relacionat amb la casa i amb l\u2019\u00e0mbit dom\u00e8stic, per fer-ho han confeccionat unes cases eg\u00edpcies amb les seves parts i els seu integrants. Despr\u00e9s han explicat a la resta de la classe les seves maquetes i quines tasques cadascuna de les persones que les formen fan.Tamb\u00e9 han treballat l\u2019escriptura eg\u00edpcia, per comprovar que els animals hi eren presents, els diferents faraons i faraones, per descobrir que no nom\u00e9s van ser Ells qui van governar, i les hist\u00f2ries mitol\u00f2giques que ens portaven a parlar de la momificaci\u00f3 i del m\u00f3n dels morts. Finalment, l\u2019alumnat ha acabat confeccionant unes infografies amb Canva on havien de relacionar els animals amb els D\u00e9us o Deesses corresponents, i han creat un Codi QR per a cada una.<\/p>\n<p>Us deixem els enlla\u00e7os per poder veure la feina reralizada per l&#8217;alumnat:<\/p>\n<p><a href=\"https:\/\/drive.google.com\/file\/d\/1WGAiQsJKEodUMTRX-RL0tViukvmSh0wK\/view?usp=sharing\">Infografies\u00a0<\/a><\/p>\n<p><a href=\"https:\/\/drive.google.com\/file\/d\/1cwrtLUHwwhEBQC5bHsdaRbQqYoPxi6ob\/view?usp=sharing\">Codis QR de les infografies<\/a><\/p>\n<p><a href=\"https:\/\/drive.google.com\/file\/d\/1qmdhBzNZBr3g-8f-U7gftrACQb_GKH5X\/view?usp=sharing\">La casa eg\u00edpcia<\/a><\/p>\n<p><a href=\"https:\/\/drive.google.com\/file\/d\/1AW0GqGVPQoQdmJYSTzApdKWYztvjAk0A\/view?usp=sharing\">Reines d&#8217;Egipte<\/a><\/p>\n<p>&nbsp;<\/p>\n","protected":false},"excerpt":{"rendered":"<p><a href=\"https:\/\/agora.xtec.cat\/insjoandaustria\/wp-content\/uploads\/usu216\/2022\/05\/Diapositiva1.jpg\"><\/a><br \/>\nFa vora cinc mil anys els antics egipcis van posar els animals en el centre del seu m\u00f3n. Aquests tenien el poder d\u2019incitar a l\u2019assassinat, protegir, atacar, curar, i jutjar els humans, aix\u00ed doncs eren presents en tots els \u00e0mbits de la vida i&hellip;  <a href=\"https:\/\/agora.xtec.cat\/insjoandaustria\/general\/els-animals-sagrats-dels-faraons\/\" title=\"Read Els animals sagrats dels faraons\">Llegeix m\u00e9s\u00bb<\/a><\/p>\n","protected":false},"author":430,"featured_media":8969,"comment_status":"closed","ping_status":"closed","sticky":false,"template":"","format":"standard","meta":{"_bbp_topic_count":0,"_bbp_reply_count":0,"_bbp_total_topic_count":0,"_bbp_total_reply_count":0,"_bbp_voice_count":0,"_bbp_anonymous_reply_count":0,"_bbp_topic_count_hidden":0,"_bbp_reply_count_hidden":0,"_bbp_forum_subforum_count":0,"footnotes":""},"categories":[3,4,1,29,70],"tags":[],"class_list":["post-8968","post","type-post","status-publish","format-standard","has-post-thumbnail","hentry","category-eso","category-eso-1","category-general","category-portada","category-projectes"],"post_mailing_queue_ids":[],"_links":{"self":[{"href":"https:\/\/agora.xtec.cat\/insjoandaustria\/wp-json\/wp\/v2\/posts\/8968","targetHints":{"allow":["GET"]}}],"collection":[{"href":"https:\/\/agora.xtec.cat\/insjoandaustria\/wp-json\/wp\/v2\/posts"}],"about":[{"href":"https:\/\/agora.xtec.cat\/insjoandaustria\/wp-json\/wp\/v2\/types\/post"}],"author":[{"embeddable":true,"href":"https:\/\/agora.xtec.cat\/insjoandaustria\/wp-json\/wp\/v2\/users\/430"}],"replies":[{"embeddable":true,"href":"https:\/\/agora.xtec.cat\/insjoandaustria\/wp-json\/wp\/v2\/comments?post=8968"}],"version-history":[{"count":2,"href":"https:\/\/agora.xtec.cat\/insjoandaustria\/wp-json\/wp\/v2\/posts\/8968\/revisions"}],"predecessor-version":[{"id":8972,"href":"https:\/\/agora.xtec.cat\/insjoandaustria\/wp-json\/wp\/v2\/posts\/8968\/revisions\/8972"}],"wp:featuredmedia":[{"embeddable":true,"href":"https:\/\/agora.xtec.cat\/insjoandaustria\/wp-json\/wp\/v2\/media\/8969"}],"wp:attachment":[{"href":"https:\/\/agora.xtec.cat\/insjoandaustria\/wp-json\/wp\/v2\/media?parent=8968"}],"wp:term":[{"taxonomy":"category","embeddable":true,"href":"https:\/\/agora.xtec.cat\/insjoandaustria\/wp-json\/wp\/v2\/categories?post=8968"},{"taxonomy":"post_tag","embeddable":true,"href":"https:\/\/agora.xtec.cat\/insjoandaustria\/wp-json\/wp\/v2\/tags?post=8968"}],"curies":[{"name":"wp","href":"https:\/\/api.w.org\/{rel}","templated":true}]}}