{"id":8926,"date":"2022-04-21T13:13:20","date_gmt":"2022-04-21T11:13:20","guid":{"rendered":"https:\/\/agora.xtec.cat\/insjoandaustria\/?p=8926"},"modified":"2022-11-16T20:43:11","modified_gmt":"2022-11-16T19:43:11","slug":"preinscripcio-ensenyaments-postobligatoris-2022-2023","status":"publish","type":"post","link":"https:\/\/agora.xtec.cat\/insjoandaustria\/portada\/preinscripcio-ensenyaments-postobligatoris-2022-2023\/","title":{"rendered":"Preinscripci\u00f3 i matr\u00edcula ensenyaments postobligatoris 2022-2023"},"content":{"rendered":"<div class=\"col-sm-12 alumnat\">\n<div class=\"content\">\n<p><a href=\"https:\/\/www.edubcn.cat\/ca\/alumnat_i_familia\/informacio_general_matriculacio\/postobligatoris\" target=\"_blank\" rel=\"noopener\"><img loading=\"lazy\" decoding=\"async\" class=\"alignnone size-full wp-image-8927\" src=\"https:\/\/agora.xtec.cat\/insjoandaustria\/wp-content\/uploads\/usu216\/2022\/04\/20220407_Consorci_Banners_748x250px.jpg\" alt=\"\" width=\"744\" height=\"248\" srcset=\"https:\/\/agora.xtec.cat\/insjoandaustria\/wp-content\/uploads\/usu216\/2022\/04\/20220407_Consorci_Banners_748x250px.jpg 744w, https:\/\/agora.xtec.cat\/insjoandaustria\/wp-content\/uploads\/usu216\/2022\/04\/20220407_Consorci_Banners_748x250px-300x100.jpg 300w\" sizes=\"auto, (max-width: 744px) 100vw, 744px\" \/><\/a><\/p>\n<h2 id=\"subslider-49428\" class=\"h4\">Batxillerat<\/h2>\n<p class=\"h4\"><span style=\"font-family: inherit; font-size: 1em;\">Presentaci\u00f3 de sol\u00b7licituds de preinscripci\u00f3:\u00a0<\/span><strong style=\"font-family: inherit; font-size: 1em;\">del 20 al 26 d&#8217;abril de 2022.<\/strong><\/p>\n<p><a href=\"https:\/\/preinscripcio.gencat.cat\/ca\/estudis\/batxillerat\/inici\/\" target=\"_blank\" rel=\"noopener\">M\u00e9s informaci\u00f3 a la web del departament d&#8217;educaci\u00f3.<\/a><\/p>\n<h2 class=\"h4\"><span style=\"font-family: inherit; font-size: 1em;\">Formaci\u00f3 professional de grau mitj\u00e0<\/span><\/h2>\n<p class=\"h4\"><span style=\"font-family: inherit; font-size: 1em;\">Presentaci\u00f3 de sol\u00b7licituds de preinscripci\u00f3: <\/span><strong style=\"font-family: inherit; font-size: 1em;\">alumnat de continu\u00eftat, del 20 al 26 d\u2019abril<\/strong><span style=\"font-family: inherit; font-size: 1em;\"> i la resta d\u2019alumnat, del 17 al 23 de maig.<\/span><\/p>\n<p><a href=\"https:\/\/preinscripcio.gencat.cat\/ca\/estudis\/fp-grau-mitja\/inici\/\">M\u00e9s informaci\u00f3 a la web del departament d&#8217;educaci\u00f3.<\/a><\/p>\n<h3>Llistes ordenades definitives<\/h3>\n<p><a href=\"https:\/\/agora.xtec.cat\/insjoandaustria\/wp-content\/uploads\/usu216\/2022\/06\/INFORME_BAREM_DEFINITIU_BAREM-CFGM-Continuitat.pdf\">Publicaci\u00f3 de la llista de sol\u00b7licituds que han demanat el centre i l&#8217;ensenyament en primera petici\u00f3 ordenada a 28\/06\/2022 (Alumnat de continu\u00eftat dels estudis obligatoris).<\/a><\/p>\n<p><a href=\"https:\/\/agora.xtec.cat\/insjoandaustria\/wp-content\/uploads\/usu216\/2022\/06\/INFORME_BAREM_DEFINITIU_BAREM-CFGM-Resta-de-lalumnat.pdf\">Publicaci\u00f3 de la llista de sol\u00b7licituds que han demanat el centre i l&#8217;ensenyament en primera petici\u00f3 ordenada a 28\/06\/2022 (Resta de l&#8217;alumnat).<\/a><\/p>\n<h3>Alumnes assignats<\/h3>\n<p><a href=\"https:\/\/agora.xtec.cat\/insjoandaustria\/wp-content\/uploads\/usu216\/2022\/04\/INFORME_ASSIGNADES_INFORME_ASSIGNADES-5.pdf\">Alumnes assignats al centre amb indicaci\u00f3 de la primera petici\u00f3 (Alumnat de continu\u00eftat dels estudis obligatoris).<\/a><\/p>\n<p><strong>Del 11 al 15 de juliol de 2022 en horari d&#8217;oficines (fins les 13:30h del dia 15 de juliol).<\/strong>: matriculaci\u00f3 dels alumnes preinscrits amb pla\u00e7a assignada, alumnat de continu\u00eftat (matr\u00edcula ordin\u00e0ria).<\/p>\n<p><a href=\"https:\/\/agora.xtec.cat\/insjoandaustria\/wp-content\/uploads\/usu216\/2022\/04\/INFORME_ASSIGNADES_INFORME_ASSIGNADES-9.pdf\">Proc\u00e9s per a la resta de l&#8217;alumnat &#8211; Alumnes assignats al centre amb indicaci\u00f3 de la primera petici\u00f3<\/a><\/p>\n<p><strong>Del 18 al 22 de juliol de 2022 en horari d&#8217;oficines (fins les 13:30h del dia 22 de juliol).<\/strong>: matriculaci\u00f3 dels alumnes preinscrits amb pla\u00e7a assignada, resta de l&#8217;alumnat (matr\u00edcula ordin\u00e0ria)<\/p>\n<p>Llista d&#8217;espera<\/p>\n<p><a href=\"https:\/\/agora.xtec.cat\/insjoandaustria\/wp-content\/uploads\/usu216\/2022\/04\/INFORME_LLISTA_ESPERA_OME_LLISTA_ESPERA-3.pdf\">Proc\u00e9s per a la resta de l&#8217;alumnat &#8211; Publicaci\u00f3 de la llista d&#8217;espera del centre<\/a><\/p>\n<p><span style=\"color: #ff0000;\"><strong>Acte p\u00fablic \u00fanic de gesti\u00f3 de la llista d&#8217;espera: Convocat\u00f2ria el divendres 22 de juliol a les 15:00h. Inici de l&#8217;acte 15:30h.<\/strong><\/span><\/p>\n<p><strong>13 de setembre de 2022:<\/strong> <a href=\"https:\/\/agora.xtec.cat\/insjoandaustria\/wp-content\/uploads\/usu216\/2022\/04\/INFORME_VACANTS_OME_VACANTS-CFGM.pdf\">publicaci\u00f3 de centres i cicles formatius amb places vacants per a la segona fase d&#8217;admissi\u00f3.<\/a><\/p>\n<p><span style=\"font-size: 2.3125em; font-weight: bold;\">Formaci\u00f3 professional de grau superior<\/span><\/p>\n<\/div>\n<\/div>\n<div class=\"col-sm-12 alumnat\">\n<div class=\"content\">\n<div class=\"subtitle\">\n<p>Presentaci\u00f3 de sol\u00b7licituds de preinscripci\u00f3:\u00a0<strong>del 25 al 31 de maig de 2022.<\/strong><\/p>\n<p><strong>Del 18 al 22 de juliol de 2022 en horari d&#8217;oficines (fins les 13:30h del dia 22 de juliol)<\/strong>: matriculaci\u00f3. (rebreu les intruccions al correu electr\u00f2nic amb el que vau realitzar la preinscripci\u00f3).<\/p>\n<p><a href=\"https:\/\/preinscripcio.gencat.cat\/ca\/estudis\/fp-grau-superior\/inici\/\" target=\"_blank\" rel=\"noopener\">M\u00e9s informaci\u00f3 a la web del departament d&#8217;educaci\u00f3.<\/a><\/p>\n<p><a href=\"https:\/\/agora.xtec.cat\/insjoandaustria\/wp-content\/uploads\/usu216\/2022\/04\/INFORME_PREINSCRITES_OME_INFORME_PREINSCRITES_OME.pdf\">Alumnes preinscrits al centre<\/a><\/p>\n<p><a href=\"https:\/\/agora.xtec.cat\/insjoandaustria\/wp-content\/uploads\/usu216\/2022\/04\/INFORME_ASSIGNADES_INFORME_ASSIGNADES-7.pdf\">Alumnes assignats al centre amb indicaci\u00f3 de la primera petici\u00f3<\/a><\/p>\n<p><a href=\"https:\/\/agora.xtec.cat\/insjoandaustria\/wp-content\/uploads\/usu216\/2022\/04\/INFORME_LLISTA_ESPERA_OME_LLISTA_ESPERA-1.pdf\">Publicaci\u00f3 de la llista d&#8217;espera del centre<\/a><\/p>\n<p><span style=\"color: #ff0000;\"><strong>Acte p\u00fablic \u00fanic de gesti\u00f3 de la llista d&#8217;espera: Convocat\u00f2ria el divendres 22 de juliol a les 15:00h. Inici de l&#8217;acte 15:30h.<\/strong><\/span><\/p>\n<h2>Curs d&#8217;especialitzaci\u00f3 en Intelig\u00e8ncia Artificial i Big Data<\/h2>\n<p>Presentaci\u00f3 de sol\u00b7licituds: <strong>del 30 juny al 6 de juliol de 2022 en horari d&#8217;oficines (fins les 13:30h del dia 6 de juliol)<\/strong>.<\/p>\n<p>Formalitaci\u00f3 de matr\u00edcula: <strong>del 18 al 22 de juliol de 2022 en horari d&#8217;oficines (fins les 13:30h del dia 22 de juliol).<\/strong><\/p>\n<p><strong>13 de setembre de 2022:<\/strong> <a href=\"https:\/\/agora.xtec.cat\/insjoandaustria\/wp-content\/uploads\/usu216\/2022\/04\/INFORME_VACANTS_OME_VACANTS-CFGS.pdf\">publicaci\u00f3 de centres i cicles formatius amb places vacants per a la segona fase d&#8217;admissi\u00f3.<\/a><\/p>\n<\/div>\n<\/div>\n<\/div>\n","protected":false},"excerpt":{"rendered":"<p>A continuaci\u00f3 podeu accedir als aplicatius per realitzar la presinscripci\u00f3 per als estudis postobligatoris.&hellip;  <a href=\"https:\/\/agora.xtec.cat\/insjoandaustria\/portada\/preinscripcio-ensenyaments-postobligatoris-2022-2023\/\" title=\"Read Preinscripci\u00f3 i matr\u00edcula ensenyaments postobligatoris 2022-2023\">Llegeix m\u00e9s\u00bb<\/a><\/p>\n","protected":false},"author":4,"featured_media":8927,"comment_status":"closed","ping_status":"closed","sticky":false,"template":"","format":"standard","meta":{"_bbp_topic_count":0,"_bbp_reply_count":0,"_bbp_total_topic_count":0,"_bbp_total_reply_count":0,"_bbp_voice_count":0,"_bbp_anonymous_reply_count":0,"_bbp_topic_count_hidden":0,"_bbp_reply_count_hidden":0,"_bbp_forum_subforum_count":0,"footnotes":""},"categories":[29],"tags":[],"class_list":["post-8926","post","type-post","status-publish","format-standard","has-post-thumbnail","hentry","category-portada"],"post_mailing_queue_ids":[],"_links":{"self":[{"href":"https:\/\/agora.xtec.cat\/insjoandaustria\/wp-json\/wp\/v2\/posts\/8926","targetHints":{"allow":["GET"]}}],"collection":[{"href":"https:\/\/agora.xtec.cat\/insjoandaustria\/wp-json\/wp\/v2\/posts"}],"about":[{"href":"https:\/\/agora.xtec.cat\/insjoandaustria\/wp-json\/wp\/v2\/types\/post"}],"author":[{"embeddable":true,"href":"https:\/\/agora.xtec.cat\/insjoandaustria\/wp-json\/wp\/v2\/users\/4"}],"replies":[{"embeddable":true,"href":"https:\/\/agora.xtec.cat\/insjoandaustria\/wp-json\/wp\/v2\/comments?post=8926"}],"version-history":[{"count":3,"href":"https:\/\/agora.xtec.cat\/insjoandaustria\/wp-json\/wp\/v2\/posts\/8926\/revisions"}],"predecessor-version":[{"id":9151,"href":"https:\/\/agora.xtec.cat\/insjoandaustria\/wp-json\/wp\/v2\/posts\/8926\/revisions\/9151"}],"wp:featuredmedia":[{"embeddable":true,"href":"https:\/\/agora.xtec.cat\/insjoandaustria\/wp-json\/wp\/v2\/media\/8927"}],"wp:attachment":[{"href":"https:\/\/agora.xtec.cat\/insjoandaustria\/wp-json\/wp\/v2\/media?parent=8926"}],"wp:term":[{"taxonomy":"category","embeddable":true,"href":"https:\/\/agora.xtec.cat\/insjoandaustria\/wp-json\/wp\/v2\/categories?post=8926"},{"taxonomy":"post_tag","embeddable":true,"href":"https:\/\/agora.xtec.cat\/insjoandaustria\/wp-json\/wp\/v2\/tags?post=8926"}],"curies":[{"name":"wp","href":"https:\/\/api.w.org\/{rel}","templated":true}]}}