{"id":8921,"date":"2022-04-19T17:37:38","date_gmt":"2022-04-19T15:37:38","guid":{"rendered":"https:\/\/agora.xtec.cat\/insjoandaustria\/?p=8921"},"modified":"2022-04-19T17:37:38","modified_gmt":"2022-04-19T15:37:38","slug":"setmana-del-llibre-sant-jordi-2022","status":"publish","type":"post","link":"https:\/\/agora.xtec.cat\/insjoandaustria\/general\/setmana-del-llibre-sant-jordi-2022\/","title":{"rendered":"SETMANA DEL LLIBRE (Sant Jordi 2022)"},"content":{"rendered":"<p>Bona tarda a tots i totes!<br \/>\nEsperem que torneu d&#8217;aquestes mini vacances amb les piles carregades tant com nosaltres \ud83d\ude1c<br \/>\nAquesta setmana comen\u00e7a la setmana del llibre, ja que el dissabte 23 d&#8217;abril \u00e9s la diada de Sant Jordi\ud83c\udf39<\/p>\n<p><a href=\"https:\/\/agora.xtec.cat\/insjoandaustria\/wp-content\/uploads\/usu216\/2022\/04\/SETMANA-DEL-LLIBRE-2022.png\"><img loading=\"lazy\" decoding=\"async\" class=\"aligncenter size-large wp-image-8922\" src=\"https:\/\/agora.xtec.cat\/insjoandaustria\/wp-content\/uploads\/usu216\/2022\/04\/SETMANA-DEL-LLIBRE-2022-1024x512.png\" alt=\"\" width=\"1024\" height=\"512\" srcset=\"https:\/\/agora.xtec.cat\/insjoandaustria\/wp-content\/uploads\/usu216\/2022\/04\/SETMANA-DEL-LLIBRE-2022-1024x512.png 1024w, https:\/\/agora.xtec.cat\/insjoandaustria\/wp-content\/uploads\/usu216\/2022\/04\/SETMANA-DEL-LLIBRE-2022-300x150.png 300w, https:\/\/agora.xtec.cat\/insjoandaustria\/wp-content\/uploads\/usu216\/2022\/04\/SETMANA-DEL-LLIBRE-2022-768x384.png 768w, https:\/\/agora.xtec.cat\/insjoandaustria\/wp-content\/uploads\/usu216\/2022\/04\/SETMANA-DEL-LLIBRE-2022-1536x768.png 1536w, https:\/\/agora.xtec.cat\/insjoandaustria\/wp-content\/uploads\/usu216\/2022\/04\/SETMANA-DEL-LLIBRE-2022-2048x1024.png 2048w\" sizes=\"auto, (max-width: 1024px) 100vw, 1024px\" \/><\/a><\/p>\n<p>Des de la biblioteca (i com ja b\u00e9 sabeu), estem molt m\u00e9s actius a trav\u00e9s del nostre\u00a0<span class=\"hiddenSpellError\">instagram<\/span>\u00a0(<strong>@bibjd<\/strong>) que no pas per aqu\u00ed, per\u00f2 per si no us heu assabentat, us expliquem les propostes que tenim per vosaltres aquesta setmana.<\/p>\n<p>Primerament, us proposem omplir el passad\u00eds de la biblioteca i la mateixa biblioteca tamb\u00e9 de poemes, frases boniques, dibuixos&#8230; el que vulgueu, no hi ha norma! Ha de ser alguna cosa especial per vosaltres i pot ser de creaci\u00f3 pr\u00f2pia o no.<br \/>\n<a href=\"https:\/\/agora.xtec.cat\/insjoandaustria\/wp-content\/uploads\/usu216\/2022\/04\/2.png\"><img loading=\"lazy\" decoding=\"async\" class=\"aligncenter  wp-image-8923\" src=\"https:\/\/agora.xtec.cat\/insjoandaustria\/wp-content\/uploads\/usu216\/2022\/04\/2-1024x1024.png\" alt=\"\" width=\"395\" height=\"395\" srcset=\"https:\/\/agora.xtec.cat\/insjoandaustria\/wp-content\/uploads\/usu216\/2022\/04\/2-1024x1024.png 1024w, https:\/\/agora.xtec.cat\/insjoandaustria\/wp-content\/uploads\/usu216\/2022\/04\/2-300x300.png 300w, https:\/\/agora.xtec.cat\/insjoandaustria\/wp-content\/uploads\/usu216\/2022\/04\/2-150x150.png 150w, https:\/\/agora.xtec.cat\/insjoandaustria\/wp-content\/uploads\/usu216\/2022\/04\/2-768x768.png 768w, https:\/\/agora.xtec.cat\/insjoandaustria\/wp-content\/uploads\/usu216\/2022\/04\/2.png 1080w\" sizes=\"auto, (max-width: 395px) 100vw, 395px\" \/><\/a>La segona proposta que tenim s\u00f3n els &#8220;<span class=\"hiddenSpellError\">book<\/span>\u00a0<span class=\"hiddenGreenError\" style=\"padding-bottom: 2px; background-image: url('..\/..\/..\/..\/..\/images\/squiggle_green.png'); background-repeat: repeat-x; background-position: left bottom; cursor: default; color: #000000; font-family: 'Open Sans', Helvetica, Arial, sans-serif; font-size: 16px; font-style: normal; font-variant-ligatures: normal; font-variant-caps: normal; font-weight: 300; letter-spacing: normal; orphans: 2; text-align: start; text-indent: 0px; text-transform: none; white-space: normal; widows: 2; word-spacing: 0px; -webkit-text-stroke-width: 0px; text-decoration-thickness: initial; text-decoration-style: initial; text-decoration-color: initial;\">faces<\/span>&#8220;, que consisteix a acabar una portada d&#8217;un llibre amb alguna part del cos. Aqu\u00ed us deixem alguns exemples.<\/p>\n<h4><a href=\"https:\/\/agora.xtec.cat\/insjoandaustria\/wp-content\/uploads\/usu216\/2022\/04\/SETMANA-DEL-LLIBRE.png\"><img loading=\"lazy\" decoding=\"async\" class=\"aligncenter size-large wp-image-8924\" src=\"https:\/\/agora.xtec.cat\/insjoandaustria\/wp-content\/uploads\/usu216\/2022\/04\/SETMANA-DEL-LLIBRE-576x1024.png\" alt=\"\" width=\"576\" height=\"1024\" srcset=\"https:\/\/agora.xtec.cat\/insjoandaustria\/wp-content\/uploads\/usu216\/2022\/04\/SETMANA-DEL-LLIBRE-576x1024.png 576w, https:\/\/agora.xtec.cat\/insjoandaustria\/wp-content\/uploads\/usu216\/2022\/04\/SETMANA-DEL-LLIBRE-169x300.png 169w, https:\/\/agora.xtec.cat\/insjoandaustria\/wp-content\/uploads\/usu216\/2022\/04\/SETMANA-DEL-LLIBRE-768x1365.png 768w, https:\/\/agora.xtec.cat\/insjoandaustria\/wp-content\/uploads\/usu216\/2022\/04\/SETMANA-DEL-LLIBRE-864x1536.png 864w, https:\/\/agora.xtec.cat\/insjoandaustria\/wp-content\/uploads\/usu216\/2022\/04\/SETMANA-DEL-LLIBRE.png 1080w\" sizes=\"auto, (max-width: 576px) 100vw, 576px\" \/><\/a><strong>Us animeu?<\/strong><\/p>\n<p><strong>No oblideu seguir-nos al nostre compte d&#8217;<span class=\"hiddenSpellError\">instagram<\/span>! <span class=\"atwho-query\">@bibjda<\/span><\/strong><\/h4>\n","protected":false},"excerpt":{"rendered":"<p>Bona tarda a tots i totes!<br \/>\nEsperem que torneu d&#8217;aquestes mini vacances amb les piles carregades tant com nosaltres \ud83d\ude1c<br \/>\nAquesta setmana comen\u00e7a la setmana del llibre, ja que el dissabte 23 d&#8217;abril \u00e9s la diada de Sant Jordi\ud83c\udf39<br \/>\n<a href=\"https:\/\/agora.xtec.cat\/insjoandaustria\/wp-content\/uploads\/usu216\/2022\/04\/SETMANA-DEL-LLIBRE-2022.png\"><\/a><br \/>\nDes de la biblioteca (i com ja b\u00e9&hellip;  <a href=\"https:\/\/agora.xtec.cat\/insjoandaustria\/general\/setmana-del-llibre-sant-jordi-2022\/\" title=\"Read SETMANA DEL LLIBRE (Sant Jordi 2022)\">Llegeix m\u00e9s\u00bb<\/a><\/p>\n","protected":false},"author":360,"featured_media":8922,"comment_status":"closed","ping_status":"closed","sticky":false,"template":"","format":"standard","meta":{"_bbp_topic_count":0,"_bbp_reply_count":0,"_bbp_total_topic_count":0,"_bbp_total_reply_count":0,"_bbp_voice_count":0,"_bbp_anonymous_reply_count":0,"_bbp_topic_count_hidden":0,"_bbp_reply_count_hidden":0,"_bbp_forum_subforum_count":0,"footnotes":""},"categories":[302,3,1,29],"tags":[],"class_list":["post-8921","post","type-post","status-publish","format-standard","has-post-thumbnail","hentry","category-biblioteca","category-eso","category-general","category-portada"],"post_mailing_queue_ids":[],"_links":{"self":[{"href":"https:\/\/agora.xtec.cat\/insjoandaustria\/wp-json\/wp\/v2\/posts\/8921","targetHints":{"allow":["GET"]}}],"collection":[{"href":"https:\/\/agora.xtec.cat\/insjoandaustria\/wp-json\/wp\/v2\/posts"}],"about":[{"href":"https:\/\/agora.xtec.cat\/insjoandaustria\/wp-json\/wp\/v2\/types\/post"}],"author":[{"embeddable":true,"href":"https:\/\/agora.xtec.cat\/insjoandaustria\/wp-json\/wp\/v2\/users\/360"}],"replies":[{"embeddable":true,"href":"https:\/\/agora.xtec.cat\/insjoandaustria\/wp-json\/wp\/v2\/comments?post=8921"}],"version-history":[{"count":1,"href":"https:\/\/agora.xtec.cat\/insjoandaustria\/wp-json\/wp\/v2\/posts\/8921\/revisions"}],"predecessor-version":[{"id":8925,"href":"https:\/\/agora.xtec.cat\/insjoandaustria\/wp-json\/wp\/v2\/posts\/8921\/revisions\/8925"}],"wp:featuredmedia":[{"embeddable":true,"href":"https:\/\/agora.xtec.cat\/insjoandaustria\/wp-json\/wp\/v2\/media\/8922"}],"wp:attachment":[{"href":"https:\/\/agora.xtec.cat\/insjoandaustria\/wp-json\/wp\/v2\/media?parent=8921"}],"wp:term":[{"taxonomy":"category","embeddable":true,"href":"https:\/\/agora.xtec.cat\/insjoandaustria\/wp-json\/wp\/v2\/categories?post=8921"},{"taxonomy":"post_tag","embeddable":true,"href":"https:\/\/agora.xtec.cat\/insjoandaustria\/wp-json\/wp\/v2\/tags?post=8921"}],"curies":[{"name":"wp","href":"https:\/\/api.w.org\/{rel}","templated":true}]}}