{"id":8910,"date":"2022-04-08T08:57:23","date_gmt":"2022-04-08T06:57:23","guid":{"rendered":"https:\/\/agora.xtec.cat\/insjoandaustria\/?p=8910"},"modified":"2022-04-08T08:57:23","modified_gmt":"2022-04-08T06:57:23","slug":"sortida-la-barcelona-medieval","status":"publish","type":"post","link":"https:\/\/agora.xtec.cat\/insjoandaustria\/general\/sortida-la-barcelona-medieval\/","title":{"rendered":"Sortida: &#8220;La Barcelona medieval&#8221;"},"content":{"rendered":"<p>&nbsp;<\/p>\n<p><span style=\"font-weight: 400\">L\u2019alumnat de Segon de l\u2019ESO ha visitat la Catedral de Barcelona i el Monestir de Pedralbes, dins del projecte \u201cLa Barcelona Medieval\u201d. Aquest projecte, que engloba les assignatures de Catal\u00e0, Castell\u00e0, Educaci\u00f3 Visual i Pl\u00e0stica i Ci\u00e8ncies Socials, busca apropar els estudiants a la Hist\u00f2ria de la ciutat de Barcelona i al descobriment de la cultura i tradicions medievals.<\/span><\/p>\n<p><span style=\"font-weight: 400\">El mat\u00ed al Monestir de Pedralbes s\u2019ha dedicat a la realitat eclesi\u00e0stica i econ\u00f2mica del centre de poder que va significar el convent en els anys medievals. L\u2019alumnat ha pogut visitar els diferents espais que formen l\u2019edifici, tot coneixent la seva import\u00e0ncia amb una recorregut guiat. Des del claustre fins la sala capitular, el nostre amfitri\u00f3 ens va descobrir els secrets de la vida mon\u00e0stica i de la seva promotora, Elisenda de Montcada.\u00a0<\/span><\/p>\n<p><span style=\"font-weight: 400\">Aquesta visita ha ajudat l\u2019alumnat a completar la seva formaci\u00f3 respecte al poder de l\u2019esgl\u00e9sia i la seva jerarquia, la societat feudal i el paper de la dona de l\u2019alta edat mitjana.<\/span><\/p>\n<p><span style=\"font-weight: 400\">Per una altra banda, uns altres grups van anar a la Catedral de Barcelona, que s\u2019ha recorregut acompanyats per una guia. Comen\u00e7ant pel cor i seguint pel claustre, l\u2019alumnat ha pogut veure de primera m\u00e0 com la ciutat de Barcelona va construir no nom\u00e9s el temple, sin\u00f3 com es va crear la ciutat al seu voltant. Centrada en la societat que va al\u00e7ar l\u2019edifici, quines motivacions els movien i com es va organitzar el poder de la ciutat, la visita a la Catedral ha completat el projecte tot situant-los en el centre la muralla medieval.\u00a0<\/span><\/p>\n<p><span style=\"font-weight: 400\">Aprofitant l\u2019entorn, s\u2019ha visitat la casa de l\u2019Ardiaca, la propera Pla\u00e7a del Rei, amb els edificis del Sal\u00f3 del Tinell i la Capella de Santa \u00c0gata, i la pla\u00e7a de Sant Iu.<\/span><\/p>\n<table style=\"border-collapse: collapse;width: 100%\">\n<tbody>\n<tr>\n<td style=\"width: 33.3333%\"><a href=\"https:\/\/agora.xtec.cat\/insjoandaustria\/wp-content\/uploads\/usu216\/2022\/04\/mon_04-scaled.jpg\"><img loading=\"lazy\" decoding=\"async\" class=\"alignnone  wp-image-8918\" src=\"https:\/\/agora.xtec.cat\/insjoandaustria\/wp-content\/uploads\/usu216\/2022\/04\/mon_04-1024x575.jpg\" alt=\"\" width=\"429\" height=\"241\" srcset=\"https:\/\/agora.xtec.cat\/insjoandaustria\/wp-content\/uploads\/usu216\/2022\/04\/mon_04-1024x575.jpg 1024w, https:\/\/agora.xtec.cat\/insjoandaustria\/wp-content\/uploads\/usu216\/2022\/04\/mon_04-300x168.jpg 300w, https:\/\/agora.xtec.cat\/insjoandaustria\/wp-content\/uploads\/usu216\/2022\/04\/mon_04-768x431.jpg 768w, https:\/\/agora.xtec.cat\/insjoandaustria\/wp-content\/uploads\/usu216\/2022\/04\/mon_04-1536x863.jpg 1536w, https:\/\/agora.xtec.cat\/insjoandaustria\/wp-content\/uploads\/usu216\/2022\/04\/mon_04-2048x1150.jpg 2048w\" sizes=\"auto, (max-width: 429px) 100vw, 429px\" \/><\/a><\/td>\n<td style=\"width: 33.3333%\"><a href=\"https:\/\/agora.xtec.cat\/insjoandaustria\/wp-content\/uploads\/usu216\/2022\/04\/mon_02-scaled.jpg\"><img loading=\"lazy\" decoding=\"async\" class=\"alignnone  wp-image-8917\" src=\"https:\/\/agora.xtec.cat\/insjoandaustria\/wp-content\/uploads\/usu216\/2022\/04\/mon_02-1024x575.jpg\" alt=\"\" width=\"422\" height=\"237\" srcset=\"https:\/\/agora.xtec.cat\/insjoandaustria\/wp-content\/uploads\/usu216\/2022\/04\/mon_02-1024x575.jpg 1024w, https:\/\/agora.xtec.cat\/insjoandaustria\/wp-content\/uploads\/usu216\/2022\/04\/mon_02-300x168.jpg 300w, https:\/\/agora.xtec.cat\/insjoandaustria\/wp-content\/uploads\/usu216\/2022\/04\/mon_02-768x431.jpg 768w, https:\/\/agora.xtec.cat\/insjoandaustria\/wp-content\/uploads\/usu216\/2022\/04\/mon_02-1536x863.jpg 1536w, https:\/\/agora.xtec.cat\/insjoandaustria\/wp-content\/uploads\/usu216\/2022\/04\/mon_02-2048x1150.jpg 2048w\" sizes=\"auto, (max-width: 422px) 100vw, 422px\" \/><\/a><\/td>\n<td style=\"width: 33.3333%\"><a href=\"https:\/\/agora.xtec.cat\/insjoandaustria\/wp-content\/uploads\/usu216\/2022\/04\/mon_05-scaled.jpg\"><img loading=\"lazy\" decoding=\"async\" class=\"alignnone  wp-image-8919\" src=\"https:\/\/agora.xtec.cat\/insjoandaustria\/wp-content\/uploads\/usu216\/2022\/04\/mon_05-1024x575.jpg\" alt=\"\" width=\"402\" height=\"226\" srcset=\"https:\/\/agora.xtec.cat\/insjoandaustria\/wp-content\/uploads\/usu216\/2022\/04\/mon_05-1024x575.jpg 1024w, https:\/\/agora.xtec.cat\/insjoandaustria\/wp-content\/uploads\/usu216\/2022\/04\/mon_05-300x168.jpg 300w, https:\/\/agora.xtec.cat\/insjoandaustria\/wp-content\/uploads\/usu216\/2022\/04\/mon_05-768x431.jpg 768w, https:\/\/agora.xtec.cat\/insjoandaustria\/wp-content\/uploads\/usu216\/2022\/04\/mon_05-1536x863.jpg 1536w, https:\/\/agora.xtec.cat\/insjoandaustria\/wp-content\/uploads\/usu216\/2022\/04\/mon_05-2048x1150.jpg 2048w\" sizes=\"auto, (max-width: 402px) 100vw, 402px\" \/><\/a><\/td>\n<\/tr>\n<tr>\n<td style=\"width: 33.3333%\"><a href=\"https:\/\/agora.xtec.cat\/insjoandaustria\/wp-content\/uploads\/usu216\/2022\/04\/mon_00-scaled.jpg\"><img loading=\"lazy\" decoding=\"async\" class=\"wp-image-8915 aligncenter\" src=\"https:\/\/agora.xtec.cat\/insjoandaustria\/wp-content\/uploads\/usu216\/2022\/04\/mon_00-575x1024.jpg\" alt=\"\" width=\"246\" height=\"438\" srcset=\"https:\/\/agora.xtec.cat\/insjoandaustria\/wp-content\/uploads\/usu216\/2022\/04\/mon_00-575x1024.jpg 575w, https:\/\/agora.xtec.cat\/insjoandaustria\/wp-content\/uploads\/usu216\/2022\/04\/mon_00-168x300.jpg 168w, https:\/\/agora.xtec.cat\/insjoandaustria\/wp-content\/uploads\/usu216\/2022\/04\/mon_00-768x1368.jpg 768w, https:\/\/agora.xtec.cat\/insjoandaustria\/wp-content\/uploads\/usu216\/2022\/04\/mon_00-863x1536.jpg 863w, https:\/\/agora.xtec.cat\/insjoandaustria\/wp-content\/uploads\/usu216\/2022\/04\/mon_00-1150x2048.jpg 1150w, https:\/\/agora.xtec.cat\/insjoandaustria\/wp-content\/uploads\/usu216\/2022\/04\/mon_00-scaled.jpg 1438w\" sizes=\"auto, (max-width: 246px) 100vw, 246px\" \/><\/a><\/td>\n<td style=\"width: 33.3333%\"><a href=\"https:\/\/agora.xtec.cat\/insjoandaustria\/wp-content\/uploads\/usu216\/2022\/04\/cated_01-scaled.jpg\"><img loading=\"lazy\" decoding=\"async\" class=\"alignnone  wp-image-8914\" src=\"https:\/\/agora.xtec.cat\/insjoandaustria\/wp-content\/uploads\/usu216\/2022\/04\/cated_01-1024x575.jpg\" alt=\"\" width=\"422\" height=\"237\" srcset=\"https:\/\/agora.xtec.cat\/insjoandaustria\/wp-content\/uploads\/usu216\/2022\/04\/cated_01-1024x575.jpg 1024w, https:\/\/agora.xtec.cat\/insjoandaustria\/wp-content\/uploads\/usu216\/2022\/04\/cated_01-300x168.jpg 300w, https:\/\/agora.xtec.cat\/insjoandaustria\/wp-content\/uploads\/usu216\/2022\/04\/cated_01-768x431.jpg 768w, https:\/\/agora.xtec.cat\/insjoandaustria\/wp-content\/uploads\/usu216\/2022\/04\/cated_01-1536x863.jpg 1536w, https:\/\/agora.xtec.cat\/insjoandaustria\/wp-content\/uploads\/usu216\/2022\/04\/cated_01-2048x1150.jpg 2048w\" sizes=\"auto, (max-width: 422px) 100vw, 422px\" \/><\/a><\/td>\n<td style=\"width: 33.3333%\"><a href=\"https:\/\/agora.xtec.cat\/insjoandaustria\/wp-content\/uploads\/usu216\/2022\/04\/catd_04-scaled.jpg\"><img loading=\"lazy\" decoding=\"async\" class=\"wp-image-8913 aligncenter\" src=\"https:\/\/agora.xtec.cat\/insjoandaustria\/wp-content\/uploads\/usu216\/2022\/04\/catd_04-575x1024.jpg\" alt=\"\" width=\"254\" height=\"452\" srcset=\"https:\/\/agora.xtec.cat\/insjoandaustria\/wp-content\/uploads\/usu216\/2022\/04\/catd_04-575x1024.jpg 575w, https:\/\/agora.xtec.cat\/insjoandaustria\/wp-content\/uploads\/usu216\/2022\/04\/catd_04-168x300.jpg 168w, https:\/\/agora.xtec.cat\/insjoandaustria\/wp-content\/uploads\/usu216\/2022\/04\/catd_04-768x1368.jpg 768w, https:\/\/agora.xtec.cat\/insjoandaustria\/wp-content\/uploads\/usu216\/2022\/04\/catd_04-863x1536.jpg 863w, https:\/\/agora.xtec.cat\/insjoandaustria\/wp-content\/uploads\/usu216\/2022\/04\/catd_04-1150x2048.jpg 1150w, https:\/\/agora.xtec.cat\/insjoandaustria\/wp-content\/uploads\/usu216\/2022\/04\/catd_04-scaled.jpg 1438w\" sizes=\"auto, (max-width: 254px) 100vw, 254px\" \/><\/a><\/td>\n<\/tr>\n<\/tbody>\n<\/table>\n<p>&nbsp;<\/p>\n<p>&nbsp;<\/p>\n<p>&nbsp;<\/p>\n<p>&nbsp;<\/p>\n","protected":false},"excerpt":{"rendered":"<p>&nbsp;<br \/>\nL\u2019alumnat de Segon de l\u2019ESO ha visitat la Catedral de Barcelona i el Monestir de Pedralbes, dins del projecte \u201cLa Barcelona Medieval\u201d. Aquest projecte, que engloba les assignatures de Catal\u00e0, Castell\u00e0, Educaci\u00f3 Visual i Pl\u00e0stica i Ci\u00e8ncies Socials, busca apropar els estudiants a la Hist\u00f2ria&hellip;  <a href=\"https:\/\/agora.xtec.cat\/insjoandaustria\/general\/sortida-la-barcelona-medieval\/\" title=\"Read Sortida: &#8220;La Barcelona medieval&#8221;\">Llegeix m\u00e9s\u00bb<\/a><\/p>\n","protected":false},"author":408,"featured_media":8916,"comment_status":"closed","ping_status":"closed","sticky":false,"template":"","format":"standard","meta":{"_bbp_topic_count":0,"_bbp_reply_count":0,"_bbp_total_topic_count":0,"_bbp_total_reply_count":0,"_bbp_voice_count":0,"_bbp_anonymous_reply_count":0,"_bbp_topic_count_hidden":0,"_bbp_reply_count_hidden":0,"_bbp_forum_subforum_count":0,"footnotes":""},"categories":[3,5,1,29,70,133],"tags":[],"class_list":["post-8910","post","type-post","status-publish","format-standard","has-post-thumbnail","hentry","category-eso","category-eso-2","category-general","category-portada","category-projectes","category-visites"],"post_mailing_queue_ids":[],"_links":{"self":[{"href":"https:\/\/agora.xtec.cat\/insjoandaustria\/wp-json\/wp\/v2\/posts\/8910","targetHints":{"allow":["GET"]}}],"collection":[{"href":"https:\/\/agora.xtec.cat\/insjoandaustria\/wp-json\/wp\/v2\/posts"}],"about":[{"href":"https:\/\/agora.xtec.cat\/insjoandaustria\/wp-json\/wp\/v2\/types\/post"}],"author":[{"embeddable":true,"href":"https:\/\/agora.xtec.cat\/insjoandaustria\/wp-json\/wp\/v2\/users\/408"}],"replies":[{"embeddable":true,"href":"https:\/\/agora.xtec.cat\/insjoandaustria\/wp-json\/wp\/v2\/comments?post=8910"}],"version-history":[{"count":1,"href":"https:\/\/agora.xtec.cat\/insjoandaustria\/wp-json\/wp\/v2\/posts\/8910\/revisions"}],"predecessor-version":[{"id":8920,"href":"https:\/\/agora.xtec.cat\/insjoandaustria\/wp-json\/wp\/v2\/posts\/8910\/revisions\/8920"}],"wp:featuredmedia":[{"embeddable":true,"href":"https:\/\/agora.xtec.cat\/insjoandaustria\/wp-json\/wp\/v2\/media\/8916"}],"wp:attachment":[{"href":"https:\/\/agora.xtec.cat\/insjoandaustria\/wp-json\/wp\/v2\/media?parent=8910"}],"wp:term":[{"taxonomy":"category","embeddable":true,"href":"https:\/\/agora.xtec.cat\/insjoandaustria\/wp-json\/wp\/v2\/categories?post=8910"},{"taxonomy":"post_tag","embeddable":true,"href":"https:\/\/agora.xtec.cat\/insjoandaustria\/wp-json\/wp\/v2\/tags?post=8910"}],"curies":[{"name":"wp","href":"https:\/\/api.w.org\/{rel}","templated":true}]}}