{"id":8893,"date":"2022-04-04T20:05:55","date_gmt":"2022-04-04T18:05:55","guid":{"rendered":"https:\/\/agora.xtec.cat\/insjoandaustria\/?p=8893"},"modified":"2022-04-04T20:24:05","modified_gmt":"2022-04-04T18:24:05","slug":"xerrada-estrategies-de-negociacio","status":"publish","type":"post","link":"https:\/\/agora.xtec.cat\/insjoandaustria\/general\/xerrada-estrategies-de-negociacio\/","title":{"rendered":"XERRADA: &#8220;Estrat\u00e8gies de negociaci\u00f3&#8221;"},"content":{"rendered":"<p>Tornem amb ganes i il\u00b7lusi\u00f3 d&#8217;organitzar novament activitats presencials per vosaltres, amb l&#8217;objectiu de compartir espais de conversa i reflexi\u00f3 que a la vegada ens proporcionin eines per gestionar el dia a dia amb els\/les nostres adolescents de la millor forma possible.<\/p>\n<p>Comencem amb una nova xerrada per fam\u00edlies que tenim prevista per aquest mes d&#8217;abril, a c\u00e0rrec de les professionals del Centre per a Fam\u00edlies amb Adolescents. Us detallem a continuaci\u00f3 les dades d&#8217;aquesta activitat:<\/p>\n<p><strong>NOM DE LA XERRADA<\/strong>: &#8220;Estrat\u00e8gies de negociaci\u00f3&#8221;<br \/>\n<strong>DATA<\/strong>: dimarts dia 26 d&#8217;abril<br \/>\n<strong>HORA<\/strong>: De 17:30h &#8211; 19:30h<br \/>\n<strong>FORMAT<\/strong>: presencial.<\/p>\n<p>CONTINGUT: Us proposem dues hores per practicar eines de negociaci\u00f3 amb els vostres adolescents. Representarem situacions quotidianes per observar qu\u00e8 fem, com ens sentim davant del conflicte i adonar-nos de qu\u00e8 est\u00e0 al nostre abast a l&#8217;hora de negociar. Posarem \u00e8mfasi en identificar les pr\u00f2pies necessitats i emocions per formular millor les nostres peticions.<\/p>\n<p>Per poder assistir a la xerrada haureu d&#8217;omplir el formulari que us adjuntem a l&#8217;enlla\u00e7 de m\u00e9s a baix i marcar l&#8217;\u00faltima opci\u00f3 que diu: &#8220;Activitat del cat\u00e0leg del Centre per a Fam\u00edlies amb Adolescents realitzada a instituts, escoles, serveis municipals i entitats de Barcelona&#8221; i dintre el requadre blanc que hi ha a sota, introduir aquest codi: A10JA8A<\/p>\n<p><a href=\"https:\/\/inscripcions-ajuntament.barcelona.cat\/index.php\/439555?lang=ca\">https:\/\/inscripcions-ajuntament.barcelona.cat\/index.php\/439555?lang=ca<\/a><\/p>\n<p>Esperem que aquesta xerrada sigui del vostre inter\u00e8s i que us animeu a participar.<\/p>\n<p>Restem a la vostra disposici\u00f3 per aclarir qualsevol dubte.<\/p>\n<p><a href=\"https:\/\/agora.xtec.cat\/insjoandaustria\/wp-content\/uploads\/usu216\/2022\/04\/image.png\"><img loading=\"lazy\" decoding=\"async\" class=\"alignleft wp-image-8895 size-full\" src=\"https:\/\/agora.xtec.cat\/insjoandaustria\/wp-content\/uploads\/usu216\/2022\/04\/image.png\" alt=\"\" width=\"556\" height=\"787\" srcset=\"https:\/\/agora.xtec.cat\/insjoandaustria\/wp-content\/uploads\/usu216\/2022\/04\/image.png 556w, https:\/\/agora.xtec.cat\/insjoandaustria\/wp-content\/uploads\/usu216\/2022\/04\/image-212x300.png 212w\" sizes=\"auto, (max-width: 556px) 100vw, 556px\" \/><\/a><\/p>\n","protected":false},"excerpt":{"rendered":"<p>Tornem amb ganes i il\u00b7lusi\u00f3 d&#8217;organitzar novament activitats presencials per vosaltres, amb l&#8217;objectiu de compartir espais de conversa i reflexi\u00f3 que a la vegada ens proporcionin eines per gestionar el dia a dia amb els\/les nostres adolescents de la millor forma possible.<br \/>\nComencem amb una nova&hellip;  <a href=\"https:\/\/agora.xtec.cat\/insjoandaustria\/general\/xerrada-estrategies-de-negociacio\/\" title=\"Read XERRADA: &#8220;Estrat\u00e8gies de negociaci\u00f3&#8221;\">Llegeix m\u00e9s\u00bb<\/a><\/p>\n","protected":false},"author":100,"featured_media":8895,"comment_status":"closed","ping_status":"closed","sticky":false,"template":"","format":"standard","meta":{"_bbp_topic_count":0,"_bbp_reply_count":0,"_bbp_total_topic_count":0,"_bbp_total_reply_count":0,"_bbp_voice_count":0,"_bbp_anonymous_reply_count":0,"_bbp_topic_count_hidden":0,"_bbp_reply_count_hidden":0,"_bbp_forum_subforum_count":0,"footnotes":""},"categories":[31,1,29],"tags":[391],"class_list":["post-8893","post","type-post","status-publish","format-standard","has-post-thumbnail","hentry","category-afa","category-general","category-portada","tag-afa"],"post_mailing_queue_ids":[],"_links":{"self":[{"href":"https:\/\/agora.xtec.cat\/insjoandaustria\/wp-json\/wp\/v2\/posts\/8893","targetHints":{"allow":["GET"]}}],"collection":[{"href":"https:\/\/agora.xtec.cat\/insjoandaustria\/wp-json\/wp\/v2\/posts"}],"about":[{"href":"https:\/\/agora.xtec.cat\/insjoandaustria\/wp-json\/wp\/v2\/types\/post"}],"author":[{"embeddable":true,"href":"https:\/\/agora.xtec.cat\/insjoandaustria\/wp-json\/wp\/v2\/users\/100"}],"replies":[{"embeddable":true,"href":"https:\/\/agora.xtec.cat\/insjoandaustria\/wp-json\/wp\/v2\/comments?post=8893"}],"version-history":[{"count":3,"href":"https:\/\/agora.xtec.cat\/insjoandaustria\/wp-json\/wp\/v2\/posts\/8893\/revisions"}],"predecessor-version":[{"id":8898,"href":"https:\/\/agora.xtec.cat\/insjoandaustria\/wp-json\/wp\/v2\/posts\/8893\/revisions\/8898"}],"wp:featuredmedia":[{"embeddable":true,"href":"https:\/\/agora.xtec.cat\/insjoandaustria\/wp-json\/wp\/v2\/media\/8895"}],"wp:attachment":[{"href":"https:\/\/agora.xtec.cat\/insjoandaustria\/wp-json\/wp\/v2\/media?parent=8893"}],"wp:term":[{"taxonomy":"category","embeddable":true,"href":"https:\/\/agora.xtec.cat\/insjoandaustria\/wp-json\/wp\/v2\/categories?post=8893"},{"taxonomy":"post_tag","embeddable":true,"href":"https:\/\/agora.xtec.cat\/insjoandaustria\/wp-json\/wp\/v2\/tags?post=8893"}],"curies":[{"name":"wp","href":"https:\/\/api.w.org\/{rel}","templated":true}]}}