{"id":8823,"date":"2022-03-04T10:10:41","date_gmt":"2022-03-04T09:10:41","guid":{"rendered":"https:\/\/agora.xtec.cat\/insjoandaustria\/?p=8823"},"modified":"2022-03-16T20:49:00","modified_gmt":"2022-03-16T19:49:00","slug":"final-nacional-vex-edr-robotics-white-raven","status":"publish","type":"post","link":"https:\/\/agora.xtec.cat\/insjoandaustria\/general\/final-nacional-vex-edr-robotics-white-raven\/","title":{"rendered":"Final Nacional VEX EDR Robotics: White Raven"},"content":{"rendered":"<p>Aquest \u00e9s el segon any que el <strong>nostre equip de rob\u00f2tica &#8220;White Raven&#8221; participa a la VEX<\/strong>, considerat un dels tornejos de rob\u00f2tica m\u00e9s importants del m\u00f3n.<\/p>\n<p>L&#8217;equip est\u00e0 format per quatre nois: dos de cicles formatius de grau mitj\u00e0 d&#8217;SMX i dos de batxillerat.<\/p>\n<p>El torneig regional es va fer a Barcelona, a l&#8217;UPC del campus Bes\u00f2s, <strong>el passat 8 de febrer i van aconseguir classificar-se per la final nacional<\/strong>.<\/p>\n<p>Els nois <strong>van aconseguir guanyar el\u00a01r premi dels jutges<\/strong> per la gran millora que havien fet respecte l&#8217;any passat. Han aconseguit fer un robot que podia competir amb els millors del torneig.<\/p>\n<p>Durant <strong>la final nacional del dissabte<\/strong>, tamb\u00e9 realitzada a l&#8217;UPC (EEBE), van quedar en la vuitena posici\u00f3 (de 19 equips), en la modalitat Skills.<\/p>\n<p><strong>L&#8217;endem\u00e0 van quedar primers del seu grup en la prova de pilotada<\/strong>: consisteix en programar el robot durant 15 segons i despr\u00e9s moure&#8217;l amb un comandament a dist\u00e0ncia durant 1 minut i 45<br \/>\nsegons; sense cap mena de dubte el m\u00e9s espectacular d&#8217;aquest torneig.<\/p>\n<p>Malauradament en la fase eliminat\u00f2ria van perdre en les semifinals de confer\u00e8ncia.<\/p>\n<p><strong>Enhorabona per la feina realitzada i esperem tornar a gaudir del vostres \u00e8xits!<\/strong><\/p>\n<p><a href=\"https:\/\/agora.xtec.cat\/insjoandaustria\/wp-content\/uploads\/usu216\/2022\/03\/BTEC_Robotics_competition_premis-6-scaled.jpg\"><img loading=\"lazy\" decoding=\"async\" class=\"aligncenter size-medium wp-image-8826\" src=\"https:\/\/agora.xtec.cat\/insjoandaustria\/wp-content\/uploads\/usu216\/2022\/03\/BTEC_Robotics_competition_premis-6-300x200.jpg\" alt=\"\" width=\"300\" height=\"200\" srcset=\"https:\/\/agora.xtec.cat\/insjoandaustria\/wp-content\/uploads\/usu216\/2022\/03\/BTEC_Robotics_competition_premis-6-300x200.jpg 300w, https:\/\/agora.xtec.cat\/insjoandaustria\/wp-content\/uploads\/usu216\/2022\/03\/BTEC_Robotics_competition_premis-6-1024x683.jpg 1024w, https:\/\/agora.xtec.cat\/insjoandaustria\/wp-content\/uploads\/usu216\/2022\/03\/BTEC_Robotics_competition_premis-6-768x512.jpg 768w, https:\/\/agora.xtec.cat\/insjoandaustria\/wp-content\/uploads\/usu216\/2022\/03\/BTEC_Robotics_competition_premis-6-1536x1024.jpg 1536w, https:\/\/agora.xtec.cat\/insjoandaustria\/wp-content\/uploads\/usu216\/2022\/03\/BTEC_Robotics_competition_premis-6-2048x1365.jpg 2048w\" sizes=\"auto, (max-width: 300px) 100vw, 300px\" \/><\/a><a href=\"https:\/\/agora.xtec.cat\/insjoandaustria\/wp-content\/uploads\/usu216\/2022\/03\/BTEC_Robotics_competition_web-WR.jpg\"><img loading=\"lazy\" decoding=\"async\" class=\"aligncenter size-medium wp-image-8827\" src=\"https:\/\/agora.xtec.cat\/insjoandaustria\/wp-content\/uploads\/usu216\/2022\/03\/BTEC_Robotics_competition_web-WR-300x255.jpg\" alt=\"\" width=\"300\" height=\"255\" srcset=\"https:\/\/agora.xtec.cat\/insjoandaustria\/wp-content\/uploads\/usu216\/2022\/03\/BTEC_Robotics_competition_web-WR-300x255.jpg 300w, https:\/\/agora.xtec.cat\/insjoandaustria\/wp-content\/uploads\/usu216\/2022\/03\/BTEC_Robotics_competition_web-WR.jpg 667w\" sizes=\"auto, (max-width: 300px) 100vw, 300px\" \/><\/a><\/p>\n","protected":false},"excerpt":{"rendered":"<p>Aquest \u00e9s el segon any que el nostre equip de rob\u00f2tica &#8220;White Raven&#8221; participa a la VEX, considerat un dels tornejos de rob\u00f2tica m\u00e9s importants del m\u00f3n.<br \/>\nL&#8217;equip est\u00e0 format per quatre nois: dos de cicles formatius de grau mitj\u00e0 d&#8217;SMX i dos de batxillerat.<br \/>\nEl torneig&hellip;  <a href=\"https:\/\/agora.xtec.cat\/insjoandaustria\/general\/final-nacional-vex-edr-robotics-white-raven\/\" title=\"Read Final Nacional VEX EDR Robotics: White Raven\">Llegeix m\u00e9s\u00bb<\/a><\/p>\n","protected":false},"author":1,"featured_media":8827,"comment_status":"closed","ping_status":"closed","sticky":false,"template":"","format":"standard","meta":{"_bbp_topic_count":0,"_bbp_reply_count":0,"_bbp_total_topic_count":0,"_bbp_total_reply_count":0,"_bbp_voice_count":0,"_bbp_anonymous_reply_count":0,"_bbp_topic_count_hidden":0,"_bbp_reply_count_hidden":0,"_bbp_forum_subforum_count":0,"footnotes":""},"categories":[1,29],"tags":[],"class_list":["post-8823","post","type-post","status-publish","format-standard","has-post-thumbnail","hentry","category-general","category-portada"],"post_mailing_queue_ids":[],"_links":{"self":[{"href":"https:\/\/agora.xtec.cat\/insjoandaustria\/wp-json\/wp\/v2\/posts\/8823","targetHints":{"allow":["GET"]}}],"collection":[{"href":"https:\/\/agora.xtec.cat\/insjoandaustria\/wp-json\/wp\/v2\/posts"}],"about":[{"href":"https:\/\/agora.xtec.cat\/insjoandaustria\/wp-json\/wp\/v2\/types\/post"}],"author":[{"embeddable":true,"href":"https:\/\/agora.xtec.cat\/insjoandaustria\/wp-json\/wp\/v2\/users\/1"}],"replies":[{"embeddable":true,"href":"https:\/\/agora.xtec.cat\/insjoandaustria\/wp-json\/wp\/v2\/comments?post=8823"}],"version-history":[{"count":3,"href":"https:\/\/agora.xtec.cat\/insjoandaustria\/wp-json\/wp\/v2\/posts\/8823\/revisions"}],"predecessor-version":[{"id":8828,"href":"https:\/\/agora.xtec.cat\/insjoandaustria\/wp-json\/wp\/v2\/posts\/8823\/revisions\/8828"}],"wp:featuredmedia":[{"embeddable":true,"href":"https:\/\/agora.xtec.cat\/insjoandaustria\/wp-json\/wp\/v2\/media\/8827"}],"wp:attachment":[{"href":"https:\/\/agora.xtec.cat\/insjoandaustria\/wp-json\/wp\/v2\/media?parent=8823"}],"wp:term":[{"taxonomy":"category","embeddable":true,"href":"https:\/\/agora.xtec.cat\/insjoandaustria\/wp-json\/wp\/v2\/categories?post=8823"},{"taxonomy":"post_tag","embeddable":true,"href":"https:\/\/agora.xtec.cat\/insjoandaustria\/wp-json\/wp\/v2\/tags?post=8823"}],"curies":[{"name":"wp","href":"https:\/\/api.w.org\/{rel}","templated":true}]}}