{"id":8776,"date":"2022-03-07T10:00:46","date_gmt":"2022-03-07T09:00:46","guid":{"rendered":"https:\/\/agora.xtec.cat\/insjoandaustria\/?p=8776"},"modified":"2022-03-14T19:18:43","modified_gmt":"2022-03-14T18:18:43","slug":"informacio-sobre-la-vaga-del-dia-8-de-marc-de-2022","status":"publish","type":"post","link":"https:\/\/agora.xtec.cat\/insjoandaustria\/general\/informacio-sobre-la-vaga-del-dia-8-de-marc-de-2022\/","title":{"rendered":"Informaci\u00f3 sobre la vaga del dia 8 de mar\u00e7 de 2022"},"content":{"rendered":"<p><span style=\"font-weight: 400;\">Benvolgudes fam\u00edlies i alumnat del centre<\/span><\/p>\n<p><span style=\"font-weight: 400;\">Amb motiu de la convocat\u00f2ria de vaga presentada pel CGT (amb registre d\u2019entrada de data 24 de febrer de 2022), que est\u00e0 prevista pel dia <\/span><b>8 de mar\u00e7 de 2022, des de les 00.00 fins a les 24.00 hores<\/b><span style=\"font-weight: 400;\">, i que afecta afecta totes les treballadores i treballadors amb centres de treball a Catalunya de tots els \u00e0mbits sectorials, p\u00fablics i privats, funcionaris i funcion\u00e0ries de l\u2019\u00e0mbit\u00a0 territorial catal\u00e0,\u00a0 l\u2019<\/span><b><a href=\"https:\/\/agora.xtec.cat\/insjoandaustria\/wp-content\/uploads\/usu216\/2022\/03\/sm_08_22_20_vagagral8mcat_signed.pdf\" target=\"_blank\" rel=\"noopener\">Ordre EMT\/\/2022<\/a>, de 4 de mar\u00e7 de 2022, del Departament d\u2019Empresa i Treball<\/b><span style=\"font-weight: 400;\">, signada digitalment per l\u2019Hble. Sr.<\/span><b>\u00a0Roger Torrent i Rami\u00f3<\/b><span style=\"font-weight: 400;\">, per la qual es garanteixin els serveis essencials i es determinen els serveis m\u00ednims, <\/span><b>indica<\/b><span style=\"font-weight: 400;\">:<\/span><\/p>\n<p><i><span style=\"font-weight: 400;\"><strong>1.16 Centres docents p\u00fablics i privats no universitaris i llars d\u2019infants:<\/strong><\/span><\/i><\/p>\n<p><i><span style=\"font-weight: 400;\"><strong>Una persona de l\u2019equip directiu per centre de treball<\/strong>, entenent-se com a tal la persona titular de la direcci\u00f3, del cap d\u2019estudis, de la secretaria o de la coordinaci\u00f3 pedag\u00f2gica del centre. A m\u00e9s del personal esmentat:<\/span><\/i><\/p>\n<p><i><span style=\"font-weight: 400;\"><strong>Per a l\u2019ensenyament secundari (de 12 a 16 anys): un docent per cada 3 unitats<\/strong>.\u201d<\/span><\/i><\/p>\n<p><i>Article 2<\/i><\/p>\n<p><i>&#8230; Aquests serveis m\u00ednims els ha de prestar, preferentment, si n\u2019hi ha, el personal que no exerceixi el dret de vaga.<\/i><\/p>\n<p><span style=\"font-weight: 400;\"><strong>Al llarg de la convocat\u00f2ria de vaga<\/strong> prevista pel dia 8 de mar\u00e7 de 2022:<\/span><\/p>\n<ul>\n<li style=\"font-weight: 400;\" aria-level=\"1\"><span style=\"font-weight: 400;\">El centre complir\u00e0 amb els serveis m\u00ednims i per tant romandr\u00e0 obert amb (com a m\u00ednim) el personal indicat en els par\u00e0grafs anteriors.\u00a0<\/span><\/li>\n<li style=\"font-weight: 400;\" aria-level=\"1\"><span style=\"font-weight: 400;\">En el cas del nostre institut s\u2019assegura que:<\/span>\n<ul>\n<li style=\"font-weight: 400;\" aria-level=\"2\"><span style=\"font-weight: 400;\">els <\/span><b>serveis m\u00ednims per a l\u2019etapa d\u2019ESO<\/b><span style=\"font-weight: 400;\"> estan compostos per:<\/span>\n<ul>\n<li style=\"font-weight: 400;\" aria-level=\"3\"><span style=\"font-weight: 400;\">Una persona de l\u2019equip directiu<\/span><\/li>\n<li style=\"font-weight: 400;\" aria-level=\"3\"><span style=\"font-weight: 400;\">Un m\u00ednim de 5 docents, donat que el nombre d\u2019unitats oficials assignades a aquesta etapa \u00e9s de 15 unitats.<\/span><\/li>\n<\/ul>\n<\/li>\n<li style=\"font-weight: 400;\" aria-level=\"2\"><span style=\"font-weight: 400;\">els <\/span><b>serveis m\u00ednims per a les etapes de Batxillerat i CF<\/b><span style=\"font-weight: 400;\"> estan compostos per:<\/span>\n<ul>\n<li style=\"font-weight: 400;\" aria-level=\"3\"><span style=\"font-weight: 400;\">Una persona de l\u2019equip directiu<\/span><\/li>\n<\/ul>\n<\/li>\n<\/ul>\n<\/li>\n<li style=\"font-weight: 400;\" aria-level=\"1\"><span style=\"font-weight: 400;\">L&#8217;adhesi\u00f3, o no, del personal del centre (professorat i PAS) a la convocat\u00f2ria, ser\u00e0 a t\u00edtol individual i per aquest motiu, <\/span><b>en aquests moments, no podem indicar-vos la repercussi\u00f3 que tindr\u00e0 en el servei<\/b><span style=\"font-weight: 400;\">. Com ja sabeu a una convocat\u00f2ria de vaga els treballadors poden decidir adherir-se fins a l&#8217;\u00faltim moment, sense necessitat de comunicaci\u00f3 pr\u00e8via a la direcci\u00f3 del centre.<\/span><\/li>\n<li style=\"font-weight: 400;\" aria-level=\"1\"><span style=\"font-weight: 400;\">Si l&#8217;adhesi\u00f3 a la convocat\u00f2ria de vaga fos alta, no es podr\u00e0 garantir el desenvolupament de\u00a0 les activitats d&#8217;ensenyament-aprenentatge habituals (horaris de grups-classe i activitats de centre).\u00a0\u00a0<\/span><\/li>\n<\/ul>\n<p>Salutacions cordials<\/p>\n","protected":false},"excerpt":{"rendered":"<p>Benvolgudes fam\u00edlies i alumnat del centre<br \/>\nAmb motiu de la convocat\u00f2ria de vaga presentada pel CGT (amb registre d\u2019entrada de data 24 de febrer de 2022), que est\u00e0 prevista pel dia 8 de mar\u00e7 de 2022, des de les 00.00 fins a les 24.00 hores, i&hellip;  <a href=\"https:\/\/agora.xtec.cat\/insjoandaustria\/general\/informacio-sobre-la-vaga-del-dia-8-de-marc-de-2022\/\" title=\"Read Informaci\u00f3 sobre la vaga del dia 8 de mar\u00e7 de 2022\">Llegeix m\u00e9s\u00bb<\/a><\/p>\n","protected":false},"author":270,"featured_media":0,"comment_status":"closed","ping_status":"closed","sticky":false,"template":"","format":"standard","meta":{"_bbp_topic_count":0,"_bbp_reply_count":0,"_bbp_total_topic_count":0,"_bbp_total_reply_count":0,"_bbp_voice_count":0,"_bbp_anonymous_reply_count":0,"_bbp_topic_count_hidden":0,"_bbp_reply_count_hidden":0,"_bbp_forum_subforum_count":0,"footnotes":""},"categories":[1],"tags":[],"class_list":["post-8776","post","type-post","status-publish","format-standard","hentry","category-general"],"post_mailing_queue_ids":[],"_links":{"self":[{"href":"https:\/\/agora.xtec.cat\/insjoandaustria\/wp-json\/wp\/v2\/posts\/8776","targetHints":{"allow":["GET"]}}],"collection":[{"href":"https:\/\/agora.xtec.cat\/insjoandaustria\/wp-json\/wp\/v2\/posts"}],"about":[{"href":"https:\/\/agora.xtec.cat\/insjoandaustria\/wp-json\/wp\/v2\/types\/post"}],"author":[{"embeddable":true,"href":"https:\/\/agora.xtec.cat\/insjoandaustria\/wp-json\/wp\/v2\/users\/270"}],"replies":[{"embeddable":true,"href":"https:\/\/agora.xtec.cat\/insjoandaustria\/wp-json\/wp\/v2\/comments?post=8776"}],"version-history":[{"count":3,"href":"https:\/\/agora.xtec.cat\/insjoandaustria\/wp-json\/wp\/v2\/posts\/8776\/revisions"}],"predecessor-version":[{"id":8781,"href":"https:\/\/agora.xtec.cat\/insjoandaustria\/wp-json\/wp\/v2\/posts\/8776\/revisions\/8781"}],"wp:attachment":[{"href":"https:\/\/agora.xtec.cat\/insjoandaustria\/wp-json\/wp\/v2\/media?parent=8776"}],"wp:term":[{"taxonomy":"category","embeddable":true,"href":"https:\/\/agora.xtec.cat\/insjoandaustria\/wp-json\/wp\/v2\/categories?post=8776"},{"taxonomy":"post_tag","embeddable":true,"href":"https:\/\/agora.xtec.cat\/insjoandaustria\/wp-json\/wp\/v2\/tags?post=8776"}],"curies":[{"name":"wp","href":"https:\/\/api.w.org\/{rel}","templated":true}]}}