{"id":8728,"date":"2022-03-01T10:50:56","date_gmt":"2022-03-01T09:50:56","guid":{"rendered":"https:\/\/agora.xtec.cat\/insjoandaustria\/?p=8728"},"modified":"2022-03-22T12:09:16","modified_gmt":"2022-03-22T11:09:16","slug":"bases-concurs-de-fotografia-matematica-2022","status":"publish","type":"post","link":"https:\/\/agora.xtec.cat\/insjoandaustria\/general\/bases-concurs-de-fotografia-matematica-2022\/","title":{"rendered":"Bases Concurs de fotografia matem\u00e0tica 2022"},"content":{"rendered":"<p>Des del departament de matem\u00e0tiques animem a tots els alumnes de l&#8217;ESO a participar al <strong>Concurs de fotografia matem\u00e0tica 2022<\/strong> del IES Joan d&#8217;\u00c0ustria. Les millors fotografies tindran premi i participaran al Concurs nacional de fotografia matem\u00e0tica organitzat per l&#8217;ABEAM, l&#8217;Associaci\u00f3 de Barcelona per a l&#8217;estudi i l&#8217;aprenentatge de les Matem\u00e0tiques. Teniu fins al 25 de mar\u00e7 per presentar les vostres fotografies!<\/p>\n<p><a href=\"https:\/\/agora.xtec.cat\/insjoandaustria\/wp-content\/uploads\/usu216\/2022\/03\/PRESENTACIO-CONCURS-2.jpg\"><img loading=\"lazy\" decoding=\"async\" class=\"alignnone size-full wp-image-8732\" src=\"https:\/\/agora.xtec.cat\/insjoandaustria\/wp-content\/uploads\/usu216\/2022\/03\/PRESENTACIO-CONCURS-2.jpg\" alt=\"\" width=\"960\" height=\"720\" srcset=\"https:\/\/agora.xtec.cat\/insjoandaustria\/wp-content\/uploads\/usu216\/2022\/03\/PRESENTACIO-CONCURS-2.jpg 960w, https:\/\/agora.xtec.cat\/insjoandaustria\/wp-content\/uploads\/usu216\/2022\/03\/PRESENTACIO-CONCURS-2-300x225.jpg 300w, https:\/\/agora.xtec.cat\/insjoandaustria\/wp-content\/uploads\/usu216\/2022\/03\/PRESENTACIO-CONCURS-2-768x576.jpg 768w, https:\/\/agora.xtec.cat\/insjoandaustria\/wp-content\/uploads\/usu216\/2022\/03\/PRESENTACIO-CONCURS-2-200x150.jpg 200w\" sizes=\"auto, (max-width: 960px) 100vw, 960px\" \/><\/a><\/p>\n<p><a href=\"https:\/\/agora.xtec.cat\/insjoandaustria\/wp-content\/uploads\/usu216\/2022\/03\/PRESENTACIO-CONCURS-1.jpg\"><img loading=\"lazy\" decoding=\"async\" class=\"alignnone size-full wp-image-8730\" src=\"https:\/\/agora.xtec.cat\/insjoandaustria\/wp-content\/uploads\/usu216\/2022\/03\/PRESENTACIO-CONCURS-1.jpg\" alt=\"\" width=\"960\" height=\"720\" srcset=\"https:\/\/agora.xtec.cat\/insjoandaustria\/wp-content\/uploads\/usu216\/2022\/03\/PRESENTACIO-CONCURS-1.jpg 960w, https:\/\/agora.xtec.cat\/insjoandaustria\/wp-content\/uploads\/usu216\/2022\/03\/PRESENTACIO-CONCURS-1-300x225.jpg 300w, https:\/\/agora.xtec.cat\/insjoandaustria\/wp-content\/uploads\/usu216\/2022\/03\/PRESENTACIO-CONCURS-1-768x576.jpg 768w, https:\/\/agora.xtec.cat\/insjoandaustria\/wp-content\/uploads\/usu216\/2022\/03\/PRESENTACIO-CONCURS-1-200x150.jpg 200w\" sizes=\"auto, (max-width: 960px) 100vw, 960px\" \/><\/a><\/p>\n","protected":false},"excerpt":{"rendered":"<p>Bases Concurs de fotografia matem\u00e0tica 2022&hellip;  <a href=\"https:\/\/agora.xtec.cat\/insjoandaustria\/general\/bases-concurs-de-fotografia-matematica-2022\/\" title=\"Read Bases Concurs de fotografia matem\u00e0tica 2022\">Llegeix m\u00e9s\u00bb<\/a><\/p>\n","protected":false},"author":684,"featured_media":8729,"comment_status":"open","ping_status":"closed","sticky":false,"template":"","format":"standard","meta":{"_bbp_topic_count":0,"_bbp_reply_count":0,"_bbp_total_topic_count":0,"_bbp_total_reply_count":0,"_bbp_voice_count":0,"_bbp_anonymous_reply_count":0,"_bbp_topic_count_hidden":0,"_bbp_reply_count_hidden":0,"_bbp_forum_subforum_count":0,"footnotes":""},"categories":[3,1,406,29],"tags":[72,418,417],"class_list":["post-8728","post","type-post","status-publish","format-standard","has-post-thumbnail","hentry","category-eso","category-general","category-matematiques","category-portada","tag-concurs","tag-concurs-de-fotografia","tag-fotografia-matematica"],"post_mailing_queue_ids":[],"_links":{"self":[{"href":"https:\/\/agora.xtec.cat\/insjoandaustria\/wp-json\/wp\/v2\/posts\/8728","targetHints":{"allow":["GET"]}}],"collection":[{"href":"https:\/\/agora.xtec.cat\/insjoandaustria\/wp-json\/wp\/v2\/posts"}],"about":[{"href":"https:\/\/agora.xtec.cat\/insjoandaustria\/wp-json\/wp\/v2\/types\/post"}],"author":[{"embeddable":true,"href":"https:\/\/agora.xtec.cat\/insjoandaustria\/wp-json\/wp\/v2\/users\/684"}],"replies":[{"embeddable":true,"href":"https:\/\/agora.xtec.cat\/insjoandaustria\/wp-json\/wp\/v2\/comments?post=8728"}],"version-history":[{"count":2,"href":"https:\/\/agora.xtec.cat\/insjoandaustria\/wp-json\/wp\/v2\/posts\/8728\/revisions"}],"predecessor-version":[{"id":8733,"href":"https:\/\/agora.xtec.cat\/insjoandaustria\/wp-json\/wp\/v2\/posts\/8728\/revisions\/8733"}],"wp:featuredmedia":[{"embeddable":true,"href":"https:\/\/agora.xtec.cat\/insjoandaustria\/wp-json\/wp\/v2\/media\/8729"}],"wp:attachment":[{"href":"https:\/\/agora.xtec.cat\/insjoandaustria\/wp-json\/wp\/v2\/media?parent=8728"}],"wp:term":[{"taxonomy":"category","embeddable":true,"href":"https:\/\/agora.xtec.cat\/insjoandaustria\/wp-json\/wp\/v2\/categories?post=8728"},{"taxonomy":"post_tag","embeddable":true,"href":"https:\/\/agora.xtec.cat\/insjoandaustria\/wp-json\/wp\/v2\/tags?post=8728"}],"curies":[{"name":"wp","href":"https:\/\/api.w.org\/{rel}","templated":true}]}}