{"id":8686,"date":"2023-02-14T18:00:19","date_gmt":"2023-02-14T17:00:19","guid":{"rendered":"https:\/\/agora.xtec.cat\/insjoandaustria\/?p=8686"},"modified":"2024-01-24T18:09:44","modified_gmt":"2024-01-24T17:09:44","slug":"jornada-de-portes-obertes-deso-2022","status":"publish","type":"post","link":"https:\/\/agora.xtec.cat\/insjoandaustria\/general\/jornada-de-portes-obertes-deso-2022\/","title":{"rendered":"Jornada de Portes Obertes d&#8217;ESO 2023"},"content":{"rendered":"<p><b>Benvolgudes fam\u00edlies de l\u2019alumnat de 6\u00e8<\/b><\/p>\n<p><span style=\"font-weight: 400;\">El proper curs, 2023-2024, suposar\u00e0 un canvi important a la vida dels vostres fills i filles: <\/span><b>el pas de l\u2019etapa de l\u2019Educaci\u00f3 Prim\u00e0ria a l\u2019Educaci\u00f3 Secund\u00e0ria Obligat\u00f2ria<\/b><span style=\"font-weight: 400;\">.<\/span><\/p>\n<p><span style=\"font-weight: 400;\">Aquest canvi, de ben segur, us planteja \u00a0dubtes i un cert neguit, donat que decidir \u00a0el centre on continuaran la seva formaci\u00f3 i Educaci\u00f3 \u00e9s una decisi\u00f3 molt important.\u00a0 <\/span><\/p>\n<p><b>L\u2019equip educatiu de l\u2019INS Joan d\u2019\u00c0ustria us convidem a con\u00e8ixer de primera m\u00e0, en aquesta jornada de Portes Obertes<\/b><span style=\"font-weight: 400;\">, els nostres trets d\u2019identitat i les particularitats del nostre Projecte Educatiu perqu\u00e8 pugueu disposar de tota la \u00a0informaci\u00f3 del\u00a0 centre a l\u2019hora de prendre les vostres decisions.<\/span><\/p>\n<p>&nbsp;<\/p>\n<h3 style=\"text-align: center;\"><b>Dimecres 1 de mar\u00e7 de 2023<\/b><\/h3>\n<p style=\"text-align: center;\">Inici primera part: <strong>18:00<\/strong> h<\/p>\n<p style=\"text-align: center;\">Recorregut per les instal\u00b7lacions: 18:45 h<\/p>\n<p>&nbsp;<\/p>\n<p style=\"text-align: center;\">\n","protected":false},"excerpt":{"rendered":"<p>Benvolgudes fam\u00edlies de l\u2019alumnat de 6\u00e8<br \/>\nEl proper curs, 2023-2024, suposar\u00e0 un canvi important a la vida dels vostres fills i filles: el pas de l\u2019etapa de l\u2019Educaci\u00f3 Prim\u00e0ria a l\u2019Educaci\u00f3 Secund\u00e0ria Obligat\u00f2ria.<br \/>\nAquest canvi, de ben segur, us planteja \u00a0dubtes i un cert neguit, donat que&hellip;  <a href=\"https:\/\/agora.xtec.cat\/insjoandaustria\/general\/jornada-de-portes-obertes-deso-2022\/\" title=\"Read Jornada de Portes Obertes d&#8217;ESO 2023\">Llegeix m\u00e9s\u00bb<\/a><\/p>\n","protected":false},"author":1,"featured_media":9356,"comment_status":"closed","ping_status":"closed","sticky":false,"template":"","format":"standard","meta":{"_bbp_topic_count":0,"_bbp_reply_count":0,"_bbp_total_topic_count":0,"_bbp_total_reply_count":0,"_bbp_voice_count":0,"_bbp_anonymous_reply_count":0,"_bbp_topic_count_hidden":0,"_bbp_reply_count_hidden":0,"_bbp_forum_subforum_count":0,"footnotes":""},"categories":[3,1,29],"tags":[],"class_list":["post-8686","post","type-post","status-publish","format-standard","has-post-thumbnail","hentry","category-eso","category-general","category-portada"],"post_mailing_queue_ids":[],"_links":{"self":[{"href":"https:\/\/agora.xtec.cat\/insjoandaustria\/wp-json\/wp\/v2\/posts\/8686","targetHints":{"allow":["GET"]}}],"collection":[{"href":"https:\/\/agora.xtec.cat\/insjoandaustria\/wp-json\/wp\/v2\/posts"}],"about":[{"href":"https:\/\/agora.xtec.cat\/insjoandaustria\/wp-json\/wp\/v2\/types\/post"}],"author":[{"embeddable":true,"href":"https:\/\/agora.xtec.cat\/insjoandaustria\/wp-json\/wp\/v2\/users\/1"}],"replies":[{"embeddable":true,"href":"https:\/\/agora.xtec.cat\/insjoandaustria\/wp-json\/wp\/v2\/comments?post=8686"}],"version-history":[{"count":5,"href":"https:\/\/agora.xtec.cat\/insjoandaustria\/wp-json\/wp\/v2\/posts\/8686\/revisions"}],"predecessor-version":[{"id":10205,"href":"https:\/\/agora.xtec.cat\/insjoandaustria\/wp-json\/wp\/v2\/posts\/8686\/revisions\/10205"}],"wp:featuredmedia":[{"embeddable":true,"href":"https:\/\/agora.xtec.cat\/insjoandaustria\/wp-json\/wp\/v2\/media\/9356"}],"wp:attachment":[{"href":"https:\/\/agora.xtec.cat\/insjoandaustria\/wp-json\/wp\/v2\/media?parent=8686"}],"wp:term":[{"taxonomy":"category","embeddable":true,"href":"https:\/\/agora.xtec.cat\/insjoandaustria\/wp-json\/wp\/v2\/categories?post=8686"},{"taxonomy":"post_tag","embeddable":true,"href":"https:\/\/agora.xtec.cat\/insjoandaustria\/wp-json\/wp\/v2\/tags?post=8686"}],"curies":[{"name":"wp","href":"https:\/\/api.w.org\/{rel}","templated":true}]}}