{"id":8660,"date":"2022-02-13T16:09:06","date_gmt":"2022-02-13T15:09:06","guid":{"rendered":"https:\/\/agora.xtec.cat\/insjoandaustria\/?p=8660"},"modified":"2022-02-13T16:16:09","modified_gmt":"2022-02-13T15:16:09","slug":"100tifiques","status":"publish","type":"post","link":"https:\/\/agora.xtec.cat\/insjoandaustria\/general\/100tifiques\/","title":{"rendered":"#100t\u00edfiques"},"content":{"rendered":"<p dir=\"ltr\">El divendres <strong>11 de febrer<\/strong> ha tingut lloc l\u2019activitat<a href=\"https:\/\/100tifiques.cat\/qui-som\/\"><em> #<span class=\"il\">100t<\/span>\u00edfiques<\/em><\/a> coincidint amb el\u202f<strong>Dia Internacional de les Dones i les Nenes en la Ci\u00e8ncia<\/strong>:\u00a0 476 cient\u00edfiques han fet xerrades a 427 escoles i instituts d\u2019arreu de Catalunya de forma simult\u00e0nia, amb l&#8217;objectiu de fomentar\u00a0les vocacions cientificot\u00e8cniques entre les nenes i els nens del nostre pa\u00eds.<\/p>\n<p dir=\"ltr\">L\u2019activitat, organitzada per la <em>Fundaci\u00f3 Catalana per a la Recerca i la Innovaci\u00f3<\/em> (FCRI) i el <em>Barcelona Institute of Science and Technology<\/em> (BIST), amb la col\u00b7laboraci\u00f3 del <em>Departament d\u2019Educaci\u00f3 de la Generalitat de Catalunya<\/em>, reivindica el paper estrat\u00e8gic de les dones a la ci\u00e8ncia actual.<\/p>\n<p dir=\"ltr\"><strong>Objectius<\/strong> de la jornada:<br \/>\n\u25cf Impulsar les vocacions STEAM, especialment entre les nenes.<br \/>\n\u25cf Visibilitzar la feina de les dones cient\u00edfiques entre l\u2019alumnat.<br \/>\n\u25cf Oferir una experi\u00e8ncia propera i distesa que desperti curiositat cap a la ci\u00e8ncia entre l\u2019alumnat.<br \/>\n\u25cf Apropar la recerca que es fa a Catalunya a les aules.<br \/>\n\u25cf Potenciar la connexi\u00f3 i interacci\u00f3 de cient\u00edfiques amb centres educatius del territori<\/p>\n<p dir=\"ltr\">Des del nostre Institut hem volgut sumar-nos a aquesta iniciativa per tal de fomentar les vocacions cient\u00edfiques entre <strong>les noies i els nois de primer d&#8217;ESO.<\/strong> Divendres vam tenir el plaer de sentir la <strong>professora Anna Nardi Ricart<\/strong>, doctora en Farm\u00e0cia, que fa recerca a la Universitat de Barcelona, en el camp de la tecnologia farmac\u00e8utica.<\/p>\n<p dir=\"ltr\">Ens va explicar que la seva vocaci\u00f3 li ve de ben petita i que actualment dedica els seus esfor\u00e7os a produir medicaments per millorar la vida de persones que pateixen malalties poc freq\u00fcents, les anomenades malalties minorit\u00e0ries. Finalment ens va transmetre el missatge que, per dedicar-se a la ci\u00e8ncia, no cal ser especial, ni cap \u201cgeni\u201d. Nom\u00e9s se n&#8217;han de tenir moltes ganes i dedicar-s&#8217;hi de ple.<\/p>\n<p dir=\"ltr\"><a href=\"https:\/\/agora.xtec.cat\/insjoandaustria\/wp-content\/uploads\/usu216\/2022\/02\/100tifiques.png\"><img loading=\"lazy\" decoding=\"async\" class=\"alignnone wp-image-8662\" src=\"https:\/\/agora.xtec.cat\/insjoandaustria\/wp-content\/uploads\/usu216\/2022\/02\/100tifiques-300x206.png\" alt=\"\" width=\"219\" height=\"150\" srcset=\"https:\/\/agora.xtec.cat\/insjoandaustria\/wp-content\/uploads\/usu216\/2022\/02\/100tifiques-300x206.png 300w, https:\/\/agora.xtec.cat\/insjoandaustria\/wp-content\/uploads\/usu216\/2022\/02\/100tifiques-768x527.png 768w, https:\/\/agora.xtec.cat\/insjoandaustria\/wp-content\/uploads\/usu216\/2022\/02\/100tifiques.png 794w\" sizes=\"auto, (max-width: 219px) 100vw, 219px\" \/><\/a><\/p>\n<p dir=\"ltr\">\n","protected":false},"excerpt":{"rendered":"<p>El divendres 11 de febrer ha tingut lloc l\u2019activitat #100t\u00edfiques coincidint amb el\u202fDia Internacional de les Dones i les Nenes en la Ci\u00e8ncia. Des del nostre Institut hem volgut sumar-nos a aquesta iniciativa per tal de fomentar les vocacions cient\u00edfiques entre les noies i els nois de primer d&#8217;ESO&hellip;  <a href=\"https:\/\/agora.xtec.cat\/insjoandaustria\/general\/100tifiques\/\" title=\"Read #100t\u00edfiques\">Llegeix m\u00e9s\u00bb<\/a><\/p>\n","protected":false},"author":30,"featured_media":8662,"comment_status":"closed","ping_status":"closed","sticky":false,"template":"","format":"standard","meta":{"_bbp_topic_count":0,"_bbp_reply_count":0,"_bbp_total_topic_count":0,"_bbp_total_reply_count":0,"_bbp_voice_count":0,"_bbp_anonymous_reply_count":0,"_bbp_topic_count_hidden":0,"_bbp_reply_count_hidden":0,"_bbp_forum_subforum_count":0,"footnotes":""},"categories":[87,3,4,1,29],"tags":[],"class_list":["post-8660","post","type-post","status-publish","format-standard","has-post-thumbnail","hentry","category-bio-geo","category-eso","category-eso-1","category-general","category-portada"],"post_mailing_queue_ids":[],"_links":{"self":[{"href":"https:\/\/agora.xtec.cat\/insjoandaustria\/wp-json\/wp\/v2\/posts\/8660","targetHints":{"allow":["GET"]}}],"collection":[{"href":"https:\/\/agora.xtec.cat\/insjoandaustria\/wp-json\/wp\/v2\/posts"}],"about":[{"href":"https:\/\/agora.xtec.cat\/insjoandaustria\/wp-json\/wp\/v2\/types\/post"}],"author":[{"embeddable":true,"href":"https:\/\/agora.xtec.cat\/insjoandaustria\/wp-json\/wp\/v2\/users\/30"}],"replies":[{"embeddable":true,"href":"https:\/\/agora.xtec.cat\/insjoandaustria\/wp-json\/wp\/v2\/comments?post=8660"}],"version-history":[{"count":3,"href":"https:\/\/agora.xtec.cat\/insjoandaustria\/wp-json\/wp\/v2\/posts\/8660\/revisions"}],"predecessor-version":[{"id":8667,"href":"https:\/\/agora.xtec.cat\/insjoandaustria\/wp-json\/wp\/v2\/posts\/8660\/revisions\/8667"}],"wp:featuredmedia":[{"embeddable":true,"href":"https:\/\/agora.xtec.cat\/insjoandaustria\/wp-json\/wp\/v2\/media\/8662"}],"wp:attachment":[{"href":"https:\/\/agora.xtec.cat\/insjoandaustria\/wp-json\/wp\/v2\/media?parent=8660"}],"wp:term":[{"taxonomy":"category","embeddable":true,"href":"https:\/\/agora.xtec.cat\/insjoandaustria\/wp-json\/wp\/v2\/categories?post=8660"},{"taxonomy":"post_tag","embeddable":true,"href":"https:\/\/agora.xtec.cat\/insjoandaustria\/wp-json\/wp\/v2\/tags?post=8660"}],"curies":[{"name":"wp","href":"https:\/\/api.w.org\/{rel}","templated":true}]}}