{"id":8623,"date":"2022-02-09T13:54:15","date_gmt":"2022-02-09T12:54:15","guid":{"rendered":"https:\/\/agora.xtec.cat\/insjoandaustria\/?p=8623"},"modified":"2022-02-09T13:54:15","modified_gmt":"2022-02-09T12:54:15","slug":"diari-de-lhort-gener-2022","status":"publish","type":"post","link":"https:\/\/agora.xtec.cat\/insjoandaustria\/general\/diari-de-lhort-gener-2022\/","title":{"rendered":"Diari de l&#8217;Hort. Gener 2022"},"content":{"rendered":"<p>Els alumnes de biologia de 4t han comen\u00e7at la sembra de diferents plantes durant aquest mes de gener. El proc\u00e9s \u00e9s delicat, ja que cal controlar les condicions d&#8217;humitat, llum i temperatura.<\/p>\n<p>En quinze dies han sortit les primeres plantes de tomaqueres, pebrots, pastanagues, faves, carabassons, raves i herbes arom\u00e0tiques.<\/p>\n<p><a href=\"https:\/\/agora.xtec.cat\/insjoandaustria\/wp-content\/uploads\/usu216\/2022\/02\/hort-1-1-scaled.jpg\"><img loading=\"lazy\" decoding=\"async\" class=\"alignnone wp-image-8630\" src=\"https:\/\/agora.xtec.cat\/insjoandaustria\/wp-content\/uploads\/usu216\/2022\/02\/hort-1-1-300x229.jpg\" alt=\"\" width=\"304\" height=\"232\" srcset=\"https:\/\/agora.xtec.cat\/insjoandaustria\/wp-content\/uploads\/usu216\/2022\/02\/hort-1-1-300x229.jpg 300w, https:\/\/agora.xtec.cat\/insjoandaustria\/wp-content\/uploads\/usu216\/2022\/02\/hort-1-1-1024x782.jpg 1024w, https:\/\/agora.xtec.cat\/insjoandaustria\/wp-content\/uploads\/usu216\/2022\/02\/hort-1-1-768x586.jpg 768w, https:\/\/agora.xtec.cat\/insjoandaustria\/wp-content\/uploads\/usu216\/2022\/02\/hort-1-1-1536x1173.jpg 1536w, https:\/\/agora.xtec.cat\/insjoandaustria\/wp-content\/uploads\/usu216\/2022\/02\/hort-1-1-2048x1564.jpg 2048w\" sizes=\"auto, (max-width: 304px) 100vw, 304px\" \/><\/a><a href=\"https:\/\/agora.xtec.cat\/insjoandaustria\/wp-content\/uploads\/usu216\/2022\/02\/IMG_20220209_105415-4-scaled.jpg\"><img loading=\"lazy\" decoding=\"async\" class=\"alignnone wp-image-8632\" src=\"https:\/\/agora.xtec.cat\/insjoandaustria\/wp-content\/uploads\/usu216\/2022\/02\/IMG_20220209_105415-4-300x224.jpg\" alt=\"\" width=\"313\" height=\"234\" srcset=\"https:\/\/agora.xtec.cat\/insjoandaustria\/wp-content\/uploads\/usu216\/2022\/02\/IMG_20220209_105415-4-300x224.jpg 300w, https:\/\/agora.xtec.cat\/insjoandaustria\/wp-content\/uploads\/usu216\/2022\/02\/IMG_20220209_105415-4-1024x765.jpg 1024w, https:\/\/agora.xtec.cat\/insjoandaustria\/wp-content\/uploads\/usu216\/2022\/02\/IMG_20220209_105415-4-768x574.jpg 768w, https:\/\/agora.xtec.cat\/insjoandaustria\/wp-content\/uploads\/usu216\/2022\/02\/IMG_20220209_105415-4-1536x1147.jpg 1536w, https:\/\/agora.xtec.cat\/insjoandaustria\/wp-content\/uploads\/usu216\/2022\/02\/IMG_20220209_105415-4-2048x1530.jpg 2048w, https:\/\/agora.xtec.cat\/insjoandaustria\/wp-content\/uploads\/usu216\/2022\/02\/IMG_20220209_105415-4-200x150.jpg 200w\" sizes=\"auto, (max-width: 313px) 100vw, 313px\" \/><\/a><\/p>\n<p>&nbsp;<\/p>\n","protected":false},"excerpt":{"rendered":"<p>Els alumnes de biologia de 4t han comen\u00e7at la sembra de diferents plantes durant aquest mes de gener. El proc\u00e9s \u00e9s delicat, ja que cal controlar les condicions d&#8217;humitat, llum i temperatura.<br \/>\nEn quinze dies han sortit les primeres plantes de tomaqueres, pebrots, pastanagues, faves, carabassons,&hellip;  <a href=\"https:\/\/agora.xtec.cat\/insjoandaustria\/general\/diari-de-lhort-gener-2022\/\" title=\"Read Diari de l&#8217;Hort. Gener 2022\">Llegeix m\u00e9s\u00bb<\/a><\/p>\n","protected":false},"author":586,"featured_media":8634,"comment_status":"closed","ping_status":"closed","sticky":false,"template":"","format":"standard","meta":{"_bbp_topic_count":0,"_bbp_reply_count":0,"_bbp_total_topic_count":0,"_bbp_total_reply_count":0,"_bbp_voice_count":0,"_bbp_anonymous_reply_count":0,"_bbp_topic_count_hidden":0,"_bbp_reply_count_hidden":0,"_bbp_forum_subforum_count":0,"footnotes":""},"categories":[1,29,74],"tags":[],"class_list":["post-8623","post","type-post","status-publish","format-standard","has-post-thumbnail","hentry","category-general","category-portada","category-sostenibilitat"],"post_mailing_queue_ids":[],"_links":{"self":[{"href":"https:\/\/agora.xtec.cat\/insjoandaustria\/wp-json\/wp\/v2\/posts\/8623","targetHints":{"allow":["GET"]}}],"collection":[{"href":"https:\/\/agora.xtec.cat\/insjoandaustria\/wp-json\/wp\/v2\/posts"}],"about":[{"href":"https:\/\/agora.xtec.cat\/insjoandaustria\/wp-json\/wp\/v2\/types\/post"}],"author":[{"embeddable":true,"href":"https:\/\/agora.xtec.cat\/insjoandaustria\/wp-json\/wp\/v2\/users\/586"}],"replies":[{"embeddable":true,"href":"https:\/\/agora.xtec.cat\/insjoandaustria\/wp-json\/wp\/v2\/comments?post=8623"}],"version-history":[{"count":4,"href":"https:\/\/agora.xtec.cat\/insjoandaustria\/wp-json\/wp\/v2\/posts\/8623\/revisions"}],"predecessor-version":[{"id":8636,"href":"https:\/\/agora.xtec.cat\/insjoandaustria\/wp-json\/wp\/v2\/posts\/8623\/revisions\/8636"}],"wp:featuredmedia":[{"embeddable":true,"href":"https:\/\/agora.xtec.cat\/insjoandaustria\/wp-json\/wp\/v2\/media\/8634"}],"wp:attachment":[{"href":"https:\/\/agora.xtec.cat\/insjoandaustria\/wp-json\/wp\/v2\/media?parent=8623"}],"wp:term":[{"taxonomy":"category","embeddable":true,"href":"https:\/\/agora.xtec.cat\/insjoandaustria\/wp-json\/wp\/v2\/categories?post=8623"},{"taxonomy":"post_tag","embeddable":true,"href":"https:\/\/agora.xtec.cat\/insjoandaustria\/wp-json\/wp\/v2\/tags?post=8623"}],"curies":[{"name":"wp","href":"https:\/\/api.w.org\/{rel}","templated":true}]}}