{"id":8578,"date":"2022-01-10T19:55:08","date_gmt":"2022-01-10T18:55:08","guid":{"rendered":"https:\/\/agora.xtec.cat\/insjoandaustria\/?p=8578"},"modified":"2022-03-09T18:10:40","modified_gmt":"2022-03-09T17:10:40","slug":"actualitzacio-gestio-de-casos-de-covid-19-als-centres-educatius","status":"publish","type":"post","link":"https:\/\/agora.xtec.cat\/insjoandaustria\/general\/actualitzacio-gestio-de-casos-de-covid-19-als-centres-educatius\/","title":{"rendered":"Important actualitzaci\u00f3 de la gesti\u00f3 de casos de covid-19 als centres educatius"},"content":{"rendered":"<p>Benvolgudes i benvolguts<\/p>\n<p>En aquesta not\u00edcia volem informar-vos de les novetats introdu\u00efdes sobre la gesti\u00f3 dels casos covid-19 als centres educatius a partir dels inicis del segon trimestre del curs 2021-2022.<\/p>\n<h3><strong>21 de febrer de 2022<\/strong>: Suspensi\u00f3 de l&#8217;aplicaci\u00f3 del protocol de gesti\u00f3 de casos covid-19<\/h3>\n<p>Segons la informaci\u00f3 rebuda avui, via comunicat intern, del Departament d&#8217;Educaci\u00f3 i del Departament de Salut:<\/p>\n<p><strong>&#8220;A partir del dimecres dia 23 de febrer de 2022\u00a0queda sense efecte el protocol de gesti\u00f3 de casos covid-19 als centres educatius, <\/strong>si b\u00e9 es continuar\u00e0 aplicant als centres d&#8217;educaci\u00f3 especial.<\/p>\n<p>Aix\u00f2 implica, segons el comunicat:<br \/>\n&#8211; <strong>No s&#8217;identificaran contactes estrets als centres educatius\u00a0ni s&#8217;indicaran quarantenes.<\/strong><br \/>\n&#8211;\u00a0<b>Les fam\u00edlies no hauran de comunicar al centre en cas d&#8217;abs\u00e8ncia<\/b>\u00a0dels seus fills o filles\u00a0<b>si aquesta est\u00e0 motivada per la covid-19<\/b>.<br \/>\n&#8211;\u00a0<b>Es deixaran d&#8217;emetre les preinscripcions de tests d&#8217;ant\u00edgens per al professorat<\/b>.<br \/>\n&#8211; Dem\u00e0, dimarts 22 de febrer de 2022, ser\u00e0 el darrer dia d&#8217;actualitzaci\u00f3 de casos covid-19 als centres educatius ordinaris.<br \/>\n&#8211;\u00a0<b>Les mesures que romandran, de moment, s\u00f3n la mascareta als interiors, la ventilaci\u00f3 d&#8217;espais i les mesures higi\u00e8niques<\/b>.<\/p>\n<h3><strong>09 de febrer de 2022<\/strong>: \u00das de la mascareta<\/h3>\n<p>Segons el comunicat rebut avui des del CEB (Consorci d&#8217;Educaci\u00f3 de Barcelona):<\/p>\n<p><strong>&#8220;A partir de dem\u00e0, 10 de febrer de 2022, deixa de ser obligatori l&#8217;\u00fas de mascareta als patis i espais exteriors<\/strong> (amb excepci\u00f3 dels esdeveniments multitudinaris) per part de l&#8217;alumnat i del personal\u00a0 dels centres, encara que es barregin diferents grups de conviv\u00e8ncia estable.<br \/>\nTampoc caldr\u00e0 portar-la en les sortides i excursions fora del centre que es facin a l&#8217;aire lliure ni en els espais exteriors durant les col\u00f2nies o altres estades amb pernoctaci\u00f3. S\u00ed que s&#8217;ha de fer servir durant el despla\u00e7ament si s&#8217;utilitza algun mitj\u00e0 de transport p\u00fablic o privat.<br \/>\nRecordem que la mascareta <strong>continua sent obligat\u00f2ria a les aules i als espais interiors dels centres educatius<\/strong>, exceptuant el moment de l&#8217;\u00e0pat al menjador escolar o quan es faci alguna activitat que n&#8217;impedeixi l&#8217;\u00fas (activitat f\u00edsica intensa, tocar la flauta, etc.), tot i que es recomana que aquestes activitats es facin a l&#8217;exterior sempre que sigui possible.&#8221;<\/p>\n<p><a href=\"https:\/\/www.edubcn.cat\/comunicats_centres\/20220209_Novetats_us_mascareta_patis_2021_2022.pdf\" target=\"_blank\" rel=\"noopener\">Circular del Departament de Salut<\/a><\/p>\n<h3><strong>07 de febrer de 2022<\/strong>: Suspensi\u00f3 de la realitzaci\u00f3 de TAR<\/h3>\n<p>A partir del dia 7 de febrer <strong>se susp\u00e8n la realitzaci\u00f3 dels tests d&#8217;ant\u00edgens (TAR)<\/strong> <strong>a l\u2019alumnat<\/strong> d\u2019educaci\u00f3 infantil, prim\u00e0ria i <strong>secund\u00e0ria i d&#8217;ensenyaments postobligatoris<\/strong> quan es produeixi un o diversos casos positius al grup de conviv\u00e8ncia estable i la recomanaci\u00f3 nom\u00e9s es mant\u00e9 per a l&#8217;alumnat de centres d\u2019educaci\u00f3 especial i per al personal dels centres \u200bd\u2019educaci\u00f3 infantil, prim\u00e0ria i de centres d&#8217;educaci\u00f3 especial.<\/p>\n<p>&nbsp;<\/p>\n<h3><b>14 de gener de 2022<\/b><span style=\"font-weight: 400;\">: <\/span><b>Aclariments sobre el protocol donada la situaci\u00f3 actual del sistema de Salut.<\/b><\/h3>\n<p><span style=\"font-weight: 400;\">Donada la situaci\u00f3 que s\u2019est\u00e0 generant amb la detecci\u00f3 de casos positius de l\u2019alumnat i les gestions posteriors que ha de realitzar-se, volem comunicar-vos els seg\u00fcents aclariments:<\/span><\/p>\n<ol>\n<li style=\"font-weight: 400;\" aria-level=\"1\"><span style=\"font-weight: 400;\">La gesti\u00f3 dels casos positius \u00e9s compet\u00e8ncia exclusiva del Departament de Salut. Els centres educatius nom\u00e9s participem en el tr\u00e0mit burocr\u00e0tic d\u2019informaci\u00f3 a les fam\u00edlies <\/span><b>sota les directrius del RECO<\/b><span style=\"font-weight: 400;\"> (Referent Covid del CAP de sant Mart\u00ed associat al centre) i sempre que tinguem les respostes adients.<\/span><\/li>\n<li style=\"font-weight: 400;\" aria-level=\"1\"><b>El RECO ens ha informat que no pot realitzar cap gesti\u00f3 si un cas positiu no \u00e9s conegut pel sistema de Salut<\/b><span style=\"font-weight: 400;\">; aix\u00f2 implica que si es comunica nom\u00e9s al centre i el Departament de Salut no t\u00e9 coneixement del cas (p.e. la prova s\u2019ha fet a casa\u2026) no s\u2019iniciaran les gestions ni el tractament dels contactes estrets del GCE (Grup de conviv\u00e8ncia Estable). En <\/span><a href=\"https:\/\/educacio.gencat.cat\/web\/shared\/continguts_per_compartir\/ENS\/salut-escola\/imatge-grafica\/comunicacio-positiu-test-antigens.pdf\" target=\"_blank\" rel=\"noopener\"><span style=\"font-weight: 400;\">aquest document<\/span><\/a><span style=\"font-weight: 400;\"> trobareu els mecanismes per poder informar a Salut d\u2019un cas positiu.<\/span><\/li>\n<li style=\"font-weight: 400;\" aria-level=\"1\"><span style=\"font-weight: 400;\">Davant d\u2019un cas positiu l\u2019alumnat <\/span><b><i>no \u201cimmunitzat\u201d<\/i><\/b><span style=\"font-weight: 400;\">\u00a0 (<\/span><b>alumnat que no t\u00e9 la pauta de vacunaci\u00f3 completa<\/b> <b>ni ha estat positiu per covid-19 en els darrers 3<\/b><span style=\"font-weight: 400;\"> mesos) <\/span><b>ha d\u2019iniciar un per\u00edode de<\/b> <b>quarantena de 7 dies<\/b><span style=\"font-weight: 400;\"> per tallar les cadenes de transmissi\u00f3 i <\/span><b>no s\u2019ha de fer cap tipus de prova<\/b><span style=\"font-weight: 400;\">.<\/span><\/li>\n<li style=\"font-weight: 400;\" aria-level=\"1\"><span style=\"font-weight: 400;\">Davant d\u2019un cas positiu l\u2019alumnat <\/span><b><i>\u201cimmunitzat\u201d<\/i><\/b><span style=\"font-weight: 400;\">\u00a0 <\/span><b><i>per haver estat positiu per covid-19<\/i><\/b><b> en els darrers 3<\/b><span style=\"font-weight: 400;\"> mesos <\/span><b>no s\u2019ha de fer cap tipus de prova per assistir al centre<\/b><span style=\"font-weight: 400;\">.<\/span><\/li>\n<li style=\"font-weight: 400;\" aria-level=\"1\"><span style=\"font-weight: 400;\">Davant d\u2019un cas positiu l\u2019alumnat <\/span><strong><i>\u201cimmunitzat\u201d<\/i>\u00a0 <i>per tenir la pauta de vacunaci\u00f3 completa <\/i><\/strong><span style=\"font-weight: 400;\">(han transcorregut 14 dies des de l\u2019administraci\u00f3 de la 2a dosi de la vacuna):<\/span>\n<ol style=\"list-style-type: lower-alpha;\">\n<li style=\"font-weight: 400;\" aria-level=\"2\"><span style=\"font-weight: 400;\"><strong>\u00c9s molt recomanable<\/strong> que assisteixi al centre amb una <\/span><b>TAR <\/b><span style=\"font-weight: 400;\">(Test d\u2019Ant\u00edgens R\u00e0pid) <\/span><b>negativa<\/b><span style=\"font-weight: 400;\">.\u00a0<\/span><\/li>\n<li style=\"font-weight: 400;\" aria-level=\"2\"><span style=\"font-weight: 400;\">Caldria fer-se la TAR en una de les <\/span><a href=\"https:\/\/canalsalut.gencat.cat\/ca\/salut-a-z\/c\/coronavirus-2019-ncov\/ciutadania\/deteccio-de-casos-i-seguiment-de-contactes\/tar-farmacies\/farmacies-adherides\/\" target=\"_blank\" rel=\"noopener\"><span style=\"font-weight: 400;\">farm\u00e0cies adherides<\/span><\/a><span style=\"font-weight: 400;\"> donat que poden inserir al sistema el resultat obtingut.<\/span><\/li>\n<li style=\"font-weight: 400;\" aria-level=\"2\"><span style=\"font-weight: 400;\">La <\/span><b style=\"font-weight: 400;\">TAR ser\u00e0\u00a0<\/b><span style=\"font-weight: 400;\"><b>gratu\u00efta<\/b>\u00a0quan Salut generi la recepta electr\u00f2nica a la \u201cMeva Salut\u201d. Cal portar la targeta sanit\u00e0ria en el moment d\u2019anar a la farm\u00e0cia. L\u2019activaci\u00f3 de la recepta electr\u00f2nica de la TAR aquests dies est\u00e0 patint importants retards per l\u2019allau de positius a Catalunya.<\/span><\/li>\n<li style=\"font-weight: 400;\" aria-level=\"2\"><b style=\"font-family: inherit; font-size: 1em; font-weight: 400;\">Una <\/b><b>fam\u00edlia<\/b><b style=\"font-family: inherit; font-size: 1em; font-weight: 400;\"> pot decidir fer-se la TAR pel seu compte<\/b><span style=\"font-weight: 400;\"> (recomanable en una de les farm\u00e0cies adherides) per\u00f2 <\/span><b style=\"font-weight: 400; font-family: inherit; font-size: 1em;\">aquesta no ser\u00e0\u00a0<\/b><span style=\"font-weight: 400;\"><b>gratu\u00efta<\/b><span style=\"font-family: inherit;\"><span style=\"font-size: 1em;\">.<\/span><\/span><\/span><\/li>\n<\/ol>\n<\/li>\n<\/ol>\n<p>&nbsp;<\/p>\n<p><a href=\"https:\/\/canalsalut.gencat.cat\/ca\/salut-a-z\/c\/coronavirus-2019-ncov\/ciutadania\/deteccio-de-casos-i-seguiment-de-contactes\/tar-farmacies\/farmacies-adherides\/\" target=\"_blank\" rel=\"noopener\">Llistat de farm\u00e0cies<\/a>\u00a0adherides per realitzar\u00a0<strong>TAR supervisats<\/strong><\/p>\n<p>&nbsp;<\/p>\n<h3>Canvis a partir del dia<strong> 12 de gener de 2022<\/strong><\/h3>\n<p>Avui, dia<strong> 12 de gener de 2022<\/strong>, hem estat informats de nous canvis en el <a href=\"https:\/\/educacio.gencat.cat\/web\/shared\/continguts_per_compartir\/ENS\/salut-escola\/documentacio\/escoles\/gestio-casos-centres-educatius.pdf\" target=\"_blank\" rel=\"noopener\"><strong>protocol de gesti\u00f3 de casos<\/strong><\/a>, modificaci\u00f3 del protocol del dia 9 de gener de 2022 que es faria servir a partir de l&#8217;inici del segon trimestre.<\/p>\n<p>Els principals canvis proposats pel Departament de Salut en la gesti\u00f3 dels casos per positius de COVID-19 als centres educatius, s\u00f3n els seg\u00fcents:<\/p>\n<p>1. <strong>Durada de la quarantena de 7 dies<\/strong> en lloc dels 10 anteriors.<\/p>\n<p>2. <strong>Modificaci\u00f3 de la gesti\u00f3 dels contactes estrets<\/strong> als centres d&#8217;Educaci\u00f3 secund\u00e0ria (<strong>p\u00e0gina 11<\/strong> del protocol de gesti\u00f3)<\/p>\n<p>3. <strong>La gesti\u00f3 de les quarantenes i de les proves del Test Antig\u00e8nic R\u00e0pid (TAR)<\/strong> es faran d\u2019acord amb les pautes marcades en la seg\u00fcent<a href=\"https:\/\/www.edubcn.cat\/comunicats_centres\/20220110_Taula_resum_gestio_quarantenes_i_tar_entorn_escolar.pdf\" target=\"_blank\" rel=\"noopener\">\u00a0 <strong>infografia<\/strong><\/a><\/p>\n<p>&nbsp;<\/p>\n<p>Esperem i desitgem no haver-lo d&#8217;aplicar.<\/p>\n<p>Salutacions.<\/p>\n","protected":false},"excerpt":{"rendered":"<p>Benvolgudes i benvolguts<br \/>\nEn aquesta not\u00edcia volem informar-vos de les novetats introdu\u00efdes sobre la gesti\u00f3 dels casos covid-19 als centres educatius a partir dels inicis del segon trimestre del curs 2021-2022.<br \/>\n21 de febrer de 2022: Suspensi\u00f3 de l&#8217;aplicaci\u00f3 del protocol de gesti\u00f3 de casos covid-19<br \/>\nSegons la&hellip;  <a href=\"https:\/\/agora.xtec.cat\/insjoandaustria\/general\/actualitzacio-gestio-de-casos-de-covid-19-als-centres-educatius\/\" title=\"Read Important actualitzaci\u00f3 de la gesti\u00f3 de casos de covid-19 als centres educatius\">Llegeix m\u00e9s\u00bb<\/a><\/p>\n","protected":false},"author":270,"featured_media":0,"comment_status":"closed","ping_status":"closed","sticky":false,"template":"","format":"standard","meta":{"_bbp_topic_count":0,"_bbp_reply_count":0,"_bbp_total_topic_count":0,"_bbp_total_reply_count":0,"_bbp_voice_count":0,"_bbp_anonymous_reply_count":0,"_bbp_topic_count_hidden":0,"_bbp_reply_count_hidden":0,"_bbp_forum_subforum_count":0,"footnotes":""},"categories":[1,29],"tags":[],"class_list":["post-8578","post","type-post","status-publish","format-standard","hentry","category-general","category-portada"],"post_mailing_queue_ids":[],"_links":{"self":[{"href":"https:\/\/agora.xtec.cat\/insjoandaustria\/wp-json\/wp\/v2\/posts\/8578","targetHints":{"allow":["GET"]}}],"collection":[{"href":"https:\/\/agora.xtec.cat\/insjoandaustria\/wp-json\/wp\/v2\/posts"}],"about":[{"href":"https:\/\/agora.xtec.cat\/insjoandaustria\/wp-json\/wp\/v2\/types\/post"}],"author":[{"embeddable":true,"href":"https:\/\/agora.xtec.cat\/insjoandaustria\/wp-json\/wp\/v2\/users\/270"}],"replies":[{"embeddable":true,"href":"https:\/\/agora.xtec.cat\/insjoandaustria\/wp-json\/wp\/v2\/comments?post=8578"}],"version-history":[{"count":4,"href":"https:\/\/agora.xtec.cat\/insjoandaustria\/wp-json\/wp\/v2\/posts\/8578\/revisions"}],"predecessor-version":[{"id":8720,"href":"https:\/\/agora.xtec.cat\/insjoandaustria\/wp-json\/wp\/v2\/posts\/8578\/revisions\/8720"}],"wp:attachment":[{"href":"https:\/\/agora.xtec.cat\/insjoandaustria\/wp-json\/wp\/v2\/media?parent=8578"}],"wp:term":[{"taxonomy":"category","embeddable":true,"href":"https:\/\/agora.xtec.cat\/insjoandaustria\/wp-json\/wp\/v2\/categories?post=8578"},{"taxonomy":"post_tag","embeddable":true,"href":"https:\/\/agora.xtec.cat\/insjoandaustria\/wp-json\/wp\/v2\/tags?post=8578"}],"curies":[{"name":"wp","href":"https:\/\/api.w.org\/{rel}","templated":true}]}}