{"id":8532,"date":"2021-12-02T14:12:07","date_gmt":"2021-12-02T13:12:07","guid":{"rendered":"https:\/\/agora.xtec.cat\/insjoandaustria\/?p=8532"},"modified":"2021-12-02T14:12:07","modified_gmt":"2021-12-02T13:12:07","slug":"recollida-daliments-2021","status":"publish","type":"post","link":"https:\/\/agora.xtec.cat\/insjoandaustria\/general\/recollida-daliments-2021\/","title":{"rendered":"Recollida d&#8217;aliments 2021"},"content":{"rendered":"<p><b>Recollida d\u2019aliments Nadal 2021<\/b><\/p>\n<p><a href=\"https:\/\/agora.xtec.cat\/insjoandaustria\/wp-content\/uploads\/usu216\/2021\/12\/CR.png\"><img loading=\"lazy\" decoding=\"async\" class=\"alignnone size-medium wp-image-8535\" src=\"https:\/\/agora.xtec.cat\/insjoandaustria\/wp-content\/uploads\/usu216\/2021\/12\/CR-300x122.png\" alt=\"\" width=\"300\" height=\"122\" srcset=\"https:\/\/agora.xtec.cat\/insjoandaustria\/wp-content\/uploads\/usu216\/2021\/12\/CR-300x122.png 300w, https:\/\/agora.xtec.cat\/insjoandaustria\/wp-content\/uploads\/usu216\/2021\/12\/CR.png 351w\" sizes=\"auto, (max-width: 300px) 100vw, 300px\" \/><\/a><\/p>\n<p><span style=\"font-weight: 400\">Com hem fet durant els darrers anys el nostre objectiu \u00e9s arribar a recollir <\/span><b>1 Kg d\u2019aliments per persona<\/b><span style=\"font-weight: 400\">; animem a tots els membres de la comunitat educativa del nostre centre a col\u00b7laborar-hi, per poder donar una gran quantitat d\u2019aliments a la <\/span><b>Creu Roja.<\/b><\/p>\n<p><span style=\"font-weight: 400\">La recollida d\u2019aliments <\/span><b>comen\u00e7a Dilluns 29 de novembre i acaba el Dilluns 13 de desembre<\/b><span style=\"font-weight: 400\">.<\/span><\/p>\n<p><span style=\"font-weight: 400\">Podeu portar aquests tipus d\u2019aliments: Oli d\u2019oliva, Oli de girasol, conserves\u00a0 de tonyina i\/o sardines, pasta de sopa, conserves de blat de moro, cereals per l\u2019esmorzar, fruits secs, pur\u00e9 de patata, mongetes seques, caf\u00e8 soluble, conserves de p\u00e8sols i compreses.<\/span><\/p>\n<p><span style=\"font-weight: 400\">El punt de recollida ser\u00e0 l\u2019espai del laboratori <\/span><b>de Ci\u00e8ncies Naturals<\/b><span style=\"font-weight: 400\">, durant tots els dies que duri la campanya, a l\u2019hora de l\u2019esbarjo (11:00 &#8211; 11:30h) des <\/span><b>del dia 29 de novembre fins al 13 de desembre. <\/b><span style=\"font-weight: 400\">Els delegats i sots-delegats mediambientals hauran de dur la capsa de la seva classe fins el punt de recollida i cada hora del pati hi deixaran les bosses amb menjar que s\u2019hagin dut.<\/span><\/p>\n<p><span style=\"font-weight: 400\">Els aliments recaptats seran lliurats al <\/span><b>Creu Roja<\/b><span style=\"font-weight: 400\"> per a la seva distribuci\u00f3.<\/span><\/p>\n<p>&nbsp;<\/p>\n","protected":false},"excerpt":{"rendered":"<p>Aquest any els alumnes de Tercer d\u2019ESO tornem a fer el nostre projecte educatiu, que ens identifica com a \u201cInstitut Sostenible, Saludable i Solidari\u201d, amb l\u2019objectiu de potenciar els valors de solidaritat, empatia, col\u00b7laboraci\u00f3, cohesi\u00f3 social i treball en equip. Com tots els anys avui 29 de Novembre comen\u00e7a la nostra campanya de recollida d\u2019aliments.&hellip;  <a href=\"https:\/\/agora.xtec.cat\/insjoandaustria\/general\/recollida-daliments-2021\/\" title=\"Read Recollida d&#8217;aliments 2021\">Llegeix m\u00e9s\u00bb<\/a><\/p>\n","protected":false},"author":30,"featured_media":8535,"comment_status":"closed","ping_status":"closed","sticky":false,"template":"","format":"standard","meta":{"_bbp_topic_count":0,"_bbp_reply_count":0,"_bbp_total_topic_count":0,"_bbp_total_reply_count":0,"_bbp_voice_count":0,"_bbp_anonymous_reply_count":0,"_bbp_topic_count_hidden":0,"_bbp_reply_count_hidden":0,"_bbp_forum_subforum_count":0,"footnotes":""},"categories":[1,29],"tags":[],"class_list":["post-8532","post","type-post","status-publish","format-standard","has-post-thumbnail","hentry","category-general","category-portada"],"post_mailing_queue_ids":[],"_links":{"self":[{"href":"https:\/\/agora.xtec.cat\/insjoandaustria\/wp-json\/wp\/v2\/posts\/8532","targetHints":{"allow":["GET"]}}],"collection":[{"href":"https:\/\/agora.xtec.cat\/insjoandaustria\/wp-json\/wp\/v2\/posts"}],"about":[{"href":"https:\/\/agora.xtec.cat\/insjoandaustria\/wp-json\/wp\/v2\/types\/post"}],"author":[{"embeddable":true,"href":"https:\/\/agora.xtec.cat\/insjoandaustria\/wp-json\/wp\/v2\/users\/30"}],"replies":[{"embeddable":true,"href":"https:\/\/agora.xtec.cat\/insjoandaustria\/wp-json\/wp\/v2\/comments?post=8532"}],"version-history":[{"count":2,"href":"https:\/\/agora.xtec.cat\/insjoandaustria\/wp-json\/wp\/v2\/posts\/8532\/revisions"}],"predecessor-version":[{"id":8537,"href":"https:\/\/agora.xtec.cat\/insjoandaustria\/wp-json\/wp\/v2\/posts\/8532\/revisions\/8537"}],"wp:featuredmedia":[{"embeddable":true,"href":"https:\/\/agora.xtec.cat\/insjoandaustria\/wp-json\/wp\/v2\/media\/8535"}],"wp:attachment":[{"href":"https:\/\/agora.xtec.cat\/insjoandaustria\/wp-json\/wp\/v2\/media?parent=8532"}],"wp:term":[{"taxonomy":"category","embeddable":true,"href":"https:\/\/agora.xtec.cat\/insjoandaustria\/wp-json\/wp\/v2\/categories?post=8532"},{"taxonomy":"post_tag","embeddable":true,"href":"https:\/\/agora.xtec.cat\/insjoandaustria\/wp-json\/wp\/v2\/tags?post=8532"}],"curies":[{"name":"wp","href":"https:\/\/api.w.org\/{rel}","templated":true}]}}