{"id":8477,"date":"2021-12-01T17:40:26","date_gmt":"2021-12-01T16:40:26","guid":{"rendered":"https:\/\/agora.xtec.cat\/insjoandaustria\/?p=8477"},"modified":"2021-12-01T17:40:26","modified_gmt":"2021-12-01T16:40:26","slug":"calendari-dadvent-2021","status":"publish","type":"post","link":"https:\/\/agora.xtec.cat\/insjoandaustria\/general\/calendari-dadvent-2021\/","title":{"rendered":"CALENDARI D&#8217;ADVENT 2021"},"content":{"rendered":"<p>Bona tarda a tots i a totes! \ud83e\udd17<br \/>\nBenvinguts al g\u00e8lid desembre\u2744\u26c4\u00a0i al mes de Nadal!\ud83c\udf32\ud83c\udf81<\/p>\n<p>Com b\u00e9 sabeu, a la biblioteca ens encanta aquesta festivitat, per aix\u00f2 aquest any portem de nou el Calendari d&#8217;Advent a vosaltres.<br \/>\nAquest any hem decidit fer-ho mitjan\u00e7ant\u00a0<strong><span class=\"hiddenSpellError\">instagram<\/span><\/strong>, ja que \u00e9s per on m\u00e9s actius esteu, ja que \u00e9s m\u00e9s c\u00f2mode i ho tenim m\u00e9s a la m\u00e0.<\/p>\n<p><strong>@bibliojda<\/strong><\/p>\n<p>Avui us deixem la primera pista, per\u00f2 us <span class=\"hiddenGrammarError\">animem a que<\/span>\u00a0ens seguiu, ja que publiquem cada setmana i coses molt interessants.<\/p>\n<p><a href=\"https:\/\/agora.xtec.cat\/insjoandaustria\/wp-content\/uploads\/usu216\/2021\/12\/Pista-no-1.png\"><img loading=\"lazy\" decoding=\"async\" class=\"aligncenter size-large wp-image-8478\" src=\"https:\/\/agora.xtec.cat\/insjoandaustria\/wp-content\/uploads\/usu216\/2021\/12\/Pista-no-1-576x1024.png\" alt=\"\" width=\"576\" height=\"1024\" srcset=\"https:\/\/agora.xtec.cat\/insjoandaustria\/wp-content\/uploads\/usu216\/2021\/12\/Pista-no-1-576x1024.png 576w, https:\/\/agora.xtec.cat\/insjoandaustria\/wp-content\/uploads\/usu216\/2021\/12\/Pista-no-1-169x300.png 169w, https:\/\/agora.xtec.cat\/insjoandaustria\/wp-content\/uploads\/usu216\/2021\/12\/Pista-no-1-768x1365.png 768w, https:\/\/agora.xtec.cat\/insjoandaustria\/wp-content\/uploads\/usu216\/2021\/12\/Pista-no-1-864x1536.png 864w, https:\/\/agora.xtec.cat\/insjoandaustria\/wp-content\/uploads\/usu216\/2021\/12\/Pista-no-1.png 1080w\" sizes=\"auto, (max-width: 576px) 100vw, 576px\" \/><\/a><\/p>\n<p>&nbsp;<\/p>\n<p>Esperem la vostra participaci\u00f3!!<\/p>\n","protected":false},"excerpt":{"rendered":"<p>Bona tarda a tots i a totes! \ud83e\udd17<br \/>\nBenvinguts al g\u00e8lid desembre\u2744\u26c4\u00a0i al mes de Nadal!\ud83c\udf32\ud83c\udf81<br \/>\nCom b\u00e9 sabeu, a la biblioteca ens encanta aquesta festivitat, per aix\u00f2 aquest any portem de nou el Calendari d&#8217;Advent a vosaltres.<br \/>\nAquest any hem decidit fer-ho mitjan\u00e7ant\u00a0instagram, ja que \u00e9s per&hellip;  <a href=\"https:\/\/agora.xtec.cat\/insjoandaustria\/general\/calendari-dadvent-2021\/\" title=\"Read CALENDARI D&#8217;ADVENT 2021\">Llegeix m\u00e9s\u00bb<\/a><\/p>\n","protected":false},"author":360,"featured_media":8478,"comment_status":"closed","ping_status":"closed","sticky":false,"template":"","format":"standard","meta":{"_bbp_topic_count":0,"_bbp_reply_count":0,"_bbp_total_topic_count":0,"_bbp_total_reply_count":0,"_bbp_voice_count":0,"_bbp_anonymous_reply_count":0,"_bbp_topic_count_hidden":0,"_bbp_reply_count_hidden":0,"_bbp_forum_subforum_count":0,"footnotes":""},"categories":[302,3,1],"tags":[],"class_list":["post-8477","post","type-post","status-publish","format-standard","has-post-thumbnail","hentry","category-biblioteca","category-eso","category-general"],"post_mailing_queue_ids":[],"_links":{"self":[{"href":"https:\/\/agora.xtec.cat\/insjoandaustria\/wp-json\/wp\/v2\/posts\/8477","targetHints":{"allow":["GET"]}}],"collection":[{"href":"https:\/\/agora.xtec.cat\/insjoandaustria\/wp-json\/wp\/v2\/posts"}],"about":[{"href":"https:\/\/agora.xtec.cat\/insjoandaustria\/wp-json\/wp\/v2\/types\/post"}],"author":[{"embeddable":true,"href":"https:\/\/agora.xtec.cat\/insjoandaustria\/wp-json\/wp\/v2\/users\/360"}],"replies":[{"embeddable":true,"href":"https:\/\/agora.xtec.cat\/insjoandaustria\/wp-json\/wp\/v2\/comments?post=8477"}],"version-history":[{"count":1,"href":"https:\/\/agora.xtec.cat\/insjoandaustria\/wp-json\/wp\/v2\/posts\/8477\/revisions"}],"predecessor-version":[{"id":8479,"href":"https:\/\/agora.xtec.cat\/insjoandaustria\/wp-json\/wp\/v2\/posts\/8477\/revisions\/8479"}],"wp:featuredmedia":[{"embeddable":true,"href":"https:\/\/agora.xtec.cat\/insjoandaustria\/wp-json\/wp\/v2\/media\/8478"}],"wp:attachment":[{"href":"https:\/\/agora.xtec.cat\/insjoandaustria\/wp-json\/wp\/v2\/media?parent=8477"}],"wp:term":[{"taxonomy":"category","embeddable":true,"href":"https:\/\/agora.xtec.cat\/insjoandaustria\/wp-json\/wp\/v2\/categories?post=8477"},{"taxonomy":"post_tag","embeddable":true,"href":"https:\/\/agora.xtec.cat\/insjoandaustria\/wp-json\/wp\/v2\/tags?post=8477"}],"curies":[{"name":"wp","href":"https:\/\/api.w.org\/{rel}","templated":true}]}}