{"id":8442,"date":"2021-11-14T21:56:52","date_gmt":"2021-11-14T20:56:52","guid":{"rendered":"https:\/\/agora.xtec.cat\/insjoandaustria\/?p=8442"},"modified":"2021-11-14T21:58:14","modified_gmt":"2021-11-14T20:58:14","slug":"26a-setmana-de-la-ciencia","status":"publish","type":"post","link":"https:\/\/agora.xtec.cat\/insjoandaustria\/general\/26a-setmana-de-la-ciencia\/","title":{"rendered":"26a Setmana de la Ci\u00e8ncia!"},"content":{"rendered":"<p>Aquest divendres 12 de novembre ha comen\u00e7at la 26a Setmana de la Ci\u00e8ncia. El tema central d&#8217;aquest any \u00e9s la <b>Sostenibilitat<\/b>. S&#8217;han preparat xerrades, visites, concursos&#8230; per fer que l&#8217;alumnat del centre pugui aprofitar aquesta Setmana de la Ci\u00e8ncia per gaudir del m\u00f3n de la ci\u00e8ncia, la tecnologia i la matem\u00e0tica.<\/p>\n<p><a href=\"https:\/\/agora.xtec.cat\/insjoandaustria\/wp-content\/uploads\/usu216\/2021\/11\/26a-setmana-ciencia.png\"><img loading=\"lazy\" decoding=\"async\" class=\"alignnone wp-image-8447 size-medium\" src=\"https:\/\/agora.xtec.cat\/insjoandaustria\/wp-content\/uploads\/usu216\/2021\/11\/26a-setmana-ciencia-300x238.png\" alt=\"\" width=\"300\" height=\"238\" srcset=\"https:\/\/agora.xtec.cat\/insjoandaustria\/wp-content\/uploads\/usu216\/2021\/11\/26a-setmana-ciencia-300x238.png 300w, https:\/\/agora.xtec.cat\/insjoandaustria\/wp-content\/uploads\/usu216\/2021\/11\/26a-setmana-ciencia-1024x811.png 1024w, https:\/\/agora.xtec.cat\/insjoandaustria\/wp-content\/uploads\/usu216\/2021\/11\/26a-setmana-ciencia-768x609.png 768w, https:\/\/agora.xtec.cat\/insjoandaustria\/wp-content\/uploads\/usu216\/2021\/11\/26a-setmana-ciencia.png 1045w\" sizes=\"auto, (max-width: 300px) 100vw, 300px\" \/><\/a><\/p>\n<p><a href=\"https:\/\/setmanaciencia.fundaciorecerca.cat\/frontend\/activitats.asp\">https:\/\/setmanaciencia.fundaciorecerca.cat\/frontend\/activitats.asp<\/a><\/p>\n","protected":false},"excerpt":{"rendered":"<p>Aquest divendres 12 de novembre ha comen\u00e7at la 26a Setmana de la Ci\u00e8ncia. El tema central d&#8217;aquest any \u00e9s la Sostenibilitat. S&#8217;han preparat xerrades, visites, concursos&#8230; per fer que l&#8217;alumnat del centre pugui aprofitar aquesta Setmana de la Ci\u00e8ncia per gaudir del m\u00f3n de la&hellip;  <a href=\"https:\/\/agora.xtec.cat\/insjoandaustria\/general\/26a-setmana-de-la-ciencia\/\" title=\"Read 26a Setmana de la Ci\u00e8ncia!\">Llegeix m\u00e9s\u00bb<\/a><\/p>\n","protected":false},"author":30,"featured_media":8447,"comment_status":"closed","ping_status":"closed","sticky":false,"template":"","format":"standard","meta":{"_bbp_topic_count":0,"_bbp_reply_count":0,"_bbp_total_topic_count":0,"_bbp_total_reply_count":0,"_bbp_voice_count":0,"_bbp_anonymous_reply_count":0,"_bbp_topic_count_hidden":0,"_bbp_reply_count_hidden":0,"_bbp_forum_subforum_count":0,"footnotes":""},"categories":[87,1,29],"tags":[],"class_list":["post-8442","post","type-post","status-publish","format-standard","has-post-thumbnail","hentry","category-bio-geo","category-general","category-portada"],"post_mailing_queue_ids":[],"_links":{"self":[{"href":"https:\/\/agora.xtec.cat\/insjoandaustria\/wp-json\/wp\/v2\/posts\/8442","targetHints":{"allow":["GET"]}}],"collection":[{"href":"https:\/\/agora.xtec.cat\/insjoandaustria\/wp-json\/wp\/v2\/posts"}],"about":[{"href":"https:\/\/agora.xtec.cat\/insjoandaustria\/wp-json\/wp\/v2\/types\/post"}],"author":[{"embeddable":true,"href":"https:\/\/agora.xtec.cat\/insjoandaustria\/wp-json\/wp\/v2\/users\/30"}],"replies":[{"embeddable":true,"href":"https:\/\/agora.xtec.cat\/insjoandaustria\/wp-json\/wp\/v2\/comments?post=8442"}],"version-history":[{"count":3,"href":"https:\/\/agora.xtec.cat\/insjoandaustria\/wp-json\/wp\/v2\/posts\/8442\/revisions"}],"predecessor-version":[{"id":8450,"href":"https:\/\/agora.xtec.cat\/insjoandaustria\/wp-json\/wp\/v2\/posts\/8442\/revisions\/8450"}],"wp:featuredmedia":[{"embeddable":true,"href":"https:\/\/agora.xtec.cat\/insjoandaustria\/wp-json\/wp\/v2\/media\/8447"}],"wp:attachment":[{"href":"https:\/\/agora.xtec.cat\/insjoandaustria\/wp-json\/wp\/v2\/media?parent=8442"}],"wp:term":[{"taxonomy":"category","embeddable":true,"href":"https:\/\/agora.xtec.cat\/insjoandaustria\/wp-json\/wp\/v2\/categories?post=8442"},{"taxonomy":"post_tag","embeddable":true,"href":"https:\/\/agora.xtec.cat\/insjoandaustria\/wp-json\/wp\/v2\/tags?post=8442"}],"curies":[{"name":"wp","href":"https:\/\/api.w.org\/{rel}","templated":true}]}}