{"id":8433,"date":"2021-11-02T20:59:26","date_gmt":"2021-11-02T19:59:26","guid":{"rendered":"https:\/\/agora.xtec.cat\/insjoandaustria\/?p=8433"},"modified":"2024-01-24T18:12:59","modified_gmt":"2024-01-24T17:12:59","slug":"buenas-practicas-en-fp-dual-a-linstitut-joan-daustria","status":"publish","type":"post","link":"https:\/\/agora.xtec.cat\/insjoandaustria\/general\/buenas-practicas-en-fp-dual-a-linstitut-joan-daustria\/","title":{"rendered":"&#8220;Buenas Pr\u00e1cticas en FP Dual&#8221; a l&#8217;Institut Joan d&#8217;\u00c0ustria"},"content":{"rendered":"<p>L'&#8221;Alianza para la FP Dual&#8221; ha publicat al seu newsletter mensual un article on es fa ress\u00f3 de les nostres jornades JEDAI. Aquestes jornades que celebrem des de l&#8217;any 2013, s&#8217;estan convertint en tot un referent dintre del m\u00f3n de la formaci\u00f3 professional en alternan\u00e7a DUAL. L&#8217;article complet el podeu llegir a la<a href=\"https:\/\/www.alianzafpdual.es\/buenas-practicas-joan-austria\" target=\"_blank\" rel=\"noopener\"> pr\u00f2pia web de l&#8217;Alianza<\/a>.<\/p>\n","protected":false},"excerpt":{"rendered":"<p>L&#8217;&#8221;Alianza para la FP Dual&#8221; ha publicat al seu newsletter mensual un article on es fa ress\u00f3 de les nostres jornades JEDAI. Aquestes jornades que celebrem des de l&#8217;any 2013, s&#8217;estan convertint en tot un referent dintre del m\u00f3n de la formaci\u00f3 professional en alternan\u00e7a&hellip;  <a href=\"https:\/\/agora.xtec.cat\/insjoandaustria\/general\/buenas-practicas-en-fp-dual-a-linstitut-joan-daustria\/\" title=\"Read &#8220;Buenas Pr\u00e1cticas en FP Dual&#8221; a l&#8217;Institut Joan d&#8217;\u00c0ustria\">Llegeix m\u00e9s\u00bb<\/a><\/p>\n","protected":false},"author":4,"featured_media":8435,"comment_status":"closed","ping_status":"closed","sticky":false,"template":"","format":"standard","meta":{"_bbp_topic_count":0,"_bbp_reply_count":0,"_bbp_total_topic_count":0,"_bbp_total_reply_count":0,"_bbp_voice_count":0,"_bbp_anonymous_reply_count":0,"_bbp_topic_count_hidden":0,"_bbp_reply_count_hidden":0,"_bbp_forum_subforum_count":0,"footnotes":""},"categories":[1,29],"tags":[],"class_list":["post-8433","post","type-post","status-publish","format-standard","has-post-thumbnail","hentry","category-general","category-portada"],"post_mailing_queue_ids":[],"_links":{"self":[{"href":"https:\/\/agora.xtec.cat\/insjoandaustria\/wp-json\/wp\/v2\/posts\/8433","targetHints":{"allow":["GET"]}}],"collection":[{"href":"https:\/\/agora.xtec.cat\/insjoandaustria\/wp-json\/wp\/v2\/posts"}],"about":[{"href":"https:\/\/agora.xtec.cat\/insjoandaustria\/wp-json\/wp\/v2\/types\/post"}],"author":[{"embeddable":true,"href":"https:\/\/agora.xtec.cat\/insjoandaustria\/wp-json\/wp\/v2\/users\/4"}],"replies":[{"embeddable":true,"href":"https:\/\/agora.xtec.cat\/insjoandaustria\/wp-json\/wp\/v2\/comments?post=8433"}],"version-history":[{"count":2,"href":"https:\/\/agora.xtec.cat\/insjoandaustria\/wp-json\/wp\/v2\/posts\/8433\/revisions"}],"predecessor-version":[{"id":10208,"href":"https:\/\/agora.xtec.cat\/insjoandaustria\/wp-json\/wp\/v2\/posts\/8433\/revisions\/10208"}],"wp:featuredmedia":[{"embeddable":true,"href":"https:\/\/agora.xtec.cat\/insjoandaustria\/wp-json\/wp\/v2\/media\/8435"}],"wp:attachment":[{"href":"https:\/\/agora.xtec.cat\/insjoandaustria\/wp-json\/wp\/v2\/media?parent=8433"}],"wp:term":[{"taxonomy":"category","embeddable":true,"href":"https:\/\/agora.xtec.cat\/insjoandaustria\/wp-json\/wp\/v2\/categories?post=8433"},{"taxonomy":"post_tag","embeddable":true,"href":"https:\/\/agora.xtec.cat\/insjoandaustria\/wp-json\/wp\/v2\/tags?post=8433"}],"curies":[{"name":"wp","href":"https:\/\/api.w.org\/{rel}","templated":true}]}}