{"id":8430,"date":"2021-11-02T16:41:10","date_gmt":"2021-11-02T15:41:10","guid":{"rendered":"https:\/\/agora.xtec.cat\/insjoandaustria\/?p=8430"},"modified":"2021-11-02T16:41:10","modified_gmt":"2021-11-02T15:41:10","slug":"enigma-no-3","status":"publish","type":"post","link":"https:\/\/agora.xtec.cat\/insjoandaustria\/general\/enigma-no-3\/","title":{"rendered":"ENIGMA N\u00ba 3"},"content":{"rendered":"<p>Bona tarda a tots i a totes!<\/p>\n<p>Avui us compartim l&#8217;enigma n\u00ba3. Sabem que falta el n\u00ba2, per\u00f2 el podeu trobar al nostre compte d&#8217;instagram <strong>@bibliojda.<\/strong> All\u00e0 tamb\u00e9 compartim les respostes dels anteriors a la mateixa publicaci\u00f3.<\/p>\n<p><a href=\"https:\/\/agora.xtec.cat\/insjoandaustria\/wp-content\/uploads\/usu216\/2021\/11\/ENIGMA-2.jpg\"><img loading=\"lazy\" decoding=\"async\" class=\"aligncenter size-large wp-image-8431\" src=\"https:\/\/agora.xtec.cat\/insjoandaustria\/wp-content\/uploads\/usu216\/2021\/11\/ENIGMA-2-1024x1024.jpg\" alt=\"\" width=\"1024\" height=\"1024\" srcset=\"https:\/\/agora.xtec.cat\/insjoandaustria\/wp-content\/uploads\/usu216\/2021\/11\/ENIGMA-2-1024x1024.jpg 1024w, https:\/\/agora.xtec.cat\/insjoandaustria\/wp-content\/uploads\/usu216\/2021\/11\/ENIGMA-2-300x300.jpg 300w, https:\/\/agora.xtec.cat\/insjoandaustria\/wp-content\/uploads\/usu216\/2021\/11\/ENIGMA-2-150x150.jpg 150w, https:\/\/agora.xtec.cat\/insjoandaustria\/wp-content\/uploads\/usu216\/2021\/11\/ENIGMA-2-768x768.jpg 768w, https:\/\/agora.xtec.cat\/insjoandaustria\/wp-content\/uploads\/usu216\/2021\/11\/ENIGMA-2.jpg 1080w\" sizes=\"auto, (max-width: 1024px) 100vw, 1024px\" \/><\/a><\/p>\n<p>&nbsp;<\/p>\n<p>Esperem les vostres respostes als comentaris. L&#8217;encertareu?\ud83d\ude1c<\/p>\n<p>&nbsp;<\/p>\n","protected":false},"excerpt":{"rendered":"<p>Bona tarda a tots i a totes!<br \/>\nAvui us compartim l&#8217;enigma n\u00ba3. Sabem que falta el n\u00ba2, per\u00f2 el podeu trobar al nostre compte d&#8217;instagram @bibliojda. All\u00e0 tamb\u00e9 compartim les respostes dels anteriors a la mateixa publicaci\u00f3.<br \/>\n<a href=\"https:\/\/agora.xtec.cat\/insjoandaustria\/wp-content\/uploads\/usu216\/2021\/11\/ENIGMA-2.jpg\"><\/a><br \/>\n&nbsp;<br \/>\nEsperem les vostres respostes als comentaris. L&#8217;encertareu?\ud83d\ude1c<br \/>\n&nbsp;<\/p>\n","protected":false},"author":360,"featured_media":8431,"comment_status":"open","ping_status":"closed","sticky":false,"template":"","format":"standard","meta":{"_bbp_topic_count":0,"_bbp_reply_count":0,"_bbp_total_topic_count":0,"_bbp_total_reply_count":0,"_bbp_voice_count":0,"_bbp_anonymous_reply_count":0,"_bbp_topic_count_hidden":0,"_bbp_reply_count_hidden":0,"_bbp_forum_subforum_count":0,"footnotes":""},"categories":[302,3,1,29],"tags":[],"class_list":["post-8430","post","type-post","status-publish","format-standard","has-post-thumbnail","hentry","category-biblioteca","category-eso","category-general","category-portada"],"post_mailing_queue_ids":[],"_links":{"self":[{"href":"https:\/\/agora.xtec.cat\/insjoandaustria\/wp-json\/wp\/v2\/posts\/8430","targetHints":{"allow":["GET"]}}],"collection":[{"href":"https:\/\/agora.xtec.cat\/insjoandaustria\/wp-json\/wp\/v2\/posts"}],"about":[{"href":"https:\/\/agora.xtec.cat\/insjoandaustria\/wp-json\/wp\/v2\/types\/post"}],"author":[{"embeddable":true,"href":"https:\/\/agora.xtec.cat\/insjoandaustria\/wp-json\/wp\/v2\/users\/360"}],"replies":[{"embeddable":true,"href":"https:\/\/agora.xtec.cat\/insjoandaustria\/wp-json\/wp\/v2\/comments?post=8430"}],"version-history":[{"count":1,"href":"https:\/\/agora.xtec.cat\/insjoandaustria\/wp-json\/wp\/v2\/posts\/8430\/revisions"}],"predecessor-version":[{"id":8432,"href":"https:\/\/agora.xtec.cat\/insjoandaustria\/wp-json\/wp\/v2\/posts\/8430\/revisions\/8432"}],"wp:featuredmedia":[{"embeddable":true,"href":"https:\/\/agora.xtec.cat\/insjoandaustria\/wp-json\/wp\/v2\/media\/8431"}],"wp:attachment":[{"href":"https:\/\/agora.xtec.cat\/insjoandaustria\/wp-json\/wp\/v2\/media?parent=8430"}],"wp:term":[{"taxonomy":"category","embeddable":true,"href":"https:\/\/agora.xtec.cat\/insjoandaustria\/wp-json\/wp\/v2\/categories?post=8430"},{"taxonomy":"post_tag","embeddable":true,"href":"https:\/\/agora.xtec.cat\/insjoandaustria\/wp-json\/wp\/v2\/tags?post=8430"}],"curies":[{"name":"wp","href":"https:\/\/api.w.org\/{rel}","templated":true}]}}