{"id":8413,"date":"2021-11-02T10:00:28","date_gmt":"2021-11-02T09:00:28","guid":{"rendered":"https:\/\/agora.xtec.cat\/insjoandaustria\/?p=8413"},"modified":"2021-12-10T17:50:17","modified_gmt":"2021-12-10T16:50:17","slug":"eleccions-al-consell-escolar-2021","status":"publish","type":"post","link":"https:\/\/agora.xtec.cat\/insjoandaustria\/general\/eleccions-al-consell-escolar-2021\/","title":{"rendered":"Eleccions al Consell Escolar 2021"},"content":{"rendered":"<p>Benvolgudes i benvolguts membres de la comunitat educativa<\/p>\n<p>Com cada dos anys, aquest curs,\u00a0 hi haur\u00e0 una renovaci\u00f3 parcial del Consell Escolar del centre. El Consell Escolar \u00e9s l\u2019\u00f2rgan de representaci\u00f3 dels diferents sectors de la comunitat educativa (alumnat, claustre, fam\u00edlies, PAS i administraci\u00f3 local) \u00a0que, com ja sabeu, \u00a0participa en el govern del centre com a \u00f2rgan col\u00b7legiat.<\/p>\n<p>Formar part d\u2019aquest Consell Escolar \u00e9s sin\u00f2nim d\u2019implicaci\u00f3 directa en la vida del centre. Triar als vostres representants \u00e9s un exercici de responsabilitat i de cultura democr\u00e0tica donat que les persones elegides us representaran a l\u2019hora de realitzar propostes i prendre decisions que millorin el funcionament del centre.<\/p>\n<p>Aquest proc\u00e9s de renovaci\u00f3 es dur\u00e0 a terme al llarg d\u2019aquest mes de novembre de 2021, segons el calendari marcat pel Departament d\u2019Educaci\u00f3 de la Generalitat de Catalunya. Podeu consultar informaci\u00f3 addicional a la p\u00e0gina web del <a href=\"https:\/\/educacio.gencat.cat\/ca\/arees-actuacio\/families\/recursos\/recomanacions\/eleccions-consells-escolars\/\" target=\"_blank\" rel=\"noopener\">Departament d&#8217;Educaci\u00f3<\/a><\/p>\n<h2><strong>El calendari<\/strong> i el procediment en el nostre centre ser\u00e0:<\/h2>\n<ul>\n<li><strong>Dimarts dia 2 de novembre<\/strong><\/li>\n<\/ul>\n<p>Convocat\u00f2ria d\u2019eleccions al Consell Escolar -2021- i publicitaci\u00f3 al web del centre. <a href=\"https:\/\/agora.xtec.cat\/insjoandaustria\/wp-content\/uploads\/usu216\/2021\/10\/Convocatoria-Resolucio-Direccio-2021-Sig.pdf\" target=\"_blank\" rel=\"noopener\">Resoluci\u00f3<\/a> de la direcci\u00f3 del centre.<\/p>\n<p>Publicaci\u00f3 als taulers d&#8217;anuncis dels censos electorals (a partir de les 14:30 h.)<\/p>\n<ol style=\"list-style-type: lower-alpha;\">\n<li>Cens Sector Fam\u00edlies: Al tauler d\u2019anuncis del centre<\/li>\n<li>Cens Sector Professorat: A la sala del professorat<\/li>\n<li>Cens Sector Alumnat: Al tauler d\u2019anuncis del centre<\/li>\n<\/ol>\n<p><strong>Molt <\/strong><em><strong>Important! :\u00a0<\/strong><\/em><em>Les possibles reclamacions referides a les inscripcions en els cens electorals s&#8217;han de dirigir, mitjan\u00e7ant escrit, al director del centre <strong>entre les 10:00 h. del dia 3 de novembre <\/strong>i\u00a0<strong> les 14:00 h. del dia 5 de novembre de 2021<\/strong>\u00a0(model de <a href=\"http:\/\/agora.xtec.cat\/insjoandaustria\/wp-content\/uploads\/usu216\/2016\/02\/sol%C2%B7licitud-standard.pdf\" target=\"_blank\" rel=\"noopener\">sol\u00b7licitud<\/a>) i s&#8217;han de lliurar a la secretaria del centre. Les resolucions sobre possibles reclamacions es publicaran al tauler d&#8217;anuncis del centre a partir de les 14:30 h. del dia <strong>12 de novembre de 2021<\/strong><br \/>\n<\/em><\/p>\n<p><em>Si alguna persona est\u00e0 interessada en actuar com a <strong>supervisora del proc\u00e9s<\/strong> ha de presentar la seva sol\u00b7licitud com a<a href=\"https:\/\/agora.xtec.cat\/insjoandaustria\/wp-content\/uploads\/usu216\/2021\/10\/Supervisio-votacions-families.pdf\" target=\"_blank\" rel=\"noopener\"> supervisora del sector fam\u00edlies<\/a> o com a <a href=\"https:\/\/agora.xtec.cat\/insjoandaustria\/wp-content\/uploads\/usu216\/2021\/10\/Supervisio-votacions-alumnat.pdf\" target=\"_blank\" rel=\"noopener\">supervisora del sector alumnat<\/a> adre\u00e7ada al director del centre, <strong>abans del les 14:00 h.\u00a0 dia 15 de novembre de 2021<\/strong><\/em><\/p>\n<h3><strong>Candidatures i meses electorals<\/strong><\/h3>\n<ul>\n<li><strong>Dilluns dia 8 de novembre<\/strong>\u00a0(a les 12:30h.): Sorteig per designar els membres vocals de les meses electorals (sectors alumnat i fam\u00edlies)<\/li>\n<li><strong>Dimecres dia 10 de novembre<\/strong>: Inici de la presentaci\u00f3 de candidatures dels diferents sectors<\/li>\n<\/ul>\n<p>Full de candidatura: <a href=\"https:\/\/agora.xtec.cat\/insjoandaustria\/wp-content\/uploads\/usu216\/2021\/11\/Presentacio-candidatura.pdf\" target=\"_blank\" rel=\"noopener\">baixeu-vos-ho<\/a> o b\u00e9 demaneu-lo, en format paper, a la consergeria del centre<\/p>\n<p><em><strong>Molt <\/strong><strong>Important!<\/strong> <\/em><\/p>\n<p><em>Les candidatures s\u2019han de presentar a la secretaria del centre en l&#8217;horari habitual<\/em><\/p>\n<ul>\n<li><strong>Dimarts dia 09\/11: <\/strong>Constituci\u00f3 de les taules electorals. Assignaci\u00f3 de membres<\/li>\n<li><strong>Dilluns dia 15\/11 a les 14:00<\/strong>:\u00a0Final de presentaci\u00f3 de sol\u00b7licituds d&#8217;actuaci\u00f3 com a supervisors<\/li>\n<li><strong>Dilluns dia 15\/11<\/strong> <strong>a les 14:00<\/strong>: <em><strong>Final de presentaci\u00f3 de candidatures<\/strong><\/em><\/li>\n<li><strong>Dimarts dia 16\/11: <\/strong>Proclamaci\u00f3 i publicaci\u00f3 de candidatures al tauler del centre<\/li>\n<\/ul>\n<h3><strong>Votacions de cada sector<\/strong><\/h3>\n<ul>\n<li><strong>Dilluns 22 de novembre a les 14:30<\/strong>: Claustre Professorat<\/li>\n<li><strong>Dimarts 23 de novembre de les<\/strong> <strong>18:00h. fins les 20:00h.<\/strong>: Sector Fam\u00edlies<\/li>\n<li><strong>Dijous 25 de novembre<\/strong> (al llarg del mat\u00ed i la tarda): Sector Alumnat<\/li>\n<\/ul>\n<h3><strong>Constituci\u00f3<\/strong> del nou Consell Escolar<\/h3>\n<ul>\n<li><strong>Dimecres 15<\/strong>\u00a0<strong>de desembre de 2021<\/strong>\u00a0a les <strong>18:00h<\/strong><\/li>\n<\/ul>\n<p>&nbsp;<\/p>\n<h2><strong>Representants a renovar<\/strong><\/h2>\n<table style=\"width: 514px;\" width=\"524\">\n<tbody>\n<tr>\n<td style=\"width: 137px;\" width=\"111\"><strong>Sector<\/strong><\/td>\n<td style=\"width: 200px;\" width=\"161\"><strong>Nombre de representants<\/strong><\/td>\n<td style=\"width: 177px;\" width=\"142\"><strong>Nombre de representants a renovar<\/strong><\/td>\n<\/tr>\n<tr>\n<td style=\"width: 137px;\" width=\"111\"><strong>Alumnat<\/strong><\/td>\n<td style=\"text-align: center; width: 200px;\" width=\"161\">3<\/td>\n<td style=\"text-align: center; width: 177px;\" width=\"142\"><strong>1<\/strong><\/td>\n<\/tr>\n<tr>\n<td style=\"width: 137px;\" width=\"111\"><strong>Fam\u00edlies<\/strong><\/td>\n<td style=\"text-align: center; width: 200px;\" width=\"161\">3<\/td>\n<td style=\"text-align: center; width: 177px;\" width=\"142\"><strong>1<\/strong><\/td>\n<\/tr>\n<tr>\n<td style=\"width: 137px;\" width=\"111\"><strong>AFA<\/strong><\/td>\n<td style=\"text-align: center; width: 200px;\" width=\"161\">1<\/td>\n<td style=\"text-align: center; width: 177px;\" width=\"142\"><strong>1<\/strong><\/td>\n<\/tr>\n<tr>\n<td style=\"width: 137px;\" width=\"111\"><strong>PAS<\/strong><\/td>\n<td style=\"text-align: center; width: 200px;\" width=\"161\">1<\/td>\n<td style=\"text-align: center; width: 177px;\" width=\"142\"><strong>0<\/strong><\/td>\n<\/tr>\n<tr>\n<td style=\"width: 137px;\" width=\"111\"><strong>Professorat<\/strong><\/td>\n<td style=\"text-align: center; width: 200px;\" width=\"161\">7<\/td>\n<td style=\"text-align: center; width: 177px;\" width=\"142\"><strong>4<\/strong><\/td>\n<\/tr>\n<\/tbody>\n<\/table>\n<p>&nbsp;<\/p>\n<p><strong>Esperem i desitgem la teva participaci\u00f3!<\/strong><\/p>\n","protected":false},"excerpt":{"rendered":"<p>Benvolgudes i benvolguts membres de la comunitat educativa<br \/>\nCom cada dos anys, aquest curs,\u00a0 hi haur\u00e0 una renovaci\u00f3 parcial del Consell Escolar del centre. El Consell Escolar \u00e9s l\u2019\u00f2rgan de representaci\u00f3 dels diferents sectors de la comunitat educativa (alumnat, claustre, fam\u00edlies, PAS i administraci\u00f3 local) \u00a0que,&hellip;  <a href=\"https:\/\/agora.xtec.cat\/insjoandaustria\/general\/eleccions-al-consell-escolar-2021\/\" title=\"Read Eleccions al Consell Escolar 2021\">Llegeix m\u00e9s\u00bb<\/a><\/p>\n","protected":false},"author":270,"featured_media":0,"comment_status":"closed","ping_status":"closed","sticky":false,"template":"","format":"standard","meta":{"_bbp_topic_count":0,"_bbp_reply_count":0,"_bbp_total_topic_count":0,"_bbp_total_reply_count":0,"_bbp_voice_count":0,"_bbp_anonymous_reply_count":0,"_bbp_topic_count_hidden":0,"_bbp_reply_count_hidden":0,"_bbp_forum_subforum_count":0,"footnotes":""},"categories":[1],"tags":[],"class_list":["post-8413","post","type-post","status-publish","format-standard","hentry","category-general"],"post_mailing_queue_ids":[],"_links":{"self":[{"href":"https:\/\/agora.xtec.cat\/insjoandaustria\/wp-json\/wp\/v2\/posts\/8413","targetHints":{"allow":["GET"]}}],"collection":[{"href":"https:\/\/agora.xtec.cat\/insjoandaustria\/wp-json\/wp\/v2\/posts"}],"about":[{"href":"https:\/\/agora.xtec.cat\/insjoandaustria\/wp-json\/wp\/v2\/types\/post"}],"author":[{"embeddable":true,"href":"https:\/\/agora.xtec.cat\/insjoandaustria\/wp-json\/wp\/v2\/users\/270"}],"replies":[{"embeddable":true,"href":"https:\/\/agora.xtec.cat\/insjoandaustria\/wp-json\/wp\/v2\/comments?post=8413"}],"version-history":[{"count":3,"href":"https:\/\/agora.xtec.cat\/insjoandaustria\/wp-json\/wp\/v2\/posts\/8413\/revisions"}],"predecessor-version":[{"id":8429,"href":"https:\/\/agora.xtec.cat\/insjoandaustria\/wp-json\/wp\/v2\/posts\/8413\/revisions\/8429"}],"wp:attachment":[{"href":"https:\/\/agora.xtec.cat\/insjoandaustria\/wp-json\/wp\/v2\/media?parent=8413"}],"wp:term":[{"taxonomy":"category","embeddable":true,"href":"https:\/\/agora.xtec.cat\/insjoandaustria\/wp-json\/wp\/v2\/categories?post=8413"},{"taxonomy":"post_tag","embeddable":true,"href":"https:\/\/agora.xtec.cat\/insjoandaustria\/wp-json\/wp\/v2\/tags?post=8413"}],"curies":[{"name":"wp","href":"https:\/\/api.w.org\/{rel}","templated":true}]}}