{"id":8396,"date":"2021-10-13T09:35:36","date_gmt":"2021-10-13T07:35:36","guid":{"rendered":"https:\/\/agora.xtec.cat\/insjoandaustria\/?p=8396"},"modified":"2021-10-13T09:43:34","modified_gmt":"2021-10-13T07:43:34","slug":"taller-dart-urba","status":"publish","type":"post","link":"https:\/\/agora.xtec.cat\/insjoandaustria\/portada\/taller-dart-urba\/","title":{"rendered":"TALLER D&#8217;ART URB\u00c0"},"content":{"rendered":"<p>2 sessions de treball amb el t\u00edtol: Taller de Graffiti (Art Urb\u00e0)<\/p>\n<p>Taller Impartit per: Contorno Urbano<\/p>\n<ul>\n<li>Horari Dimecres 20\/10: 17:00 a 20:00.<\/li>\n<li>Horari Dissabte 23\/10: 10:00 a 13:00.<\/li>\n<\/ul>\n<p>Places limitades, cal registrar-se per correu a: afa@iesjoandaustria.org<\/p>\n<p><a href=\"https:\/\/agora.xtec.cat\/insjoandaustria\/wp-content\/uploads\/usu216\/2021\/10\/IMG-20211007-WA0001.jpg\"><img loading=\"lazy\" decoding=\"async\" class=\"aligncenter size-large wp-image-8397\" src=\"https:\/\/agora.xtec.cat\/insjoandaustria\/wp-content\/uploads\/usu216\/2021\/10\/IMG-20211007-WA0001-1024x1024.jpg\" alt=\"\" width=\"1024\" height=\"1024\" srcset=\"https:\/\/agora.xtec.cat\/insjoandaustria\/wp-content\/uploads\/usu216\/2021\/10\/IMG-20211007-WA0001-1024x1024.jpg 1024w, https:\/\/agora.xtec.cat\/insjoandaustria\/wp-content\/uploads\/usu216\/2021\/10\/IMG-20211007-WA0001-300x300.jpg 300w, https:\/\/agora.xtec.cat\/insjoandaustria\/wp-content\/uploads\/usu216\/2021\/10\/IMG-20211007-WA0001-150x150.jpg 150w, https:\/\/agora.xtec.cat\/insjoandaustria\/wp-content\/uploads\/usu216\/2021\/10\/IMG-20211007-WA0001-768x768.jpg 768w, https:\/\/agora.xtec.cat\/insjoandaustria\/wp-content\/uploads\/usu216\/2021\/10\/IMG-20211007-WA0001.jpg 1081w\" sizes=\"auto, (max-width: 1024px) 100vw, 1024px\" \/><\/a><\/p>\n","protected":false},"excerpt":{"rendered":"<p>2 sessions de treball amb el t\u00edtol: Taller de Graffiti (Art Urb\u00e0)<br \/>\nTaller Impartit per: Contorno Urbano<\/p>\n<ul>\n<li>Horari Dimecres 20\/10: 17:00 a 20:00.<\/li>\n<li>Horari Dissabte 23\/10: 10:00 a 13:00.<\/li>\n<\/ul>\n<p>Places limitades, cal registrar-se per correu a: afa@iesjoandaustria.org<br \/>\n<a href=\"https:\/\/agora.xtec.cat\/insjoandaustria\/wp-content\/uploads\/usu216\/2021\/10\/IMG-20211007-WA0001.jpg\"><\/a><\/p>\n","protected":false},"author":100,"featured_media":8397,"comment_status":"closed","ping_status":"closed","sticky":false,"template":"","format":"standard","meta":{"_bbp_topic_count":0,"_bbp_reply_count":0,"_bbp_total_topic_count":0,"_bbp_total_reply_count":0,"_bbp_voice_count":0,"_bbp_anonymous_reply_count":0,"_bbp_topic_count_hidden":0,"_bbp_reply_count_hidden":0,"_bbp_forum_subforum_count":0,"footnotes":""},"categories":[31,300,29],"tags":[391,398,400],"class_list":["post-8396","post","type-post","status-publish","format-standard","has-post-thumbnail","hentry","category-afa","category-escola-families","category-portada","tag-afa","tag-art","tag-taller"],"post_mailing_queue_ids":[],"_links":{"self":[{"href":"https:\/\/agora.xtec.cat\/insjoandaustria\/wp-json\/wp\/v2\/posts\/8396","targetHints":{"allow":["GET"]}}],"collection":[{"href":"https:\/\/agora.xtec.cat\/insjoandaustria\/wp-json\/wp\/v2\/posts"}],"about":[{"href":"https:\/\/agora.xtec.cat\/insjoandaustria\/wp-json\/wp\/v2\/types\/post"}],"author":[{"embeddable":true,"href":"https:\/\/agora.xtec.cat\/insjoandaustria\/wp-json\/wp\/v2\/users\/100"}],"replies":[{"embeddable":true,"href":"https:\/\/agora.xtec.cat\/insjoandaustria\/wp-json\/wp\/v2\/comments?post=8396"}],"version-history":[{"count":2,"href":"https:\/\/agora.xtec.cat\/insjoandaustria\/wp-json\/wp\/v2\/posts\/8396\/revisions"}],"predecessor-version":[{"id":8399,"href":"https:\/\/agora.xtec.cat\/insjoandaustria\/wp-json\/wp\/v2\/posts\/8396\/revisions\/8399"}],"wp:featuredmedia":[{"embeddable":true,"href":"https:\/\/agora.xtec.cat\/insjoandaustria\/wp-json\/wp\/v2\/media\/8397"}],"wp:attachment":[{"href":"https:\/\/agora.xtec.cat\/insjoandaustria\/wp-json\/wp\/v2\/media?parent=8396"}],"wp:term":[{"taxonomy":"category","embeddable":true,"href":"https:\/\/agora.xtec.cat\/insjoandaustria\/wp-json\/wp\/v2\/categories?post=8396"},{"taxonomy":"post_tag","embeddable":true,"href":"https:\/\/agora.xtec.cat\/insjoandaustria\/wp-json\/wp\/v2\/tags?post=8396"}],"curies":[{"name":"wp","href":"https:\/\/api.w.org\/{rel}","templated":true}]}}