{"id":8362,"date":"2021-09-10T17:35:05","date_gmt":"2021-09-10T15:35:05","guid":{"rendered":"https:\/\/agora.xtec.cat\/insjoandaustria\/?p=8362"},"modified":"2022-01-10T19:10:56","modified_gmt":"2022-01-10T18:10:56","slug":"jda-organitzacio-curs-2021-2022","status":"publish","type":"post","link":"https:\/\/agora.xtec.cat\/insjoandaustria\/general\/jda-organitzacio-curs-2021-2022\/","title":{"rendered":"JDA Organitzaci\u00f3 curs 2021-2022"},"content":{"rendered":"<p><strong>Benvolgudes fam\u00edlies i alumnat del centre.<\/strong><\/p>\n<p>Com ja sabeu l\u2019inici de curs d\u2019enguany continua venint marcat per la situaci\u00f3 sanit\u00e0ria derivada de la pand\u00e8mia provocada pel COVID 19. Aquesta situaci\u00f3 ha provocat que ens hem hagut d\u2019adaptar a la situaci\u00f3 actual a les darreres instruccions que hem anat rebent des del Departament d\u2019Educaci\u00f3, Departament de Salut i del Consorci d\u2019Educaci\u00f3 de Barcelona.<\/p>\n<p>En aquesta entrada us volem informar de diferents q\u00fcestions que s\u2019han de tenir molt en compte al llarg del curs. Aquesta not\u00edcia s\u2019anir\u00e0 actualitzant en els casos de noves instruccions i\/o nous requeriments.<\/p>\n<h2><b>Documents importants<\/b><\/h2>\n<p><span style=\"font-weight: 400;\"><a href=\"https:\/\/agora.xtec.cat\/insjoandaustria\/wp-content\/uploads\/usu216\/2021\/09\/rev_Carta-Salut_Educacio5-SIGNADA.pdf\" target=\"_blank\" rel=\"noopener noreferrer\">Carta dirigida a les fam\u00edlies<\/a> per part de l&#8217;Hble. Conseller d&#8217;Educaci\u00f3 i de l&#8217;Hble. Conseller de Salut.<\/span><\/p>\n<p><a href=\"https:\/\/agora.xtec.cat\/insjoandaustria\/wp-content\/uploads\/usu216\/2021\/09\/JDA_Pla-Organitzacio-2021-2022_v1-1.pdf\" target=\"_blank\" rel=\"noopener noreferrer\">Pla d&#8217;Organitzaci\u00f3<\/a> actual per al curs 2021-2022. Aquest document pot anar variant en funci\u00f3 de noves instruccions i\/o requeriments.<\/p>\n<p><a href=\"https:\/\/agora.xtec.cat\/insjoandaustria\/wp-content\/uploads\/usu216\/2021\/09\/20220110_Protocol_gestio_casos_covid_centres_2021_2022.pdf\" target=\"_blank\" rel=\"noopener\">Protocol de Gesti\u00f3 dels casos<\/a> covid-19 als centres educatius i <a href=\"https:\/\/agora.xtec.cat\/insjoandaustria\/wp-content\/uploads\/usu216\/2021\/09\/20220109_Circular_gestio_casos_inici_2n_trimestre.pdf\" target=\"_blank\" rel=\"noopener\">circular del CEB<\/a> de gesti\u00f3 de quarantenes i TAR <em>(<strong>Actualitzats a 10 de gener de 2022<\/strong>)<\/em><\/p>\n<p>Autoritzaci\u00f3 per al procediment de gesti\u00f3 de casos COVID als centres educatius. <a href=\"https:\/\/documents.espai.educacio.gencat.cat\/FormularisModels\/CentresGestioAdministrativa\/Autoritzacions_Families_Inici_curs_21_22.pdf\" target=\"_blank\" rel=\"noopener noreferrer\">Model del Departament d&#8217;Educaci\u00f3<\/a><\/p>\n<p><b>Declaraci\u00f3 responsable<\/b> de les fam\u00edlies de l&#8217;alumnat menor d&#8217;edat<span style=\"font-weight: 400;\">: <\/span><a href=\"https:\/\/documents.espai.educacio.gencat.cat\/FormularisModels\/CentresGestioAdministrativa\/A817.pdf\" target=\"_blank\" rel=\"noopener noreferrer\"><span style=\"font-weight: 400;\">Declaraci\u00f3 responsable<\/span><\/a><\/p>\n<p><b>Declaraci\u00f3 responsable<\/b> de l&#8217;alumnat major d&#8217;edat<span style=\"font-weight: 400;\">: <\/span><a href=\"https:\/\/documents.espai.educacio.gencat.cat\/FormularisModels\/CentresGestioAdministrativa\/A820.pdf\" target=\"_blank\" rel=\"noopener noreferrer\"><span style=\"font-weight: 400;\">Declaraci\u00f3 responsable<\/span><\/a><\/p>\n<p>&nbsp;<\/p>\n<h2><b>Informacions importants<\/b><\/h2>\n<p><a href=\"https:\/\/canalsalut.gencat.cat\/web\/shared\/continguts_per_compartir\/ENS\/salut-escola\/imatge-grafica\/gestio-contactes-estrets-entorn-escolar.pdf\" target=\"_blank\" rel=\"noopener\">Infografia<\/a> resum envers la <strong>Gesti\u00f3 de contactes estrets en l\u2019entorn escolar<\/strong><\/p>\n<p><a href=\"https:\/\/canalsalut.gencat.cat\/ca\/salut-a-z\/c\/coronavirus-2019-ncov\/ciutadania\/deteccio-de-casos-i-seguiment-de-contactes\/tar-farmacies\/farmacies-adherides\/\" target=\"_blank\" rel=\"noopener\">Llistat de farm\u00e0cies<\/a> adherides per realitzar <strong>TAR supervisats<\/strong><\/p>\n<h2><\/h2>\n<h2><b>Requeriments d\u2019acc\u00e9s al centre<\/b><\/h2>\n<p><span style=\"font-weight: 400;\">Cap persona pot accedir al centre amb una temperatura superior als 37,5\u00ba ni haver redu\u00eft la temperatura amb antitermics.<\/span><\/p>\n<p><span style=\"font-weight: 400;\">L\u2019alumnat hi ha d\u2019entrar amb la mascareta ben posada.<\/span><\/p>\n<p><b>No s\u2019hi pot entrar amb cap d\u2019aquests s\u00edmptomes<\/b><span style=\"font-weight: 400;\">:<\/span><\/p>\n<ul>\n<li style=\"font-weight: 400;\" aria-level=\"1\"><span style=\"font-weight: 400;\">Febre o febr\u00edcula (per sobre de 37,5 \u00baC)<\/span><\/li>\n<li style=\"font-weight: 400;\" aria-level=\"1\"><span style=\"font-weight: 400;\">Mal de coll**<\/span><\/li>\n<li style=\"font-weight: 400;\" aria-level=\"1\"><span style=\"font-weight: 400;\">Refredat nasal**<\/span><\/li>\n<li style=\"font-weight: 400;\" aria-level=\"1\"><span style=\"font-weight: 400;\">Tos<\/span><\/li>\n<li style=\"font-weight: 400;\" aria-level=\"1\"><span style=\"font-weight: 400;\">Dificultat per respirar<\/span><\/li>\n<li style=\"font-weight: 400;\" aria-level=\"1\"><span style=\"font-weight: 400;\">Fatiga, dolors musculars i\/o mal de cap<\/span><\/li>\n<li style=\"font-weight: 400;\" aria-level=\"1\"><span style=\"font-weight: 400;\">Mal de panxa amb v\u00f2mits o diarrea<\/span><\/li>\n<li style=\"font-weight: 400;\" aria-level=\"1\"><span style=\"font-weight: 400;\">P\u00e8rdua d&#8217;olfacte o gust (infants grans i adolescents)<\/span><\/li>\n<\/ul>\n<p><i><span style=\"font-weight: 400;\">** El mal de coll o refredat nasal de l\u2019alumnat nom\u00e9s es consideraran indicatius de COVID-19 si s\u2019acompanyen de febre o algun dels altres s\u00edmptomes de la malaltia.<\/span><\/i><\/p>\n<p>&nbsp;<\/p>\n<p><b>\u00c9s imprescindible puntualitat en l\u2019horari d\u2019entrada al centre, evitant aglomeracions i corredisses. En el cas de reiterada manca de puntualitat es prendran les mesures disciplin\u00e0ries necess\u00e0ries.<\/b><\/p>\n<p><b>No es prendr\u00e0 la temperatura a l\u2019alumnat abans d&#8217;entrar al centre i\/o a les aules, ho hauran de fer a casa, per evitar aglomeracions a l\u2019entrada del centre o de les aules. <\/b><span style=\"font-weight: 400;\">En cas que la situaci\u00f3 ho requer\u00eds poden implementar-se mesures addicionals com la presa de temperatura durant l\u2019estada al centre.<\/span><\/p>\n<p><b>S\u2019ha de fer \u00fas de la mascareta sempre.<\/b><span style=\"font-weight: 400;\"> La \u00fanica excepci\u00f3 a aquesta norma pot produir-se en les sessions d\u2019Educaci\u00f3 F\u00edsica realitzades en espais exteriors on \u00fanicament es relacioni el grup de conviv\u00e8ncia estable.\u00a0<\/span><\/p>\n<p><b>S\u2019ha de rentar les mans de manera freq\u00fcent i sistem\u00e0tica<\/b><span style=\"font-weight: 400;\">:<\/span><\/p>\n<ul>\n<li style=\"font-weight: 400;\" aria-level=\"1\"><span style=\"font-weight: 400;\">A l\u2019arribada al centre.<\/span><\/li>\n<li style=\"font-weight: 400;\" aria-level=\"1\"><span style=\"font-weight: 400;\">Abans i despr\u00e9s d\u2019entrar en contacte amb aliments i \u00e0pats.<\/span><\/li>\n<li style=\"font-weight: 400;\" aria-level=\"1\"><span style=\"font-weight: 400;\">Abans i despr\u00e9s d\u2019anar al WC.<\/span><\/li>\n<li style=\"font-weight: 400;\" aria-level=\"1\"><span style=\"font-weight: 400;\">Com a m\u00ednim una vegada cada 2 hores.<\/span><\/li>\n<\/ul>\n<p><span style=\"font-weight: 400;\">\u00a0<\/span><span style=\"font-weight: 400;\">Als diferents espais del centre: entrada, aules, tallers, sala professorat,&#8230; es disposar\u00e0\u00a0 de dispensadors de soluci\u00f3 hidroalcoh\u00f2lica.<\/span><\/p>\n<p><span style=\"font-weight: 400;\">L\u2019alumnat haur\u00e0 de portar omplerta i signada la <\/span><b>declaraci\u00f3 responsable<\/b> corresponent. Aquesta declaraci\u00f3 responsable <strong>s&#8217;ha de presentar cada vegada que es retorni d&#8217;una situaci\u00f3 d&#8217;a\u00efllament<\/strong>.<\/p>\n","protected":false},"excerpt":{"rendered":"<p>Benvolgudes fam\u00edlies i alumnat del centre.<br \/>\nCom ja sabeu l\u2019inici de curs d\u2019enguany continua venint marcat per la situaci\u00f3 sanit\u00e0ria derivada de la pand\u00e8mia provocada pel COVID 19. Aquesta situaci\u00f3 ha provocat que ens hem hagut d\u2019adaptar a la situaci\u00f3 actual a les darreres instruccions que&hellip;  <a href=\"https:\/\/agora.xtec.cat\/insjoandaustria\/general\/jda-organitzacio-curs-2021-2022\/\" title=\"Read JDA Organitzaci\u00f3 curs 2021-2022\">Llegeix m\u00e9s\u00bb<\/a><\/p>\n","protected":false},"author":270,"featured_media":0,"comment_status":"closed","ping_status":"closed","sticky":false,"template":"","format":"standard","meta":{"_bbp_topic_count":0,"_bbp_reply_count":0,"_bbp_total_topic_count":0,"_bbp_total_reply_count":0,"_bbp_voice_count":0,"_bbp_anonymous_reply_count":0,"_bbp_topic_count_hidden":0,"_bbp_reply_count_hidden":0,"_bbp_forum_subforum_count":0,"footnotes":""},"categories":[1,29],"tags":[],"class_list":["post-8362","post","type-post","status-publish","format-standard","hentry","category-general","category-portada"],"post_mailing_queue_ids":[],"_links":{"self":[{"href":"https:\/\/agora.xtec.cat\/insjoandaustria\/wp-json\/wp\/v2\/posts\/8362","targetHints":{"allow":["GET"]}}],"collection":[{"href":"https:\/\/agora.xtec.cat\/insjoandaustria\/wp-json\/wp\/v2\/posts"}],"about":[{"href":"https:\/\/agora.xtec.cat\/insjoandaustria\/wp-json\/wp\/v2\/types\/post"}],"author":[{"embeddable":true,"href":"https:\/\/agora.xtec.cat\/insjoandaustria\/wp-json\/wp\/v2\/users\/270"}],"replies":[{"embeddable":true,"href":"https:\/\/agora.xtec.cat\/insjoandaustria\/wp-json\/wp\/v2\/comments?post=8362"}],"version-history":[{"count":3,"href":"https:\/\/agora.xtec.cat\/insjoandaustria\/wp-json\/wp\/v2\/posts\/8362\/revisions"}],"predecessor-version":[{"id":8387,"href":"https:\/\/agora.xtec.cat\/insjoandaustria\/wp-json\/wp\/v2\/posts\/8362\/revisions\/8387"}],"wp:attachment":[{"href":"https:\/\/agora.xtec.cat\/insjoandaustria\/wp-json\/wp\/v2\/media?parent=8362"}],"wp:term":[{"taxonomy":"category","embeddable":true,"href":"https:\/\/agora.xtec.cat\/insjoandaustria\/wp-json\/wp\/v2\/categories?post=8362"},{"taxonomy":"post_tag","embeddable":true,"href":"https:\/\/agora.xtec.cat\/insjoandaustria\/wp-json\/wp\/v2\/tags?post=8362"}],"curies":[{"name":"wp","href":"https:\/\/api.w.org\/{rel}","templated":true}]}}