{"id":8241,"date":"2021-06-03T15:01:25","date_gmt":"2021-06-03T13:01:25","guid":{"rendered":"http:\/\/agora.xtec.cat\/insjoandaustria\/?p=8241"},"modified":"2021-06-03T15:18:38","modified_gmt":"2021-06-03T13:18:38","slug":"aps-banc-de-sang-i-teixits","status":"publish","type":"post","link":"https:\/\/agora.xtec.cat\/insjoandaustria\/general\/aps-banc-de-sang-i-teixits\/","title":{"rendered":"APS Banc de Sang i Teixits"},"content":{"rendered":"<p>Durant aquest tercer trimestre, els alumnes de Biologia de 4t ESO han fet un projecte d&#8217;aprenentatge-servei per col\u00b7laborar amb el Banc de Sang i Teixits. En aquest projecte, els alumnes aprenen sobre la sang, la donaci\u00f3 i aspectes de comunicaci\u00f3, alhora que duen a terme un servei de promoci\u00f3 de la salut en el seu entorn m\u00e9s proper.<\/p>\n<p>Els alumnes han dissenyat una campanya de comunicaci\u00f3 per promocionar la donaci\u00f3 de sang. Tamb\u00e9 han fet una formaci\u00f3 als alumnes de 3er d&#8217;ESO sobre la sang.<\/p>\n<p><a href=\"https:\/\/agora.xtec.cat\/insjoandaustria\/wp-content\/uploads\/usu216\/2021\/06\/1622702834293.jpg\"><img loading=\"lazy\" decoding=\"async\" class=\"alignnone size-medium wp-image-8244\" src=\"https:\/\/agora.xtec.cat\/insjoandaustria\/wp-content\/uploads\/usu216\/2021\/06\/1622702834293-300x225.jpg\" alt=\"\" width=\"300\" height=\"225\" srcset=\"https:\/\/agora.xtec.cat\/insjoandaustria\/wp-content\/uploads\/usu216\/2021\/06\/1622702834293-300x225.jpg 300w, https:\/\/agora.xtec.cat\/insjoandaustria\/wp-content\/uploads\/usu216\/2021\/06\/1622702834293-768x576.jpg 768w, https:\/\/agora.xtec.cat\/insjoandaustria\/wp-content\/uploads\/usu216\/2021\/06\/1622702834293-1024x768.jpg 1024w, https:\/\/agora.xtec.cat\/insjoandaustria\/wp-content\/uploads\/usu216\/2021\/06\/1622702834293-200x150.jpg 200w\" sizes=\"auto, (max-width: 300px) 100vw, 300px\" \/><\/a><\/p>\n<p>&nbsp;<\/p>\n<p>Avui 3 de juny, el Banc de Sang i Teixits ha instal\u00b7lat unes carpes a la Rambla Guip\u00fascoa entre Fluvi\u00e0 y Dr.Zamenhof\u00a0 i es podr\u00e0 donar sang al llarg de tota la jornada.<\/p>\n<p><a href=\"https:\/\/agora.xtec.cat\/insjoandaustria\/wp-content\/uploads\/usu216\/2021\/06\/1622724276609.jpg\"><img loading=\"lazy\" decoding=\"async\" class=\"alignnone size-medium wp-image-8245\" src=\"https:\/\/agora.xtec.cat\/insjoandaustria\/wp-content\/uploads\/usu216\/2021\/06\/1622724276609-300x225.jpg\" alt=\"\" width=\"300\" height=\"225\" srcset=\"https:\/\/agora.xtec.cat\/insjoandaustria\/wp-content\/uploads\/usu216\/2021\/06\/1622724276609-300x225.jpg 300w, https:\/\/agora.xtec.cat\/insjoandaustria\/wp-content\/uploads\/usu216\/2021\/06\/1622724276609-768x576.jpg 768w, https:\/\/agora.xtec.cat\/insjoandaustria\/wp-content\/uploads\/usu216\/2021\/06\/1622724276609-1024x768.jpg 1024w, https:\/\/agora.xtec.cat\/insjoandaustria\/wp-content\/uploads\/usu216\/2021\/06\/1622724276609-200x150.jpg 200w\" sizes=\"auto, (max-width: 300px) 100vw, 300px\" \/><\/a><\/p>\n","protected":false},"excerpt":{"rendered":"<p>Durant aquest tercer trimestre, els alumnes de Biologia de 4t ESO han fet un projecte d&#8217;aprenentatge-servei per col\u00b7laborar amb el Banc de Sang i Teixits. En aquest projecte, els alumnes aprenen sobre la sang, la donaci\u00f3 i aspectes de comunicaci\u00f3, alhora que duen a terme&hellip;  <a href=\"https:\/\/agora.xtec.cat\/insjoandaustria\/general\/aps-banc-de-sang-i-teixits\/\" title=\"Read APS Banc de Sang i Teixits\">Llegeix m\u00e9s\u00bb<\/a><\/p>\n","protected":false},"author":586,"featured_media":8243,"comment_status":"closed","ping_status":"closed","sticky":false,"template":"","format":"standard","meta":{"_bbp_topic_count":0,"_bbp_reply_count":0,"_bbp_total_topic_count":0,"_bbp_total_reply_count":0,"_bbp_voice_count":0,"_bbp_anonymous_reply_count":0,"_bbp_topic_count_hidden":0,"_bbp_reply_count_hidden":0,"_bbp_forum_subforum_count":0,"footnotes":""},"categories":[1,29,74],"tags":[],"class_list":["post-8241","post","type-post","status-publish","format-standard","has-post-thumbnail","hentry","category-general","category-portada","category-sostenibilitat"],"post_mailing_queue_ids":[],"_links":{"self":[{"href":"https:\/\/agora.xtec.cat\/insjoandaustria\/wp-json\/wp\/v2\/posts\/8241","targetHints":{"allow":["GET"]}}],"collection":[{"href":"https:\/\/agora.xtec.cat\/insjoandaustria\/wp-json\/wp\/v2\/posts"}],"about":[{"href":"https:\/\/agora.xtec.cat\/insjoandaustria\/wp-json\/wp\/v2\/types\/post"}],"author":[{"embeddable":true,"href":"https:\/\/agora.xtec.cat\/insjoandaustria\/wp-json\/wp\/v2\/users\/586"}],"replies":[{"embeddable":true,"href":"https:\/\/agora.xtec.cat\/insjoandaustria\/wp-json\/wp\/v2\/comments?post=8241"}],"version-history":[{"count":2,"href":"https:\/\/agora.xtec.cat\/insjoandaustria\/wp-json\/wp\/v2\/posts\/8241\/revisions"}],"predecessor-version":[{"id":8247,"href":"https:\/\/agora.xtec.cat\/insjoandaustria\/wp-json\/wp\/v2\/posts\/8241\/revisions\/8247"}],"wp:featuredmedia":[{"embeddable":true,"href":"https:\/\/agora.xtec.cat\/insjoandaustria\/wp-json\/wp\/v2\/media\/8243"}],"wp:attachment":[{"href":"https:\/\/agora.xtec.cat\/insjoandaustria\/wp-json\/wp\/v2\/media?parent=8241"}],"wp:term":[{"taxonomy":"category","embeddable":true,"href":"https:\/\/agora.xtec.cat\/insjoandaustria\/wp-json\/wp\/v2\/categories?post=8241"},{"taxonomy":"post_tag","embeddable":true,"href":"https:\/\/agora.xtec.cat\/insjoandaustria\/wp-json\/wp\/v2\/tags?post=8241"}],"curies":[{"name":"wp","href":"https:\/\/api.w.org\/{rel}","templated":true}]}}