{"id":8234,"date":"2021-06-01T17:29:45","date_gmt":"2021-06-01T15:29:45","guid":{"rendered":"http:\/\/agora.xtec.cat\/insjoandaustria\/?p=8234"},"modified":"2021-06-28T21:00:05","modified_gmt":"2021-06-28T19:00:05","slug":"museu-virtual-de-lholocaust","status":"publish","type":"post","link":"https:\/\/agora.xtec.cat\/insjoandaustria\/general\/museu-virtual-de-lholocaust\/","title":{"rendered":"Museu virtual de l&#8217;Holocaust"},"content":{"rendered":"<p dir=\"ltr\"><a href=\"https:\/\/agora.xtec.cat\/insjoandaustria\/wp-content\/uploads\/usu216\/2021\/06\/IMG_9922-min-1.jpg\"><img loading=\"lazy\" decoding=\"async\" class=\"wp-image-8236 aligncenter\" src=\"https:\/\/agora.xtec.cat\/insjoandaustria\/wp-content\/uploads\/usu216\/2021\/06\/IMG_9922-min-1-1024x683.jpg\" alt=\"\" width=\"520\" height=\"347\" srcset=\"https:\/\/agora.xtec.cat\/insjoandaustria\/wp-content\/uploads\/usu216\/2021\/06\/IMG_9922-min-1-1024x683.jpg 1024w, https:\/\/agora.xtec.cat\/insjoandaustria\/wp-content\/uploads\/usu216\/2021\/06\/IMG_9922-min-1-300x200.jpg 300w, https:\/\/agora.xtec.cat\/insjoandaustria\/wp-content\/uploads\/usu216\/2021\/06\/IMG_9922-min-1-768x512.jpg 768w\" sizes=\"auto, (max-width: 520px) 100vw, 520px\" \/><\/a><\/p>\n<p dir=\"ltr\">Despr\u00e9s d&#8217;haver estudiat els nacionalismes sorgits entre 1920 i 1933, i haver vist el transcurs de la Segona Guerra Mundial, us presentem una activitat duta a terme pels alumnes de Primer de Batxillerat sobre l&#8217;Holocaust.<\/p>\n<p dir=\"ltr\">El Museu virtual de l&#8217;Holocaust pret\u00e9n donar a con\u00e9ixer quins tipus de camps de concentraci\u00f3 hi havia, quina gent hi havia a l&#8217;interior, i com el nazisme, amb Hitler al capdavant, va organitzar tota una infraestructura del terror per dur a terme l&#8217;extermini d&#8217;enormes quantitats de poblaci\u00f3.<\/p>\n<p dir=\"ltr\">El treball s&#8217;ha fet en grups, cada un dels quals s&#8217;ha encarregat de la confecci\u00f3 de cada part del treball:<\/p>\n<p dir=\"ltr\">1. Ravensbruck \u2013 Neus Catal\u00e0<\/p>\n<p dir=\"ltr\">2. Sachenhausen \u2013Francisco Largo Caballero<\/p>\n<p dir=\"ltr\">3. Dachau \u2013L\u00e9on Blum<\/p>\n<p dir=\"ltr\">4. Mauthausen \u2013 Francesc Boix<\/p>\n<p dir=\"ltr\">5. Auschwitz \u2013 Anna Frank<\/p>\n<p dir=\"ltr\">6. F\u00e0brica Shindler &#8211; Oskar Schindler<\/p>\n<p dir=\"ltr\">Les eines per dur a terme aquest treball han estat les seg\u00fcents:<\/p>\n<p dir=\"ltr\">&#8211; Google Drive per organitzar i redactar el treball.<\/p>\n<p dir=\"ltr\">-_Google Sites -L&#8217;aula de Socials- per afegir-hi la informaci\u00f3 redactada<\/p>\n<p dir=\"ltr\">&#8211; Mobile History Map (https:\/\/mhm.mobileworldcapital.com\/) per situar geogr\u00e0ficament cada camp de concentraci\u00f3 \/ f\u00e0brica<\/p>\n<p dir=\"ltr\">&#8211; Emaze (https:\/\/www.emaze.com\/es\/) per crear el museu virtual conjunt<\/p>\n<p dir=\"ltr\">&#8211; Generador de Codis QR (https:\/\/es.qr-code-generator.com\/) per poder compartir amb la resta de l&#8217;alumnat de l&#8217;institut la feina feta.<\/p>\n<p dir=\"ltr\">Esperem que us agradi!<\/p>\n<div><strong>Emaze &#8211; Museu Virtual<\/strong>-: <a href=\"https:\/\/www.emaze.com\/@AOTQICOQR\/camps-de-concentraci\" target=\"_blank\" rel=\"noopener noreferrer\" data-saferedirecturl=\"https:\/\/www.google.com\/url?q=https:\/\/app.emaze.com\/mobile\/@aotqicoqr?tgjs%3D0%23\/22&amp;source=gmail&amp;ust=1622646724079000&amp;usg=AFQjCNENeeFXYPgVpxrXCKjeu6Oz0tRImw\">https:\/\/app.emaze.com\/mobile\/@aotqicoqr?tgjs=0#\/22<\/a><\/div>\n<div><\/div>\n<div><strong>Google Sites Camps de Concentraci\u00f3<\/strong>: <a href=\"https:\/\/sites.google.com\/a\/iesjoandaustria.org\/l-aula-de-socials\/portafolis-pels-alumnes\/1r-bat-hist%C3%B2ria-del-m%C3%B3n-contemporani\/u7-la-segona-guerra-mundial\">https:\/\/sites.google.com\/a\/iesjoandaustria.org\/l-aula-de-socials\/portafolis-pels-alumnes\/1r-bat-hist%C3%B2ria-del-m%C3%B3n-contemporani\/u7-la-segona-guerra-mundial<\/a><\/div>\n<div><\/div>\n<div><strong>Mapa camps de concentraci\u00f3:<\/strong> <a href=\"https:\/\/mhm.mobileworldcapital.com\/es\/escenari\/2483\/showedit#\" target=\"_blank\" rel=\"noopener noreferrer\" data-saferedirecturl=\"https:\/\/www.google.com\/url?q=https:\/\/mhm.mobileworldcapital.com\/es\/escenari\/2483\/showedit%23&amp;source=gmail&amp;ust=1622646724079000&amp;usg=AFQjCNF9L3BG0CoVEMoYCAPfDFp2uEayeA\">https:\/\/mhm.mobileworldcapital.com\/es\/escenari\/2483\/showedit#<\/a><\/div>\n","protected":false},"excerpt":{"rendered":"<p><a href=\"https:\/\/agora.xtec.cat\/insjoandaustria\/wp-content\/uploads\/usu216\/2021\/06\/IMG_9922-min-1.jpg\"><\/a><br \/>\nDespr\u00e9s d&#8217;haver estudiat els nacionalismes sorgits entre 1920 i 1933, i haver vist el transcurs de la Segona Guerra Mundial, us presentem una activitat duta a terme pels alumnes de Primer de Batxillerat sobre l&#8217;Holocaust.<br \/>\nEl Museu virtual de l&#8217;Holocaust pret\u00e9n donar a con\u00e9ixer quins&hellip;  <a href=\"https:\/\/agora.xtec.cat\/insjoandaustria\/general\/museu-virtual-de-lholocaust\/\" title=\"Read Museu virtual de l&#8217;Holocaust\">Llegeix m\u00e9s\u00bb<\/a><\/p>\n","protected":false},"author":430,"featured_media":8235,"comment_status":"closed","ping_status":"closed","sticky":false,"template":"","format":"standard","meta":{"_bbp_topic_count":0,"_bbp_reply_count":0,"_bbp_total_topic_count":0,"_bbp_total_reply_count":0,"_bbp_voice_count":0,"_bbp_anonymous_reply_count":0,"_bbp_topic_count_hidden":0,"_bbp_reply_count_hidden":0,"_bbp_forum_subforum_count":0,"footnotes":""},"categories":[8,1,29,70],"tags":[],"class_list":["post-8234","post","type-post","status-publish","format-standard","has-post-thumbnail","hentry","category-batxillerat","category-general","category-portada","category-projectes"],"post_mailing_queue_ids":[],"_links":{"self":[{"href":"https:\/\/agora.xtec.cat\/insjoandaustria\/wp-json\/wp\/v2\/posts\/8234","targetHints":{"allow":["GET"]}}],"collection":[{"href":"https:\/\/agora.xtec.cat\/insjoandaustria\/wp-json\/wp\/v2\/posts"}],"about":[{"href":"https:\/\/agora.xtec.cat\/insjoandaustria\/wp-json\/wp\/v2\/types\/post"}],"author":[{"embeddable":true,"href":"https:\/\/agora.xtec.cat\/insjoandaustria\/wp-json\/wp\/v2\/users\/430"}],"replies":[{"embeddable":true,"href":"https:\/\/agora.xtec.cat\/insjoandaustria\/wp-json\/wp\/v2\/comments?post=8234"}],"version-history":[{"count":3,"href":"https:\/\/agora.xtec.cat\/insjoandaustria\/wp-json\/wp\/v2\/posts\/8234\/revisions"}],"predecessor-version":[{"id":8312,"href":"https:\/\/agora.xtec.cat\/insjoandaustria\/wp-json\/wp\/v2\/posts\/8234\/revisions\/8312"}],"wp:featuredmedia":[{"embeddable":true,"href":"https:\/\/agora.xtec.cat\/insjoandaustria\/wp-json\/wp\/v2\/media\/8235"}],"wp:attachment":[{"href":"https:\/\/agora.xtec.cat\/insjoandaustria\/wp-json\/wp\/v2\/media?parent=8234"}],"wp:term":[{"taxonomy":"category","embeddable":true,"href":"https:\/\/agora.xtec.cat\/insjoandaustria\/wp-json\/wp\/v2\/categories?post=8234"},{"taxonomy":"post_tag","embeddable":true,"href":"https:\/\/agora.xtec.cat\/insjoandaustria\/wp-json\/wp\/v2\/tags?post=8234"}],"curies":[{"name":"wp","href":"https:\/\/api.w.org\/{rel}","templated":true}]}}