{"id":8217,"date":"2021-05-25T17:24:49","date_gmt":"2021-05-25T15:24:49","guid":{"rendered":"http:\/\/agora.xtec.cat\/insjoandaustria\/?p=8217"},"modified":"2021-05-25T17:24:49","modified_gmt":"2021-05-25T15:24:49","slug":"nova-recomanacio-de-lectura-3","status":"publish","type":"post","link":"https:\/\/agora.xtec.cat\/insjoandaustria\/general\/nova-recomanacio-de-lectura-3\/","title":{"rendered":"NOVA RECOMANACI\u00d3 DE LECTURA"},"content":{"rendered":"<p>Bona tarda a tots i totes! \ud83d\ude00<\/p>\n<p>Avui us portem una nova recomanaci\u00f3 de lectura, aquest cop de misteri. Us presentem el llibre &#8220;L&#8217;amic imaginari&#8221; de l&#8217;autor Stephen Chbosky. Esperem que us animeu a llegir-ho i ens comenteu les vostres sensacions.<\/p>\n<p><a href=\"https:\/\/agora.xtec.cat\/insjoandaustria\/wp-content\/uploads\/usu216\/2021\/05\/Amigo-imaginario.jpg\"><img loading=\"lazy\" decoding=\"async\" class=\"aligncenter size-large wp-image-8218\" src=\"https:\/\/agora.xtec.cat\/insjoandaustria\/wp-content\/uploads\/usu216\/2021\/05\/Amigo-imaginario-1024x1024.jpg\" alt=\"\" width=\"1024\" height=\"1024\" srcset=\"https:\/\/agora.xtec.cat\/insjoandaustria\/wp-content\/uploads\/usu216\/2021\/05\/Amigo-imaginario-1024x1024.jpg 1024w, https:\/\/agora.xtec.cat\/insjoandaustria\/wp-content\/uploads\/usu216\/2021\/05\/Amigo-imaginario-150x150.jpg 150w, https:\/\/agora.xtec.cat\/insjoandaustria\/wp-content\/uploads\/usu216\/2021\/05\/Amigo-imaginario-300x300.jpg 300w, https:\/\/agora.xtec.cat\/insjoandaustria\/wp-content\/uploads\/usu216\/2021\/05\/Amigo-imaginario-768x768.jpg 768w, https:\/\/agora.xtec.cat\/insjoandaustria\/wp-content\/uploads\/usu216\/2021\/05\/Amigo-imaginario.jpg 1080w\" sizes=\"auto, (max-width: 1024px) 100vw, 1024px\" \/><\/a><\/p>\n<p><strong>Resum<\/strong><\/p>\n<ul>\n<li><span style=\"font-weight: 400;\">En Christopher t\u00e9 7 anys. En Christopher \u00e9s nou a l\u2019escola. En Christopher t\u00e9 un amic imaginari.<\/span><\/li>\n<li><span style=\"font-weight: 400;\">La Kate \u00e9s una mare soltera que est\u00e0 fugint d\u2019una relaci\u00f3 conflictiva. Disposada a comen\u00e7ar de zero, s\u2019instala junt amb el seu fill en Christopher en Mill Grove, una petita i unida comunitat a\u00efllada de la resta del m\u00f3n. A primera vista, un amagatall perfecte. Per\u00f2 al cap de poc temps d\u2019instal\u00b7lar-se en Christopher desapareix durant 6 llargs dies de recerques interminables fins que el troben al bosc a les afores del poble. No est\u00e0 ferit, per\u00f2 alguna cosa ha canviat en el seu interior. Una veu al seu cap li encarrega una missi\u00f3 que nom\u00e9s ell pot dur a terme amb \u00e8xit: ha de construir una casa en un arbre del bosc o alguna cosa terrible li succeir\u00e0 a la seva mare i a tots els habitants de Mill Grove.\u00a0<\/span><\/li>\n<\/ul>\n<p>&nbsp;<\/p>\n<p><strong>Resumen<\/strong><\/p>\n<ul>\n<li><span style=\"font-weight: 400;\">Christopher tiene siete a\u00f1os.Christopher es nuevo en la escuela. Christopher tiene un amigo imaginario.<\/span><\/li>\n<li><span style=\"font-weight: 400;\">Kate es una madre soltera que est\u00e1 huyendo de una relaci\u00f3n conflictiva. Dispuesta a empezar de cero, se instala junto a su hijo Christopher en Mill Grove, una peque\u00f1a y unida comunidad alejada del resto del mundo. A primera vista, un escondite perfecto. Pero al poco tiempo de instalarse, Christopher desaparece durante seis largos d\u00edas de b\u00fasquedas interminables hasta que lo encuentran en el bosque a las afueras del pueblo. No est\u00e1 herido, pero algo ha cambiado en su interior. Una voz en su cabeza le encarga una misi\u00f3n que s\u00f3lo \u00e9l puede llevar a cabo con \u00e9xito: debe construir una casa en un \u00e1rbol del bosque o algo terrible les suceder\u00e1 a su madre y a todos los habitantes de Mill Grove.<\/span><\/li>\n<\/ul>\n<p>D&#8217;altra banda, vol\u00edem proposar-vos un dia de trobada a la biblioteca (dimecres o dijous) de 17:00 a 18:00h per parlar sobre lectures que us vingui de gust comentar.\u00a0 Que us sembla? Us llegim! \ud83e\udd17<\/p>\n<p>No us oblideu de seguir-nos al nostre instagram! @bibliojda<\/p>\n<ul>\n<li style=\"list-style-type: none;\"><\/li>\n<\/ul>\n","protected":false},"excerpt":{"rendered":"<p>Bona tarda a tots i totes! \ud83d\ude00<br \/>\nAvui us portem una nova recomanaci\u00f3 de lectura, aquest cop de misteri. Us presentem el llibre &#8220;L&#8217;amic imaginari&#8221; de l&#8217;autor Stephen Chbosky. Esperem que us animeu a llegir-ho i ens comenteu les vostres sensacions.<br \/>\n<a href=\"https:\/\/agora.xtec.cat\/insjoandaustria\/wp-content\/uploads\/usu216\/2021\/05\/Amigo-imaginario.jpg\"><\/a><br \/>\nResum<\/p>\n<ul>\n<li>En Christopher t\u00e9 7 anys.&hellip;  <a href=\"https:\/\/agora.xtec.cat\/insjoandaustria\/general\/nova-recomanacio-de-lectura-3\/\" title=\"Read NOVA RECOMANACI\u00d3 DE LECTURA\">Llegeix m\u00e9s\u00bb<\/a><br \/>\n","protected":false},"author":360,"featured_media":8218,"comment_status":"closed","ping_status":"closed","sticky":false,"template":"","format":"standard","meta":{"_bbp_topic_count":0,"_bbp_reply_count":0,"_bbp_total_topic_count":0,"_bbp_total_reply_count":0,"_bbp_voice_count":0,"_bbp_anonymous_reply_count":0,"_bbp_topic_count_hidden":0,"_bbp_reply_count_hidden":0,"_bbp_forum_subforum_count":0,"footnotes":""},"categories":[302,3,1,29],"tags":[],"class_list":["post-8217","post","type-post","status-publish","format-standard","has-post-thumbnail","hentry","category-biblioteca","category-eso","category-general","category-portada"],"post_mailing_queue_ids":[],"_links":{"self":[{"href":"https:\/\/agora.xtec.cat\/insjoandaustria\/wp-json\/wp\/v2\/posts\/8217","targetHints":{"allow":["GET"]}}],"collection":[{"href":"https:\/\/agora.xtec.cat\/insjoandaustria\/wp-json\/wp\/v2\/posts"}],"about":[{"href":"https:\/\/agora.xtec.cat\/insjoandaustria\/wp-json\/wp\/v2\/types\/post"}],"author":[{"embeddable":true,"href":"https:\/\/agora.xtec.cat\/insjoandaustria\/wp-json\/wp\/v2\/users\/360"}],"replies":[{"embeddable":true,"href":"https:\/\/agora.xtec.cat\/insjoandaustria\/wp-json\/wp\/v2\/comments?post=8217"}],"version-history":[{"count":1,"href":"https:\/\/agora.xtec.cat\/insjoandaustria\/wp-json\/wp\/v2\/posts\/8217\/revisions"}],"predecessor-version":[{"id":8219,"href":"https:\/\/agora.xtec.cat\/insjoandaustria\/wp-json\/wp\/v2\/posts\/8217\/revisions\/8219"}],"wp:featuredmedia":[{"embeddable":true,"href":"https:\/\/agora.xtec.cat\/insjoandaustria\/wp-json\/wp\/v2\/media\/8218"}],"wp:attachment":[{"href":"https:\/\/agora.xtec.cat\/insjoandaustria\/wp-json\/wp\/v2\/media?parent=8217"}],"wp:term":[{"taxonomy":"category","embeddable":true,"href":"https:\/\/agora.xtec.cat\/insjoandaustria\/wp-json\/wp\/v2\/categories?post=8217"},{"taxonomy":"post_tag","embeddable":true,"href":"https:\/\/agora.xtec.cat\/insjoandaustria\/wp-json\/wp\/v2\/tags?post=8217"}],"curies":[{"name":"wp","href":"https:\/\/api.w.org\/{rel}","templated":true}]}}