{"id":8214,"date":"2021-05-18T17:25:54","date_gmt":"2021-05-18T15:25:54","guid":{"rendered":"http:\/\/agora.xtec.cat\/insjoandaustria\/?p=8214"},"modified":"2021-05-18T17:25:54","modified_gmt":"2021-05-18T15:25:54","slug":"nova-recomanacio-de-lectura-2","status":"publish","type":"post","link":"https:\/\/agora.xtec.cat\/insjoandaustria\/general\/nova-recomanacio-de-lectura-2\/","title":{"rendered":"NOVA RECOMANACI\u00d3 DE LECTURA"},"content":{"rendered":"<p>Bona tarda a tots i totes!\ud83e\udd17<\/p>\n<p>Aquesta setmana us portem una nova recomanaci\u00f3 de lectura que segurament molts coneixereu, ja que \u00e9s una lectura obligat\u00f2ria pels alumnes de 2n d&#8217;ESO. El libre s&#8217;anomena: &#8220;<strong>Tina Franken<\/strong>s&#8221; i \u00e9s de l&#8217;autora <em>Bel Olid<\/em>.<\/p>\n<p><a href=\"https:\/\/agora.xtec.cat\/insjoandaustria\/wp-content\/uploads\/usu216\/2021\/05\/Tina-Frankens.jpg\"><img loading=\"lazy\" decoding=\"async\" class=\"aligncenter size-large wp-image-8215\" src=\"https:\/\/agora.xtec.cat\/insjoandaustria\/wp-content\/uploads\/usu216\/2021\/05\/Tina-Frankens-1024x1024.jpg\" alt=\"\" width=\"1024\" height=\"1024\" srcset=\"https:\/\/agora.xtec.cat\/insjoandaustria\/wp-content\/uploads\/usu216\/2021\/05\/Tina-Frankens-1024x1024.jpg 1024w, https:\/\/agora.xtec.cat\/insjoandaustria\/wp-content\/uploads\/usu216\/2021\/05\/Tina-Frankens-150x150.jpg 150w, https:\/\/agora.xtec.cat\/insjoandaustria\/wp-content\/uploads\/usu216\/2021\/05\/Tina-Frankens-300x300.jpg 300w, https:\/\/agora.xtec.cat\/insjoandaustria\/wp-content\/uploads\/usu216\/2021\/05\/Tina-Frankens-768x768.jpg 768w, https:\/\/agora.xtec.cat\/insjoandaustria\/wp-content\/uploads\/usu216\/2021\/05\/Tina-Frankens.jpg 1080w\" sizes=\"auto, (max-width: 1024px) 100vw, 1024px\" \/><\/a><\/p>\n<p>&nbsp;<\/p>\n<p><strong>Resum<\/strong>:<\/p>\n<ul>\n<li style=\"font-weight: 400;\" aria-level=\"3\"><span style=\"font-weight: 400;\">Imagina\u2019t que et despertes i tens el cos ple de cicatrius.<\/span><\/li>\n<li style=\"font-weight: 400;\" aria-level=\"3\"><span style=\"font-weight: 400;\">Imagina\u2019t que no recordes qui ets.<\/span><\/li>\n<li style=\"font-weight: 400;\" aria-level=\"3\"><span style=\"font-weight: 400;\">Imagina\u2019t que hi ha una dona que et cuida i t\u2019inquieta.<\/span><\/li>\n<li style=\"font-weight: 400;\" aria-level=\"3\"><span style=\"font-weight: 400;\">Imagina\u2019t que trobes una amistat inesperada.<\/span><\/li>\n<li style=\"font-weight: 400;\" aria-level=\"3\"><span style=\"font-weight: 400;\">Imagina\u2019t que et llances de cap a l\u2019aventura de descobrir-te, de descobrir la vida que se t\u2019obre al davant.\u00a0<\/span><\/li>\n<li style=\"font-weight: 400;\" aria-level=\"3\"><span style=\"font-weight: 400;\">Imagina\u2019t que el conte m\u00e9s terror\u00edfic el duus escrit a la pell.\u00a0<\/span><\/li>\n<\/ul>\n<p>&nbsp;<\/p>\n<p><strong>Resumen<\/strong><\/p>\n<ul>\n<li><span style=\"font-weight: 400;\">Imagina que te despiertas y tienes el cuerpo lleno de cicatrices<\/span><\/li>\n<li><span style=\"font-weight: 400;\">Imagina que no recuerdas quien eres<\/span><\/li>\n<li><span style=\"font-weight: 400;\">Imagina que hay una mujer que te cuida y te inquieta.<\/span><\/li>\n<li><span style=\"font-weight: 400;\">Imagina que encuentras una amistad inesperada.<\/span><\/li>\n<li><span style=\"font-weight: 400;\">Imagina que te lanzas de cabeza a la aventura de descubrirte, de descubrir la vida que se te abre delante.<\/span><\/li>\n<li><span style=\"font-weight: 400;\">Imagina que el cuento m\u00e1s terror\u00edfico lo llevas escrito en la piel.<\/span><\/li>\n<li style=\"list-style-type: none;\"><\/li>\n<\/ul>\n<p>Esperem que gaudiu de la lectura i no dubteu en compartir-ho amb nosaltres.\ud83d\ude0a<\/p>\n<p>Tamb\u00e9 podeu seguir-nos al nostre instagram @bibliojda<\/p>\n","protected":false},"excerpt":{"rendered":"<p>Bona tarda a tots i totes!\ud83e\udd17<br \/>\nAquesta setmana us portem una nova recomanaci\u00f3 de lectura que segurament molts coneixereu, ja que \u00e9s una lectura obligat\u00f2ria pels alumnes de 2n d&#8217;ESO. El libre s&#8217;anomena: &#8220;Tina Frankens&#8221; i \u00e9s de l&#8217;autora Bel Olid.<br \/>\n<a href=\"https:\/\/agora.xtec.cat\/insjoandaustria\/wp-content\/uploads\/usu216\/2021\/05\/Tina-Frankens.jpg\"><\/a><br \/>\n&nbsp;<br \/>\nResum:<\/p>\n<ul>\n<li style=\"font-weight: 400;\" aria-level=\"3\">Imagina\u2019t que&hellip;  <a href=\"https:\/\/agora.xtec.cat\/insjoandaustria\/general\/nova-recomanacio-de-lectura-2\/\" title=\"Read NOVA RECOMANACI\u00d3 DE LECTURA\">Llegeix m\u00e9s\u00bb<\/a><br \/>\n","protected":false},"author":360,"featured_media":8215,"comment_status":"closed","ping_status":"closed","sticky":false,"template":"","format":"standard","meta":{"_bbp_topic_count":0,"_bbp_reply_count":0,"_bbp_total_topic_count":0,"_bbp_total_reply_count":0,"_bbp_voice_count":0,"_bbp_anonymous_reply_count":0,"_bbp_topic_count_hidden":0,"_bbp_reply_count_hidden":0,"_bbp_forum_subforum_count":0,"footnotes":""},"categories":[302,3,4,5,6,7,1,29],"tags":[],"class_list":["post-8214","post","type-post","status-publish","format-standard","has-post-thumbnail","hentry","category-biblioteca","category-eso","category-eso-1","category-eso-2","category-eso-3","category-eso-4","category-general","category-portada"],"post_mailing_queue_ids":[],"_links":{"self":[{"href":"https:\/\/agora.xtec.cat\/insjoandaustria\/wp-json\/wp\/v2\/posts\/8214","targetHints":{"allow":["GET"]}}],"collection":[{"href":"https:\/\/agora.xtec.cat\/insjoandaustria\/wp-json\/wp\/v2\/posts"}],"about":[{"href":"https:\/\/agora.xtec.cat\/insjoandaustria\/wp-json\/wp\/v2\/types\/post"}],"author":[{"embeddable":true,"href":"https:\/\/agora.xtec.cat\/insjoandaustria\/wp-json\/wp\/v2\/users\/360"}],"replies":[{"embeddable":true,"href":"https:\/\/agora.xtec.cat\/insjoandaustria\/wp-json\/wp\/v2\/comments?post=8214"}],"version-history":[{"count":1,"href":"https:\/\/agora.xtec.cat\/insjoandaustria\/wp-json\/wp\/v2\/posts\/8214\/revisions"}],"predecessor-version":[{"id":8216,"href":"https:\/\/agora.xtec.cat\/insjoandaustria\/wp-json\/wp\/v2\/posts\/8214\/revisions\/8216"}],"wp:featuredmedia":[{"embeddable":true,"href":"https:\/\/agora.xtec.cat\/insjoandaustria\/wp-json\/wp\/v2\/media\/8215"}],"wp:attachment":[{"href":"https:\/\/agora.xtec.cat\/insjoandaustria\/wp-json\/wp\/v2\/media?parent=8214"}],"wp:term":[{"taxonomy":"category","embeddable":true,"href":"https:\/\/agora.xtec.cat\/insjoandaustria\/wp-json\/wp\/v2\/categories?post=8214"},{"taxonomy":"post_tag","embeddable":true,"href":"https:\/\/agora.xtec.cat\/insjoandaustria\/wp-json\/wp\/v2\/tags?post=8214"}],"curies":[{"name":"wp","href":"https:\/\/api.w.org\/{rel}","templated":true}]}}