{"id":8199,"date":"2021-04-27T17:37:44","date_gmt":"2021-04-27T15:37:44","guid":{"rendered":"http:\/\/agora.xtec.cat\/insjoandaustria\/?p=8199"},"modified":"2021-04-27T17:37:44","modified_gmt":"2021-04-27T15:37:44","slug":"nova-recomanacio-de-lectura","status":"publish","type":"post","link":"https:\/\/agora.xtec.cat\/insjoandaustria\/general\/nova-recomanacio-de-lectura\/","title":{"rendered":"NOVA RECOMANACI\u00d3 DE LECTURA"},"content":{"rendered":"<p>Bona tarda a tots i a totes! \ud83d\ude0a<\/p>\n<p>Esperem que la setmana estigui comen\u00e7ant amb bon peu i que Sant Jordi \ud83c\udf39 hagi estat un dia molt especial per vosaltres!<\/p>\n<p>Avui volem recomanar-vos un dels llibres m\u00e9s sol\u00b7licitats aquest passat 23 d&#8217;abril: <strong>EL CAMPAMENT<\/strong> de l&#8217;autor &#8220;<em>Blue Jeans<\/em>&#8220;.<\/p>\n<p><a href=\"https:\/\/agora.xtec.cat\/insjoandaustria\/wp-content\/uploads\/usu216\/2021\/04\/El-campamento.jpg\"><img loading=\"lazy\" decoding=\"async\" class=\"aligncenter size-large wp-image-8200\" src=\"https:\/\/agora.xtec.cat\/insjoandaustria\/wp-content\/uploads\/usu216\/2021\/04\/El-campamento-1024x1024.jpg\" alt=\"\" width=\"1024\" height=\"1024\" srcset=\"https:\/\/agora.xtec.cat\/insjoandaustria\/wp-content\/uploads\/usu216\/2021\/04\/El-campamento-1024x1024.jpg 1024w, https:\/\/agora.xtec.cat\/insjoandaustria\/wp-content\/uploads\/usu216\/2021\/04\/El-campamento-150x150.jpg 150w, https:\/\/agora.xtec.cat\/insjoandaustria\/wp-content\/uploads\/usu216\/2021\/04\/El-campamento-300x300.jpg 300w, https:\/\/agora.xtec.cat\/insjoandaustria\/wp-content\/uploads\/usu216\/2021\/04\/El-campamento-768x768.jpg 768w, https:\/\/agora.xtec.cat\/insjoandaustria\/wp-content\/uploads\/usu216\/2021\/04\/El-campamento.jpg 1080w\" sizes=\"auto, (max-width: 1024px) 100vw, 1024px\" \/><\/a><\/p>\n<p><strong>Resum<\/strong><\/p>\n<p><span style=\"font-weight: 400;\">Deu dels joves m\u00e9s prometedors del pa\u00eds, menors de 23 anys, han estat convidats a un campament molt especial als Pirineus. El precursor d\u2019aquesta idea \u00e9s Fernando Godoy, un dels homes m\u00e9s rics d\u2019Espanya, que busca algun jove que l\u2019ajudi a donar una nova imatge al seu imperi i que en un futur ocupi el seu lloc. En aquell id\u00edl\u00b7lic paisatge rebran formaci\u00f3 i seran preparats per convertir-se en la m\u00e0 dreta del milionari. Per\u00f2 nom\u00e9s un podr\u00e0 aconseguir-ho.\u00a0<\/span><\/p>\n<p><span style=\"font-weight: 400;\">Una best-seller de novel\u00b7la juvenil, una atrevida instagramer, un cantant pop de moda, un exit\u00f3s atleta, un estudiant de criminologia brillant, una influencer amb marca pr\u00f2pia, la creadora d\u2019una app per a frikis, un dels gamers del moment, un noi que promulga la paraula de D\u00e9u d\u2019una manera peculiar i una coneguda actriu s\u00f3n els candidats finals.\u00a0<\/span><\/p>\n<p><span style=\"font-weight: 400;\">Nom\u00e9s tindran un h\u00e1ndicap per estar all\u00e0: res de m\u00f2bils ni comunicaci\u00f3 amb l\u2019exterior. Les coses van segons el previst i els joves gaudeixen de l\u2019experi\u00e8ncia fins que el segons divendres de conviv\u00e8ncia els coordinadors del grup desapareixen i un dels nois mor en estranyes circumst\u00e0ncies. A partir d\u2019aquest instant tot canviar\u00e0 i els esdeveniments inesperat aniran succeint.\u00a0<\/span><\/p>\n<p>&nbsp;<\/p>\n<p><strong>Resumen<\/strong><\/p>\n<p><span style=\"font-weight: 400;\">Diez de los chicos m\u00e1s prometedores del pa\u00eds, menores de 23 a\u00f1os, han sido invitados a un campamento muy especial en los Pirineos. El precursor de esta idea es Fernando Godoy, uno de los hombres m\u00e1s ricos de Espa\u00f1a, que busca a alguien joven que le ayude a dar una nueva imagen a su imperio y que en el futuro ocupe su lugar. En aquel id\u00edlico paraje, recibir\u00e1n formaci\u00f3n y ser\u00e1n preparados para convertirse en la mano derecha del millonario. Pero solo uno podr\u00e1 conseguirlo.<\/span><\/p>\n<p><span style=\"font-weight: 400;\"> Una bestseller de novela juvenil, una atrevida instagramer, un cantante pop de moda, un exitoso atleta, un estudiante de criminolog\u00eda brillante, una influencer con marca propia, la creadora de una app para frikis, uno de los gamers del momento, un chico que promulga la palabra de Dios de una manera peculiar y una conocida actriz son los candidatos finales. <\/span><\/p>\n<p><span style=\"font-weight: 400;\">Solo tendr\u00e1n un h\u00e1ndicap para <\/span><span style=\"font-weight: 400;\">estar all\u00ed: nada de m\u00f3viles ni comunicaci\u00f3n con el exterior. Las cosas marchan seg\u00fan lo previsto y los j\u00f3venes disfrutan de aquella experiencia hasta que en el segundo viernes de convivencia los coordinadores del grupo desaparecen y uno de los chicos muere en extra\u00f1as circunstancias. A partir de ese instante todo cambiar\u00e1 y los acontecimientos inesperados se ir\u00e1n sucediendo.<\/span><\/p>\n<p>&nbsp;<\/p>\n<p>Us animem a que el llegiu i ens expliqueu que us ha semblat.<\/p>\n<p>No us oblideu de seguir-nos al nostre instagram! <strong>@bibliojda\u00a0<\/strong><\/p>\n","protected":false},"excerpt":{"rendered":"<p>Bona tarda a tots i a totes! \ud83d\ude0a<br \/>\nEsperem que la setmana estigui comen\u00e7ant amb bon peu i que Sant Jordi \ud83c\udf39 hagi estat un dia molt especial per vosaltres!<br \/>\nAvui volem recomanar-vos un dels llibres m\u00e9s sol\u00b7licitats aquest passat 23 d&#8217;abril: EL CAMPAMENT de l&#8217;autor &#8220;Blue&hellip;  <a href=\"https:\/\/agora.xtec.cat\/insjoandaustria\/general\/nova-recomanacio-de-lectura\/\" title=\"Read NOVA RECOMANACI\u00d3 DE LECTURA\">Llegeix m\u00e9s\u00bb<\/a><\/p>\n","protected":false},"author":360,"featured_media":8200,"comment_status":"closed","ping_status":"closed","sticky":false,"template":"","format":"standard","meta":{"_bbp_topic_count":0,"_bbp_reply_count":0,"_bbp_total_topic_count":0,"_bbp_total_reply_count":0,"_bbp_voice_count":0,"_bbp_anonymous_reply_count":0,"_bbp_topic_count_hidden":0,"_bbp_reply_count_hidden":0,"_bbp_forum_subforum_count":0,"footnotes":""},"categories":[302,3,1,29],"tags":[],"class_list":["post-8199","post","type-post","status-publish","format-standard","has-post-thumbnail","hentry","category-biblioteca","category-eso","category-general","category-portada"],"post_mailing_queue_ids":[],"_links":{"self":[{"href":"https:\/\/agora.xtec.cat\/insjoandaustria\/wp-json\/wp\/v2\/posts\/8199","targetHints":{"allow":["GET"]}}],"collection":[{"href":"https:\/\/agora.xtec.cat\/insjoandaustria\/wp-json\/wp\/v2\/posts"}],"about":[{"href":"https:\/\/agora.xtec.cat\/insjoandaustria\/wp-json\/wp\/v2\/types\/post"}],"author":[{"embeddable":true,"href":"https:\/\/agora.xtec.cat\/insjoandaustria\/wp-json\/wp\/v2\/users\/360"}],"replies":[{"embeddable":true,"href":"https:\/\/agora.xtec.cat\/insjoandaustria\/wp-json\/wp\/v2\/comments?post=8199"}],"version-history":[{"count":1,"href":"https:\/\/agora.xtec.cat\/insjoandaustria\/wp-json\/wp\/v2\/posts\/8199\/revisions"}],"predecessor-version":[{"id":8201,"href":"https:\/\/agora.xtec.cat\/insjoandaustria\/wp-json\/wp\/v2\/posts\/8199\/revisions\/8201"}],"wp:featuredmedia":[{"embeddable":true,"href":"https:\/\/agora.xtec.cat\/insjoandaustria\/wp-json\/wp\/v2\/media\/8200"}],"wp:attachment":[{"href":"https:\/\/agora.xtec.cat\/insjoandaustria\/wp-json\/wp\/v2\/media?parent=8199"}],"wp:term":[{"taxonomy":"category","embeddable":true,"href":"https:\/\/agora.xtec.cat\/insjoandaustria\/wp-json\/wp\/v2\/categories?post=8199"},{"taxonomy":"post_tag","embeddable":true,"href":"https:\/\/agora.xtec.cat\/insjoandaustria\/wp-json\/wp\/v2\/tags?post=8199"}],"curies":[{"name":"wp","href":"https:\/\/api.w.org\/{rel}","templated":true}]}}