{"id":8197,"date":"2021-04-22T19:52:10","date_gmt":"2021-04-22T17:52:10","guid":{"rendered":"http:\/\/agora.xtec.cat\/insjoandaustria\/?p=8197"},"modified":"2021-07-09T12:54:25","modified_gmt":"2021-07-09T10:54:25","slug":"moltissimes-gracies-paco","status":"publish","type":"post","link":"https:\/\/agora.xtec.cat\/insjoandaustria\/general\/moltissimes-gracies-paco\/","title":{"rendered":"Molt\u00edssimes gr\u00e0cies, Paco!!!"},"content":{"rendered":"<p><span style=\"font-weight: 400;\">Molt\u00edssimes gr\u00e0cies, Paco, per haver compartit amb nosaltres tots aquests darrers anys que has dedicat a l\u2019educaci\u00f3 dels nostres joves. El teu pas per aquest centre ha deixat una empremta inesborrable. Han estat anys intensos, dif\u00edcils, durs, de moments bons i dolents i etapes en les quals sempre hem pogut comptar amb el teu ajut.<\/span><\/p>\n<p><span style=\"font-weight: 400;\">No t\u2019agradava ser el centre d\u2019atenci\u00f3, ni que les persones que t\u2019envoltaven estiguessin tenses, enfadades o se sentissin malament. La teva manera de ser era tot un exemple per tots nosaltres. Sempre evitaves les mirades negatives, mai potenciaves els conflictes i molt tensa havia de ser la situaci\u00f3 per treure\u2019t una expressi\u00f3 incorrecta. Que dif\u00edcil era esborrar-te el somriure de la cara!!!<\/span><\/p>\n<p><span style=\"font-weight: 400;\">La teva empremta ha calat en el fons de tots nosaltres: companys, amics, alumnat i fam\u00edlies. Crec que aix\u00f2 reflecteix la teva professionalitat, la passi\u00f3 que senties envers l\u2019educaci\u00f3 dels nois i noies, sempre intentant treure el millor d\u2019ells i d\u2019elles.\u00a0\u00a0\u00a0<\/span><\/p>\n<p><span style=\"font-weight: 400;\">Aquesta malaltia, dura, de r\u00e0pida evoluci\u00f3 ha fet que marxessis molt abans del qu\u00e8 haur\u00edem pogut preveure. Avui tot just fa una setmana de la teva p\u00e8rdua. Una setmana que a tots plegats ens ha fet replantejar molts aspectes de la nostra vida. Amb tu hem perdut un gran boc\u00ed de nosaltres mateixos, un tros de nosaltres que t\u2019acompanyar\u00e0 all\u00e0 on estiguis<\/span><\/p>\n<p><span style=\"font-weight: 400;\">Encara que totes les persones que et coneix\u00edem sab\u00edem qu\u00e8 pensaves al respecte, si realment hi ha un \u201ccel\u201d de ben segur que ara mateix hi ets. Siguis on siguis segur que estar\u00e0s ben acollit.<\/span><\/p>\n<p><span style=\"font-weight: 400;\">Dem\u00e0, a la Diada de Sant Jordi, et reservarem la teva rosa tal com hem fet els darrers anys que has passat en aquest Institut; fica-la dins d\u2019un bon llibre i descansa.<\/span><\/p>\n<p><span style=\"font-weight: 400;\">See you later!!!\u00a0<\/span><\/p>\n","protected":false},"excerpt":{"rendered":"<p>Molt\u00edssimes gr\u00e0cies, Paco, per haver compartit amb nosaltres tots aquests darrers anys que has dedicat a l\u2019educaci\u00f3 dels nostres joves. El teu pas per aquest centre ha deixat una empremta inesborrable. Han estat anys intensos, dif\u00edcils, durs, de moments bons i dolents i etapes en&hellip;  <a href=\"https:\/\/agora.xtec.cat\/insjoandaustria\/general\/moltissimes-gracies-paco\/\" title=\"Read Molt\u00edssimes gr\u00e0cies, Paco!!!\">Llegeix m\u00e9s\u00bb<\/a><\/p>\n","protected":false},"author":270,"featured_media":0,"comment_status":"closed","ping_status":"closed","sticky":false,"template":"","format":"standard","meta":{"_bbp_topic_count":0,"_bbp_reply_count":0,"_bbp_total_topic_count":0,"_bbp_total_reply_count":0,"_bbp_voice_count":0,"_bbp_anonymous_reply_count":0,"_bbp_topic_count_hidden":0,"_bbp_reply_count_hidden":0,"_bbp_forum_subforum_count":0,"footnotes":""},"categories":[1,29],"tags":[],"class_list":["post-8197","post","type-post","status-publish","format-standard","hentry","category-general","category-portada"],"post_mailing_queue_ids":[],"_links":{"self":[{"href":"https:\/\/agora.xtec.cat\/insjoandaustria\/wp-json\/wp\/v2\/posts\/8197","targetHints":{"allow":["GET"]}}],"collection":[{"href":"https:\/\/agora.xtec.cat\/insjoandaustria\/wp-json\/wp\/v2\/posts"}],"about":[{"href":"https:\/\/agora.xtec.cat\/insjoandaustria\/wp-json\/wp\/v2\/types\/post"}],"author":[{"embeddable":true,"href":"https:\/\/agora.xtec.cat\/insjoandaustria\/wp-json\/wp\/v2\/users\/270"}],"replies":[{"embeddable":true,"href":"https:\/\/agora.xtec.cat\/insjoandaustria\/wp-json\/wp\/v2\/comments?post=8197"}],"version-history":[{"count":1,"href":"https:\/\/agora.xtec.cat\/insjoandaustria\/wp-json\/wp\/v2\/posts\/8197\/revisions"}],"predecessor-version":[{"id":8198,"href":"https:\/\/agora.xtec.cat\/insjoandaustria\/wp-json\/wp\/v2\/posts\/8197\/revisions\/8198"}],"wp:attachment":[{"href":"https:\/\/agora.xtec.cat\/insjoandaustria\/wp-json\/wp\/v2\/media?parent=8197"}],"wp:term":[{"taxonomy":"category","embeddable":true,"href":"https:\/\/agora.xtec.cat\/insjoandaustria\/wp-json\/wp\/v2\/categories?post=8197"},{"taxonomy":"post_tag","embeddable":true,"href":"https:\/\/agora.xtec.cat\/insjoandaustria\/wp-json\/wp\/v2\/tags?post=8197"}],"curies":[{"name":"wp","href":"https:\/\/api.w.org\/{rel}","templated":true}]}}